{"id":649428,"date":"2025-04-08T22:13:15","date_gmt":"2025-04-08T20:13:15","guid":{"rendered":"https:\/\/dailynewshungary.com\/it\/le-principali-notizie-sullungheria-von-der-leyen-su-poster-negativo-guerra-tariffaria-will-smith-e-jlo-a-budapest-fmd-inflazione-e-deficit-8-aprile-2025\/"},"modified":"2025-04-08T22:13:15","modified_gmt":"2025-04-08T20:13:15","slug":"le-principali-notizie-sullungheria-von-der-leyen-su-poster-negativo-guerra-tariffaria-will-smith-e-jlo-a-budapest-fmd-inflazione-e-deficit-8-aprile-2025","status":"publish","type":"post","link":"https:\/\/dailynewshungary.com\/it\/le-principali-notizie-sullungheria-von-der-leyen-su-poster-negativo-guerra-tariffaria-will-smith-e-jlo-a-budapest-fmd-inflazione-e-deficit-8-aprile-2025\/","title":{"rendered":"Le principali notizie sull\u2019Ungheria: Von der Leyen su poster negativo, guerra tariffaria, Will Smith e JLo a Budapest, FMD, inflazione e deficit 8 aprile 2025"},"content":{"rendered":"<p><strong>Abbiamo raccolto le principali notizie sull&#8217;Ungheria di oggi:<\/strong><\/p>\n<h2 class=\"wp-block-heading\">Notizie in primo piano<\/h2>\n<p>Von der Ley riappare nella campagna di poster negativi di Orb\u00e1n (Zelensky e Weber hanno preso di mira anche (Zelensky) e Weber (Weber) <a href=\"https:\/\/dailynewshungary.com\/it\/von-der-leyen-riappare-nella-campagna-di-poster-negativi-di-orban-cabinet-zelensky-e-weber-hanno-preso-di-mira-anche-zelenskyj-e-weber\/\">dettagli QUI<\/a><\/p>\n<p>Primo Ministro Orb\u00e1n: <a href=\"https:\/\/dailynewshungary.com\/it\/pm-orban-la-guerra-tariffaria-ue-usa-non-dissuadera-il-governo-dai-tagli-fiscali\/\">La guerra tariffaria UE-USA &#8220;non dissuader\u00e0&#8221; il governo dai tagli fiscali<\/a><\/p>\n<h2 class=\"wp-block-heading\">Superstar americane in Ungheria<\/h2>\n<p>Will Smith si esibir\u00e0 a Budapest quest&#8217;estate <a href=\"https:\/\/dailynewshungary.com\/it\/will-smith-si-esibira-a-budapest-questestate\/\">dettagli QUI<\/a><\/p>\n<p>La sensazione pop Jennifer Lopez si esibir\u00e0 a Budapest come parte del suo epico tour estivo <a href=\"https:\/\/dailynewshungary.com\/it\/la-sensazione-pop-jennifer-lopez-si-esibira-a-budapest-come-parte-del-suo-epico-tour-estivo\/\">dettagli QUI<\/a><\/p>\n<h2 class=\"wp-block-heading\">Afta epizootica in Ungheria<\/h2>\n<p>Ministro Nagy: Sforzi per contenere l&#8217;afta epizootica riusciti in Ungheria, nuovi punti di decontaminazione <a href=\"https:\/\/dailynewshungary.com\/it\/ministro-nagy-sforzi-per-contenere-lafta-epizootica-riusciti-in-ungheria-nuovi-punti-di-decontaminazione-video\/\">video<\/a><\/p>\n<p>Filmati scioccanti: liquido rosso che ribolle su bovini sepolti dopo l&#8217;epidemia di afta epizootica in Ungheria <a href=\"https:\/\/dailynewshungary.com\/it\/filmati-scioccanti-liquido-rosso-che-ribolle-da-bovini-sepolti-dopo-lepidemia-di-afta-epizootica-in-ungheria\/\">dettagli QUI<\/a><\/p>\n<h2 class=\"wp-block-heading\">Economia ungherese: notizie positive e negative<\/h2>\n<p>Ecco una sorpresa positiva: <a href=\"https:\/\/dailynewshungary.com\/it\/ecco-una-sorpresa-positiva-linflazione-in-ungheria-e-sulla-strada-giusta\/\">l&#8217;inflazione in Ungheria \u00e8 sulla strada giusta<\/a><\/p>\n<p>Piano economico ungherese un un, con deficit pubblico superiore al 60 per cento dopo tre mesi di fallimento (fallimento) <a href=\"https:\/\/dailynewshungary.com\/it\/piano-economico-ungherese-un-fallimento-con-deficit-pubblico-superiore-al-60-per-cento-dopo-tre-mesi\/\">dettagli QUI<\/a><\/p>\n<h2 class=\"wp-block-heading\">Affari<\/h2>\n<p>Vuoi acquistare una spiaggia e un lungomare sul lago Balaton? ora puoi (a) <a href=\"https:\/\/dailynewshungary.com\/it\/vuoi-acquistare-una-spiaggia-e-un-lungomare-sul-lago-balaton-ora-puoi\/\">dettagli e prezzi qui<\/a><\/p>\n<p>Il volto dietro il sistema di riconoscimento facciale dell&#8217;Ungheria: <a href=\"https:\/\/dailynewshungary.com\/it\/il-volto-dietro-il-sistema-di-riconoscimento-facciale-dellungheria-la-famiglia-di-orban\/\">La famiglia di Orb\u00e1n!<\/a><\/p>\n<p>Finalizzato il congelamento delle spese bancarie in Ungheria: <a href=\"https:\/\/dailynewshungary.com\/it\/finalizzato-il-congelamento-delle-spese-bancarie-in-ungheria-otp-bank-e-la-prima-a-ridurre-le-spese-al-dettaglio\/\">OTP Bank \u00e8 la prima a ridurre le spese di vendita al dettaglio<\/a><\/p>\n<h2 class=\"wp-block-heading\">Gastronomia<\/h2>\n<p><a href=\"https:\/\/dailynewshungary.com\/it\/5-ristoranti-popolari-a-budapest-che-valgono-lhype\/\">5 ristoranti popolari a Budapest che valgono l&#8217;hype!<\/a><\/p>\n","protected":false},"excerpt":{"rendered":"<p>Abbiamo raccolto le principali notizie sull&#8217;Ungheria di oggi: Notizie in primo piano Von der Ley riappare nella campagna di poster negativi di Orb\u00e1n (Zelensky e Weber hanno preso di mira anche (Zelensky) e Weber (Weber) dettagli QUI Primo Ministro Orb\u00e1n: La guerra tariffaria UE-USA &#8220;non dissuader\u00e0&#8221; il governo dai tagli fiscali Superstar americane in Ungheria [&hellip;]<\/p>\n","protected":false},"author":2,"featured_media":649429,"comment_status":"open","ping_status":"open","sticky":false,"template":"","format":"standard","meta":{"_display_image":"yes","footnotes":""},"categories":[1190],"tags":[1349,1069],"class_list":["post-649428","post","type-post","status-publish","format-standard","has-post-thumbnail","hentry","category-notizie-flash","tag-notizie-ungheria","tag-ungheria"],"blocksy_meta":[],"author_username":"alk","telegram_post":"","public_post_metadata":{"breaking_news":"yes","important":"no","csempe":"no","center_tile":"no","disable_thumbnail":"no","target_lang":"","_featured_image_style":"default","telegram_post":"","_xlat_group_id":""},"public_rank_math_data":{"title":"%titolo% %sep% %nomesito%","description":"","focus_keyword":"Ungheria notizie","canonical_url":"","robots":"","primary_category":"1190","breadcrumb_title":"","facebook_title":"","facebook_description":"","facebook_image":"","facebook_image_id":"","twitter_title":"","twitter_description":"","twitter_image":"","twitter_image_id":"","twitter_card_type":"","twitter_use_facebook":"","advanced_robots":"","pillar_content":"","seo_score":"66","contentai_score":"","rich_snippet":""},"_links":{"self":[{"href":"https:\/\/dailynewshungary.com\/it\/wp-json\/wp\/v2\/posts\/649428","targetHints":{"allow":["GET"]}}],"collection":[{"href":"https:\/\/dailynewshungary.com\/it\/wp-json\/wp\/v2\/posts"}],"about":[{"href":"https:\/\/dailynewshungary.com\/it\/wp-json\/wp\/v2\/types\/post"}],"author":[{"embeddable":true,"href":"https:\/\/dailynewshungary.com\/it\/wp-json\/wp\/v2\/users\/2"}],"replies":[{"embeddable":true,"href":"https:\/\/dailynewshungary.com\/it\/wp-json\/wp\/v2\/comments?post=649428"}],"version-history":[{"count":0,"href":"https:\/\/dailynewshungary.com\/it\/wp-json\/wp\/v2\/posts\/649428\/revisions"}],"wp:featuredmedia":[{"embeddable":true,"href":"https:\/\/dailynewshungary.com\/it\/wp-json\/wp\/v2\/media\/649429"}],"wp:attachment":[{"href":"https:\/\/dailynewshungary.com\/it\/wp-json\/wp\/v2\/media?parent=649428"}],"wp:term":[{"taxonomy":"category","embeddable":true,"href":"https:\/\/dailynewshungary.com\/it\/wp-json\/wp\/v2\/categories?post=649428"},{"taxonomy":"post_tag","embeddable":true,"href":"https:\/\/dailynewshungary.com\/it\/wp-json\/wp\/v2\/tags?post=649428"}],"curies":[{"name":"wp","href":"https:\/\/api.w.org\/{rel}","templated":true}]}}