{"id":649662,"date":"2025-04-01T22:14:54","date_gmt":"2025-04-01T20:14:54","guid":{"rendered":"https:\/\/dailynewshungary.com\/it\/top-ungheria-notizie-arriva-netanyahu-nuovo-cancelliere-tedesco-contro-il-veto-dellungheria-proteste-sui-ponti-violenza-fisica-il-partito-tibisco-1-aprile-25\/"},"modified":"2025-04-01T22:14:54","modified_gmt":"2025-04-01T20:14:54","slug":"top-ungheria-notizie-arriva-netanyahu-nuovo-cancelliere-tedesco-contro-il-veto-dellungheria-proteste-sui-ponti-violenza-fisica-il-partito-tibisco-1-aprile-25","status":"publish","type":"post","link":"https:\/\/dailynewshungary.com\/it\/top-ungheria-notizie-arriva-netanyahu-nuovo-cancelliere-tedesco-contro-il-veto-dellungheria-proteste-sui-ponti-violenza-fisica-il-partito-tibisco-1-aprile-25\/","title":{"rendered":"Top Ungheria notizie: arriva Netanyahu, nuovo cancelliere tedesco contro il veto dell\u2019Ungheria, proteste sui ponti, violenza fisica il partito Tibisco 1 aprile, 25"},"content":{"rendered":"<p><strong>Abbiamo raccolto le principali notizie sull&#8217;Ungheria di oggi: <\/strong><\/p>\n<h2 class=\"wp-block-heading\">Notizie in primo piano sull&#8217;Ungheria<\/h2>\n<p>Il veto dell&#8217;UE in Ungheria \u00e8 in pericolo: <a href=\"https:\/\/dailynewshungary.com\/it\/il-veto-dellungheria-sullue-sotto-minaccia-il-piano-segreto-della-germania-per-indebolire-linfluenza-dellungheria-nellue\/\">Il piano segreto della Germania per indebolire l&#8217;influenza dell&#8217;Ungheria nell&#8217;UE<\/a><\/p>\n<p>Visita di quattro giorni del Primo Ministro israeliano Netanyahu a Budapest: <a href=\"https:\/\/dailynewshungary.com\/it\/visita-di-quattro-giorni-del-primo-ministro-israeliano-netanyahu-a-budapest-importanti-restrizioni-al-traffico-mandato-darresto-della-cpi\/\">enormi restrizioni al traffico, mandato di arresto della CPI<\/a><\/p>\n<p>Un altro diritto di protesta assembleare in Ungheria, al grido (Fascist Orb\u00e1n,\u201c, vattene!\u201d <a href=\"https:\/\/dailynewshungary.com\/it\/un-altro-diritto-di-protesta-assembleare-in-ungheria-al-grido-fascist-orban-vattene-video\/\">VIDEO LIVE<\/a> <\/p>\n<p>L&#8217;afta epizootica si diffonde in Ungheria: <a href=\"https:\/\/dailynewshungary.com\/it\/lafta-epizootica-si-diffonde-in-ungheria-bestiame-e-fauna-selvatica-a-rischio-potenziale-aumento-dei-prezzi-alimentari\/\">Bestiame e fauna selvatica a rischio, potenziali aumenti dei prezzi alimentari<\/a><\/p>\n<p>Escalation attacchi politici fisici e verbali contro gli attivisti dell&#8217;opposizione ungherese del partito Tibisco (Tisza Party) <a href=\"https:\/\/dailynewshungary.com\/it\/escalation-attacchi-politici-fisici-e-verbali-contro-lopposizione-ungherese-attivisti-del-partito-tibisco-video\/\">dettagli e VIDEO<\/a><\/p>\n<h2 class=\"wp-block-heading\">Turismo<\/h2>\n<p><a href=\"https:\/\/dailynewshungary.com\/it\/da-oggi-i-bagni-termali-di-budapest-sono-a-meta-prezzo-ma-uno-dei-piu-popolari-e-la-chiusura\/\">Da oggi: i bagni termali di Budapest sono a met\u00e0 prezzo, ma uno dei pi\u00f9 popolari \u00e8 la chiusura<\/a><\/p>\n<p>Nuovi voli, importanti sviluppi e crescente traffico merci <a href=\"https:\/\/dailynewshungary.com\/it\/decolla-laeroporto-di-debrecen-nuovi-voli-grandi-sviluppi-e-crescente-traffico-merci\/\">Decolla l&#8217;aeroporto di Debrecen<\/a><\/p>\n<h2 class=\"wp-block-heading\">Politica<\/h2>\n<p><a href=\"https:\/\/dailynewshungary.com\/it\/serbia-e-ungheria-concordano-sul-rafforzamento-della-cooperazione-militare\/\">Serbia e Ungheria concordano sul rafforzamento della cooperazione militare<\/a><\/p>\n<p>La capacit\u00e0 dell&#8217;interconnettore gas Ungheria-Slovacchia ha potenziato la capacit\u00e0 dell&#8217;interconnettore gas <a href=\"https:\/\/dailynewshungary.com\/it\/aumentata-la-capacita-dellinterconnettore-del-gas-ungheria-slovacchia\/\">dettagli QUI<\/a><\/p>\n<h2 class=\"wp-block-heading\">Sport, cultura<\/h2>\n<p><a href=\"https:\/\/dailynewshungary.com\/it\/budapest-ospitera-il-turno-preliminare-del-campionato-mondiale-di-tango-di-buenos-aires-2025\/\">Budapest ospiter\u00e0 il turno preliminare del Campionato mondiale di tango di Buenos Aires 2025<\/a><\/p>\n<p>Pusk\u00e1s \u00e8 nato 98 anni fa: <a href=\"https:\/\/dailynewshungary.com\/it\/puskas-e-nato-98-anni-fa-il-leggendario-ungherese-che-ha-cambiato-il-calcio-per-sempre\/\">il leggendario ungherese che ha cambiato il calcio per sempre<\/a><\/p>\n<p>\u00c8 possibile? Il team di sport motoristici pi\u00f9 noto dell&#8217;Ungheria punta gli occhi sulla Formula 1 (Hungherese) <a href=\"https:\/\/dailynewshungary.com\/it\/e-possibile-il-team-motorsport-piu-noto-dellungheria-punta-gli-occhi-sulla-formula-1\/\">dettagli QUI<\/a><\/p>\n","protected":false},"excerpt":{"rendered":"<p>Abbiamo raccolto le principali notizie sull&#8217;Ungheria di oggi: Notizie in primo piano sull&#8217;Ungheria Il veto dell&#8217;UE in Ungheria \u00e8 in pericolo: Il piano segreto della Germania per indebolire l&#8217;influenza dell&#8217;Ungheria nell&#8217;UE Visita di quattro giorni del Primo Ministro israeliano Netanyahu a Budapest: enormi restrizioni al traffico, mandato di arresto della CPI Un altro diritto di [&hellip;]<\/p>\n","protected":false},"author":2,"featured_media":649663,"comment_status":"open","ping_status":"open","sticky":false,"template":"","format":"standard","meta":{"_display_image":"yes","footnotes":""},"categories":[1190],"tags":[1349,1069],"class_list":["post-649662","post","type-post","status-publish","format-standard","has-post-thumbnail","hentry","category-notizie-flash","tag-notizie-ungheria","tag-ungheria"],"blocksy_meta":[],"author_username":"alk","telegram_post":"","public_post_metadata":{"breaking_news":"yes","important":"no","csempe":"no","center_tile":"no","disable_thumbnail":"no","target_lang":"","_featured_image_style":"default","telegram_post":"","_xlat_group_id":""},"public_rank_math_data":{"title":"%titolo% %sep% %nomesito%","description":"","focus_keyword":"Ungheria notizie","canonical_url":"","robots":"","primary_category":"1190","breadcrumb_title":"","facebook_title":"","facebook_description":"","facebook_image":"","facebook_image_id":"","twitter_title":"","twitter_description":"","twitter_image":"","twitter_image_id":"","twitter_card_type":"","twitter_use_facebook":"","advanced_robots":"","pillar_content":"","seo_score":"72","contentai_score":"","rich_snippet":""},"_links":{"self":[{"href":"https:\/\/dailynewshungary.com\/it\/wp-json\/wp\/v2\/posts\/649662","targetHints":{"allow":["GET"]}}],"collection":[{"href":"https:\/\/dailynewshungary.com\/it\/wp-json\/wp\/v2\/posts"}],"about":[{"href":"https:\/\/dailynewshungary.com\/it\/wp-json\/wp\/v2\/types\/post"}],"author":[{"embeddable":true,"href":"https:\/\/dailynewshungary.com\/it\/wp-json\/wp\/v2\/users\/2"}],"replies":[{"embeddable":true,"href":"https:\/\/dailynewshungary.com\/it\/wp-json\/wp\/v2\/comments?post=649662"}],"version-history":[{"count":0,"href":"https:\/\/dailynewshungary.com\/it\/wp-json\/wp\/v2\/posts\/649662\/revisions"}],"wp:featuredmedia":[{"embeddable":true,"href":"https:\/\/dailynewshungary.com\/it\/wp-json\/wp\/v2\/media\/649663"}],"wp:attachment":[{"href":"https:\/\/dailynewshungary.com\/it\/wp-json\/wp\/v2\/media?parent=649662"}],"wp:term":[{"taxonomy":"category","embeddable":true,"href":"https:\/\/dailynewshungary.com\/it\/wp-json\/wp\/v2\/categories?post=649662"},{"taxonomy":"post_tag","embeddable":true,"href":"https:\/\/dailynewshungary.com\/it\/wp-json\/wp\/v2\/tags?post=649662"}],"curies":[{"name":"wp","href":"https:\/\/api.w.org\/{rel}","templated":true}]}}