{"id":649963,"date":"2025-03-24T11:15:17","date_gmt":"2025-03-24T10:15:17","guid":{"rendered":"https:\/\/dailynewshungary.com\/it\/orban-apre-la-riunione-dei-capi-missione\/"},"modified":"2025-03-24T11:15:17","modified_gmt":"2025-03-24T10:15:17","slug":"orban-apre-la-riunione-dei-capi-missione","status":"publish","type":"post","link":"https:\/\/dailynewshungary.com\/it\/orban-apre-la-riunione-dei-capi-missione\/","title":{"rendered":"Orb\u00e1n apre la riunione dei capi missione"},"content":{"rendered":"<p><strong>Luned\u00ec il primo ministro dell&#8217;MTI Viktor Orb\u00e1 ha aperto un incontro tra i capi delle rappresentanze estere dell&#8217;Ungheria presso il ministero degli Affari esteri e del commercio, ha detto il dipartimento delle comunicazioni dell&#8217;ufficio del primo ministro.<\/strong><\/p>\n<p>La dichiarazione afferma che Orb\u00e1n ha incontrato P\u00e9ter Szijj\u00e1rt\u00f3, ministro degli affari esteri e del commercio, e altri leader ministeriali e poi ha tenuto un discorso agli ambasciatori e ai consoli generali ungheresi.<\/p>\n<p>La dichiarazione aggiungeva che egli evidenziava nuove opportunit\u00e0 e le grandi sfide della diplomazia ungherese, soprattutto in vista della nuova leadership statunitense, degli ultimi eventi nella guerra Russia-Ucraina, e \u201cla posizione pro-guerra dell&#8217;Unione europea.\u201d<\/p>\n<p>Il dipartimento ha affermato che Orb\u00e1n ha affermato che il margine di manovra dell&#8217;Ungheria si \u00e8 ampliato in modo significativo nell&#8217;ultimo anno e ha fornito uno schema di \u201cil programma di svolta economica e politica.\u201d<\/p>\n","protected":false},"excerpt":{"rendered":"<p>Luned\u00ec il primo ministro dell&#8217;MTI Viktor Orb\u00e1 ha aperto un incontro tra i capi delle rappresentanze estere dell&#8217;Ungheria presso il ministero degli Affari esteri e del commercio, ha detto il dipartimento delle comunicazioni dell&#8217;ufficio del primo ministro. La dichiarazione afferma che Orb\u00e1n ha incontrato P\u00e9ter Szijj\u00e1rt\u00f3, ministro degli affari esteri e del commercio, e altri [&hellip;]<\/p>\n","protected":false},"author":2,"featured_media":649964,"comment_status":"open","ping_status":"open","sticky":false,"template":"","format":"standard","meta":{"_display_image":"yes","footnotes":""},"categories":[1185],"tags":[1091,1079,1092,1069,1083],"class_list":["post-649963","post","type-post","status-publish","format-standard","has-post-thumbnail","hentry","category-politica-in-ungheria","tag-diplomazia","tag-governo-ungherese","tag-ministero-degli-affari-esteri-dellungheria","tag-ungheria","tag-viktor-orban"],"blocksy_meta":[],"author_username":"alk","telegram_post":"","public_post_metadata":{"breaking_news":"yes","important":"no","csempe":"no","center_tile":"no","disable_thumbnail":"no","target_lang":"","_featured_image_style":"default","telegram_post":"","_xlat_group_id":""},"public_rank_math_data":{"title":"%titolo% %sep% %nomesito%","description":"","focus_keyword":"missione","canonical_url":"","robots":"","primary_category":"1185","breadcrumb_title":"","facebook_title":"","facebook_description":"","facebook_image":"","facebook_image_id":"","twitter_title":"","twitter_description":"","twitter_image":"","twitter_image_id":"","twitter_card_type":"","twitter_use_facebook":"","advanced_robots":"","pillar_content":"","seo_score":"51","contentai_score":"","rich_snippet":""},"_links":{"self":[{"href":"https:\/\/dailynewshungary.com\/it\/wp-json\/wp\/v2\/posts\/649963","targetHints":{"allow":["GET"]}}],"collection":[{"href":"https:\/\/dailynewshungary.com\/it\/wp-json\/wp\/v2\/posts"}],"about":[{"href":"https:\/\/dailynewshungary.com\/it\/wp-json\/wp\/v2\/types\/post"}],"author":[{"embeddable":true,"href":"https:\/\/dailynewshungary.com\/it\/wp-json\/wp\/v2\/users\/2"}],"replies":[{"embeddable":true,"href":"https:\/\/dailynewshungary.com\/it\/wp-json\/wp\/v2\/comments?post=649963"}],"version-history":[{"count":0,"href":"https:\/\/dailynewshungary.com\/it\/wp-json\/wp\/v2\/posts\/649963\/revisions"}],"wp:featuredmedia":[{"embeddable":true,"href":"https:\/\/dailynewshungary.com\/it\/wp-json\/wp\/v2\/media\/649964"}],"wp:attachment":[{"href":"https:\/\/dailynewshungary.com\/it\/wp-json\/wp\/v2\/media?parent=649963"}],"wp:term":[{"taxonomy":"category","embeddable":true,"href":"https:\/\/dailynewshungary.com\/it\/wp-json\/wp\/v2\/categories?post=649963"},{"taxonomy":"post_tag","embeddable":true,"href":"https:\/\/dailynewshungary.com\/it\/wp-json\/wp\/v2\/tags?post=649963"}],"curies":[{"name":"wp","href":"https:\/\/api.w.org\/{rel}","templated":true}]}}