{"id":649999,"date":"2025-03-23T08:04:00","date_gmt":"2025-03-23T07:04:00","guid":{"rendered":"https:\/\/dailynewshungary.com\/it\/sacerdote-ungherese-indignato-per-essere-stato-costretto-a-bere-sua-acqua-santa-allaeroporto-di-budapest\/"},"modified":"2025-03-23T08:04:00","modified_gmt":"2025-03-23T07:04:00","slug":"sacerdote-ungherese-indignato-per-essere-stato-costretto-a-bere-sua-acqua-santa-allaeroporto-di-budapest","status":"publish","type":"post","link":"https:\/\/dailynewshungary.com\/it\/sacerdote-ungherese-indignato-per-essere-stato-costretto-a-bere-sua-acqua-santa-allaeroporto-di-budapest\/","title":{"rendered":"Sacerdote ungherese indignato per essere stato costretto a bere\u201d sua acqua santa all\u2019aeroporto di Budapest"},"content":{"rendered":"<p><strong>Un prete ungherese si \u00e8 trovato in una situazione insolita all&#8217;aeroporto internazionale Liszt Ferenc di Budapest quando il personale di sicurezza ha interrogato il suo contenitore di acqua santa, mentre sostiene che la sua libert\u00e0 religiosa \u00e8 stata violata, l&#8217;aeroporto insiste che il personale abbia seguito le norme standard.<\/strong><\/p>\n<h2 class=\"wp-block-heading\">Sacerdote ungherese beve acqua santa<\/h2>\n<p><a href=\"https:\/\/24.hu\/belfold\/2025\/03\/19\/kulcsar-david-veszprem-pap-ferihegy-liszt-ferenc-nemzetkozi-repuloter-szenteltviz-megitta\/\" target=\"_blank\" rel=\"noopener\">24.hu<\/a> ha riferito che un prete ungherese, D\u00e1vid Kulcs\u00e1r, cappellano della cattedrale di San Michele a Veszpr\u00e9m, ha raccontato un incontro sorprendente a <a href=\"https:\/\/dailynewshungary.com\/it\/la-grande-rapina-al-treno-britannico-come-una-banda-di-15-uomini-rubo-26-milioni-di-sterline-nel-1963\/\">Aeroporto internazionale Liszt Ferenc di Budapest<\/a>. Kulcs\u00e1r ha condiviso la sua storia in un post su Facebook che non \u00e8 pi\u00f9 disponibile Secondo lui, il suo contenitore per l&#8217;acqua santa (un piccolo tubo di metallo) \u00e8 regolarmente accettato a Roma Tuttavia, il personale di sicurezza ungherese lo ha sottoposto a ispezione, che sembra una procedura di routine per la maggior parte dei passeggeri. <\/p>\n<p>Nonostante li informassero del suo status di prete cattolico e del fatto che aveva una bottiglia di acqua santa nella borsa, perquisirono i suoi averi Presumibilmente, anche la cerniera del suo zaino era danneggiata nel processo di passare attraverso le sue cose Quando il personale dell&#8217;aeroporto trov\u00f2 il suo piccolo contenitore di acqua santa, ne misero in dubbio il contenuto e lo trattarono con sospetto A Kulcs\u00e1r furono quindi date tre scelte: controllarlo, versarlo o berlo. In incredulo, scelse la terza opzione, cosa che non aveva mai fatto nei suoi 34 anni.<\/p>\n<figure class=\"wp-block-image aligncenter size-full\"><img loading=\"lazy\" decoding=\"async\" width=\"1200\" height=\"800\" src=\"https:\/\/contentf5.dailynewshungary.com\/wp-content\/uploads\/2024\/09\/catholic-priest.jpeg\" alt=\"Il sacerdote ungherese Fidesz, sacerdote onorato di Kecskem\u00e9t, sospeso a causa del nuovo scandalo di pedofilia\" class=\"wp-image-610228\" srcset=\"https:\/\/contentf5.dailynewshungary.com\/wp-content\/uploads\/2024\/09\/catholic-priest.jpeg 1200w, https:\/\/contentf5.dailynewshungary.com\/wp-content\/uploads\/2024\/09\/catholic-priest-768x512.jpeg 768w, https:\/\/contentf5.dailynewshungary.com\/wp-content\/uploads\/2024\/09\/catholic-priest-333x222.jpeg 333w, https:\/\/contentf5.dailynewshungary.com\/wp-content\/uploads\/2024\/09\/catholic-priest-248x165.jpeg 248w, https:\/\/contentf5.dailynewshungary.com\/wp-content\/uploads\/2024\/09\/catholic-priest-1030x687.jpeg 1030w, https:\/\/contentf5.dailynewshungary.com\/wp-content\/uploads\/2024\/09\/catholic-priest-113x75.jpeg 113w, https:\/\/contentf5.dailynewshungary.com\/wp-content\/uploads\/2024\/09\/catholic-priest-480x320.jpeg 480w\" sizes=\"auto, (max-width: 1200px) 100vw, 1200px\"><figcaption class=\"wp-element-caption\">Foto: depositphotos.com<\/figcaption><\/figure>\n<h2 class=\"wp-block-heading\">Violata la libert\u00e0 religiosa?<\/h2>\n<p>Il sacerdote ungherese ritiene che questo sia stato un atto contro la sua libert\u00e0 religiosa, ha scritto nel suo post su Facebook quanto segue<\/p>\n<blockquote class=\"wp-block-quote is-layout-flow wp-block-quote-is-layout-flow\">\n<p>[L&#8217;Ungheria] dovrebbe essere un paese cristiano in cui la libert\u00e0 religiosa esiste come diritto fondamentale Ogni giorno sentiamo parlare della terribile persecuzione dei cristiani nel mondo Oggi, nell&#8217;aeroporto del mio paese, come cittadino ungherese, \u00e8 stata violata la mia libert\u00e0 religiosa. Questo non sar\u00e0 trasmesso su nessun canale di notizie, ma ciascuno tragga le proprie conclusioni&#8230;<\/p>\n<\/blockquote>\n<h2 class=\"wp-block-heading\">La reazione dell&#8217;aeroporto di Budapest<\/h2>\n<p>L&#8217;aeroporto di Budapest ha risposto all&#8217;incidente che ha coinvolto il sacerdote ungherese D\u00e1vid Kulcs\u00e1r, affermando che, pur rammaricandosi per eventuali disagi causati, le loro procedure di sicurezza sono conformi alle normative internazionali e ungheresi. Hanno citato il Regolamento UE 2015\/1998, che impone un rigoroso controllo di tutti i liquidi nel bagaglio a mano. Come capacit\u00e0 del santo di Kulcs\u00e1r <a href=\"https:\/\/dailynewshungary.com\/it\/la-grande-rapina-al-treno-britannico-come-una-banda-di-15-uomini-rubo-26-milioni-di-sterline-nel-1963\/\">acqua<\/a> non \u00e8 stato possibile determinare il container, non soddisfaceva i criteri necessari per il viaggio aereo.<\/p>\n<p>Inoltre, l&#8217;aeroporto ha chiarito che il personale di sicurezza non costringeva il sacerdote a bere l&#8217;acqua santa ma gli presentava semplicemente opzioni standard: controllarla, scartarla o consumarla. Hanno inoltre sottolineato che il loro personale ha agito nel pieno rispetto delle regole, sottolineando che la decisione di bere l&#8217;acqua santa \u00e8 stata interamente una scelta di Kulcs\u00e1r.<\/p>\n<figure class=\"wp-block-image aligncenter size-full\"><img loading=\"lazy\" decoding=\"async\" width=\"2048\" height=\"1366\" src=\"https:\/\/contentf5.dailynewshungary.com\/wp-content\/uploads\/2024\/01\/Budapest-Airport.webp\" alt=\"Volo Aeroporto Budapest\" class=\"wp-image-582431\" srcset=\"https:\/\/contentf5.dailynewshungary.com\/wp-content\/uploads\/2024\/01\/Budapest-Airport.webp 2048w, https:\/\/contentf5.dailynewshungary.com\/wp-content\/uploads\/2024\/01\/Budapest-Airport-768x512.webp 768w, https:\/\/contentf5.dailynewshungary.com\/wp-content\/uploads\/2024\/01\/Budapest-Airport-1536x1025.webp 1536w, https:\/\/contentf5.dailynewshungary.com\/wp-content\/uploads\/2024\/01\/Budapest-Airport-333x222.webp 333w, https:\/\/contentf5.dailynewshungary.com\/wp-content\/uploads\/2024\/01\/Budapest-Airport-248x165.webp 248w, https:\/\/contentf5.dailynewshungary.com\/wp-content\/uploads\/2024\/01\/Budapest-Airport-1030x687.webp 1030w, https:\/\/contentf5.dailynewshungary.com\/wp-content\/uploads\/2024\/01\/Budapest-Airport-112x75.webp 112w, https:\/\/contentf5.dailynewshungary.com\/wp-content\/uploads\/2024\/01\/Budapest-Airport-480x320.webp 480w\" sizes=\"auto, (max-width: 2048px) 100vw, 2048px\"><figcaption class=\"wp-element-caption\">Foto: FB\/Aeroporto di Budapest<\/figcaption><\/figure>\n<p><strong>Leggi anche:<\/strong><\/p>\n<ul class=\"wp-block-list\">\n<li><a href=\"https:\/\/dailynewshungary.com\/it\/easyjet-espande-le-rotte-invernali-da-budapest-alla-francia\/\">EasyJet espande le rotte invernali da Budapest alla Francia!<\/a><\/li>\n<li><a href=\"https:\/\/dailynewshungary.com\/it\/lesperto-ha-rivelato-perche-ryanair-e-wizz-air-non-si-espanderanno-allaeroporto-di-budapest-agira-il-governo\/\">L&#8217;esperto ha rivelato perch\u00e9 Ryanair e Wizz Air non si espanderanno all&#8217;aeroporto di Budapest: agir\u00e0 il governo?<\/a><\/li>\n<\/ul>\n<p><em>Immagine in primo piano: <a href=\"https:\/\/depositphotos.com\/photo\/priest-open-hands-arms-praying-offering-oblation-222028800.html\" target=\"_blank\" rel=\"noopener\">depositphotos.com<\/a><\/em><\/p>\n","protected":false},"excerpt":{"rendered":"<p>Un prete ungherese si \u00e8 trovato in una situazione insolita all&#8217;aeroporto internazionale Liszt Ferenc di Budapest quando il personale di sicurezza ha interrogato il suo contenitore di acqua santa, mentre sostiene che la sua libert\u00e0 religiosa \u00e8 stata violata, l&#8217;aeroporto insiste che il personale abbia seguito le norme standard. Sacerdote ungherese beve acqua santa 24.hu [&hellip;]<\/p>\n","protected":false},"author":76,"featured_media":650000,"comment_status":"open","ping_status":"open","sticky":false,"template":"","format":"standard","meta":{"_display_image":"yes","footnotes":""},"categories":[1207],"tags":[1429,1068,1478,1311,1069,1073],"class_list":["post-649999","post","type-post","status-publish","format-standard","has-post-thumbnail","hentry","category-societa-in-ungheria","tag-acqua","tag-aeroporto-di-budapest","tag-notizie-dellungheria","tag-religione","tag-ungheria","tag-viaggi"],"blocksy_meta":[],"author_username":"fanniforgacs","telegram_post":"","public_post_metadata":{"breaking_news":"yes","important":"no","csempe":"yes","center_tile":"no","disable_thumbnail":"no","target_lang":"","_featured_image_style":"hidden","telegram_post":"","_xlat_group_id":""},"public_rank_math_data":{"title":"%titolo% %sep% %nomesito%","description":"Un prete ungherese si \u00e8 trovato in una situazione insolita all'aeroporto internazionale Liszt Ferenc di Budapest quando il personale di sicurezza ha interrogato il suo contenitore di acqua santa.","focus_keyword":"Prete ungherese","canonical_url":"","robots":"","primary_category":"1207","breadcrumb_title":"","facebook_title":"","facebook_description":"","facebook_image":"","facebook_image_id":"","twitter_title":"","twitter_description":"","twitter_image":"","twitter_image_id":"","twitter_card_type":"","twitter_use_facebook":"","advanced_robots":"","pillar_content":"","seo_score":"82","contentai_score":"","rich_snippet":""},"_links":{"self":[{"href":"https:\/\/dailynewshungary.com\/it\/wp-json\/wp\/v2\/posts\/649999","targetHints":{"allow":["GET"]}}],"collection":[{"href":"https:\/\/dailynewshungary.com\/it\/wp-json\/wp\/v2\/posts"}],"about":[{"href":"https:\/\/dailynewshungary.com\/it\/wp-json\/wp\/v2\/types\/post"}],"author":[{"embeddable":true,"href":"https:\/\/dailynewshungary.com\/it\/wp-json\/wp\/v2\/users\/76"}],"replies":[{"embeddable":true,"href":"https:\/\/dailynewshungary.com\/it\/wp-json\/wp\/v2\/comments?post=649999"}],"version-history":[{"count":0,"href":"https:\/\/dailynewshungary.com\/it\/wp-json\/wp\/v2\/posts\/649999\/revisions"}],"wp:featuredmedia":[{"embeddable":true,"href":"https:\/\/dailynewshungary.com\/it\/wp-json\/wp\/v2\/media\/650000"}],"wp:attachment":[{"href":"https:\/\/dailynewshungary.com\/it\/wp-json\/wp\/v2\/media?parent=649999"}],"wp:term":[{"taxonomy":"category","embeddable":true,"href":"https:\/\/dailynewshungary.com\/it\/wp-json\/wp\/v2\/categories?post=649999"},{"taxonomy":"post_tag","embeddable":true,"href":"https:\/\/dailynewshungary.com\/it\/wp-json\/wp\/v2\/tags?post=649999"}],"curies":[{"name":"wp","href":"https:\/\/api.w.org\/{rel}","templated":true}]}}