{"id":650069,"date":"2025-03-20T20:58:00","date_gmt":"2025-03-20T19:58:00","guid":{"rendered":"https:\/\/dailynewshungary.com\/it\/il-primo-ministro-orban-ha-posto-il-veto-alla-dichiarazione-congiunta-dellue-sullucraina\/"},"modified":"2025-03-20T20:58:00","modified_gmt":"2025-03-20T19:58:00","slug":"il-primo-ministro-orban-ha-posto-il-veto-alla-dichiarazione-congiunta-dellue-sullucraina","status":"publish","type":"post","link":"https:\/\/dailynewshungary.com\/it\/il-primo-ministro-orban-ha-posto-il-veto-alla-dichiarazione-congiunta-dellue-sullucraina\/","title":{"rendered":"Il primo ministro Orb\u00e1n ha posto il veto alla dichiarazione congiunta dell\u2019UE sull\u2019Ucraina"},"content":{"rendered":"<p><strong>\u201cHo posto il veto alla dichiarazione congiunta sull&#8217;Ucraina perch\u00e9 non possiamo sostenere alcuna posizione comune prima che gli ungheresi esprimano la loro opinione sull&#8217;adesione dell&#8217;Ucraina all&#8217;Unione europea, ha detto gioved\u00ec il primo ministro della\u201d Viktor Orb\u00e1n.<\/strong><\/p>\n<h2 class=\"wp-block-heading\">Orb\u00e1n: Le famiglie ungheresi hanno perso molti soldi a causa della guerra<\/h2>\n<p>\u201cNon accetteremo la creazione di una posizione comune europea di cui l&#8217;Ungheria faccia parte se \u00e8 a favore della guerra, ha detto su Facebook la\u201d Orb\u00e1n in un video registrato durante una pausa al vertice UE di Bruxelles. \u201cQuesta non \u00e8 la prima battle\u201d che l&#8217;Ungheria ha dovuto combattere, lui <strong><a href=\"https:\/\/www.facebook.com\/reel\/539669929238886\/?s=single_unit&amp;__cft__[0]=AZUwNaPYFbsXZVBVnW6ZYN_DQo9b_89CypcTX1woYEaxrVs4YVzv7qt_vhwBEr5FHWrB7qtc9wX5Lp3AGl8GnXdIrhD4PDH4E9riGl35SdW4kvWIHCB8peiwuZ9bsRjxNFO2zp-0m93lWRKSzLSVKuIPWWBf8_mYcicZUN_z12O95ugxRNYsMkXVvnENHQkpjlcq9qrDqDQGPRcnWil4ojVQ&amp;__tn__=H-R\" target=\"_blank\" rel=\"noopener\">detto<\/a><\/strong>.<\/p>\n<p>\u201cLe famiglie ungheresi hanno perso circa 2,5 milioni di fiorini per famiglia a causa della guerra negli ultimi tre anni, e devo fermarlo&#8230; Non possiamo permettere che le famiglie ungheresi paghino le conseguenze economiche della guerra, ha detto.<\/p>\n<p>Ha aggiunto che l&#8217;unico modo per raggiungere questo obiettivo era \u201cse convinciamo l&#8217;Europa che invece di essere coinvolta in avventure di guerra, dovrebbero semplicemente sostenere gli sforzi di pace del presidente degli Stati Uniti, e poi ci sar\u00e0 la pace.\u201d \u201cQuesto dibattito si \u00e8 svolto Non siamo riusciti a convincerci a vicenda e ho posto il veto alla posizione comune, ha detto Orb\u00e1n ha anche detto che anche il presidente ucraino ha partecipato al dibattito.<\/p>\n<h2 class=\"wp-block-heading\">Referendum sull&#8217;adesione dell&#8217;Ucraina all&#8217;UE<\/h2>\n<p>\u201cNon direi che agisse in modo amichevole Il presidente ucraino soffre di confusione sul suo ruolo: si comporta come se fossero gi\u00e0 nell&#8217;Unione europea e si concede un tono tagliente che non dovrebbe. Sta facendo una richiesta; gli piacerebbe essere ammesso nell&#8217;UE, ha detto il\u201d Orb\u00e1n.<\/p>\n<p>Ha aggiunto che attualmente agli ungheresi viene chiesto cosa pensano dell&#8217;adesione dell&#8217;Ucraina all&#8217;UE. \u201c\u00c8 inutile che il presidente Zelensky ci faccia pressione&#8230; prima di conoscere l&#8217;opinione degli ungheresi, non posso sostenerlo in questa vicenda, ha concluso il primo ministro.<\/p>\n<h2 class=\"wp-block-heading\">Europarlamentari di Fidesz: L&#8217;opposizione &#8216;grande coalizione&#8217; vota per continuare la guerra<\/h2>\n<p>Gli eurodeputati del Partito ungherese di opposizione Tibisco, della Coalizione Democratica e di Momentum, la \u201cgrande coalizione\u201d al Parlamento europeo, hanno votato per continuare la guerra in Ucraina, hanno detto gioved\u00ec in una dichiarazione gli eurodeputati dell&#8217;alleanza al potere Fidesz-Democratico Cristiano.<\/p>\n<p>La dichiarazione cita Tam\u00e1s Deutsch, leader del gruppo, che afferma che il voto svoltosi in una riunione della commissione bilancio del Parlamento europeo sul prossimo bilancio comunitario, \u201c mirava a promuovere gli stessi obiettivi: incitamento alla guerra, aumento dell&#8217;immigrazione clandestina, attacchi ideologicamente motivati contro la sovranit\u00e0 degli Stati membri, follia di genere e sostegno agli attivisti politici &#8230; utilizzando miliardi di euro.\u201d<\/p>\n<p>Il progetto di bilancio \u00e8 stato concepito anche per recuperare i perduti <strong><a href=\"https:\/\/www.usaid.gov\/\" target=\"_blank\" rel=\"noopener\">USAID <\/a><\/strong>fondi dal denaro dei contribuenti europei, ha detto\u201d Deutsch. La dichiarazione afferma che il gruppo Patriots for Europe e gli eurodeputati dei partiti al potere ungheresi, tuttavia, difendono la sovranit\u00e0 degli Stati membri e dicono no all&#8217;immigrazione clandestina&#8230; rifiutano la follia di genere e promuovono una posizione a favore della pace, in contrapposizione all&#8217;incitamento alla guerra di Bruxelles, ha detto\u201d Deutsch.<\/p>\n<p><strong>Leggi anche:<\/strong><\/p>\n<ul class=\"wp-block-list\">\n<li>L&#8217;Ungheria approva ufficialmente la legge anti-LGBTQ+, che vieta il Pride: <strong><a href=\"https:\/\/dailynewshungary.com\/it\/lungheria-approva-ufficialmente-la-legge-anti-lgbtq-vietando-pride-thousands-protest-orgoglio-migliaia-di-persone-protestano-foto-video\/\">Migliaia di protesta foto, VIDEO<\/a><\/strong><\/li>\n<li>Il Primo Ministro Orb\u00e1n minaccia di veto prima del vertice UE, premia Salvini, parla di sgombero a Bruxelles. Leggi di pi\u00f9 <strong><a href=\"https:\/\/dailynewshungary.com\/it\/il-primo-ministro-orban-minaccia-di-veto-prima-del-vertice-ue-premia-salvini-parla-di-pulizia-a-bruxelles\/\">QUI<\/a><\/strong><\/li>\n<\/ul>\n","protected":false},"excerpt":{"rendered":"<p>\u201cHo posto il veto alla dichiarazione congiunta sull&#8217;Ucraina perch\u00e9 non possiamo sostenere alcuna posizione comune prima che gli ungheresi esprimano la loro opinione sull&#8217;adesione dell&#8217;Ucraina all&#8217;Unione europea, ha detto gioved\u00ec il primo ministro della\u201d Viktor Orb\u00e1n. Orb\u00e1n: Le famiglie ungheresi hanno perso molti soldi a causa della guerra \u201cNon accetteremo la creazione di una posizione [&hellip;]<\/p>\n","protected":false},"author":33,"featured_media":650070,"comment_status":"open","ping_status":"open","sticky":false,"template":"","format":"standard","meta":{"_display_image":"yes","footnotes":""},"categories":[1185],"tags":[1079,1077,1069,1075,1083],"class_list":["post-650069","post","type-post","status-publish","format-standard","has-post-thumbnail","hentry","category-politica-in-ungheria","tag-governo-ungherese","tag-guerra-in-ucraina","tag-ungheria","tag-unione-europea","tag-viktor-orban"],"blocksy_meta":[],"author_username":"ugyelet","telegram_post":"","public_post_metadata":{"breaking_news":"yes","important":"no","csempe":"no","center_tile":"no","disable_thumbnail":"yes","target_lang":"","_featured_image_style":"hidden","telegram_post":"","_xlat_group_id":""},"public_rank_math_data":{"title":"%titolo% %sep% %nomesito%","description":"Il primo ministro Orb\u00e1n ha posto il veto alla dichiarazione congiunta sull'Ucraina perch\u00e9 non conosce l'opinione degli ungheresi sull'adesione dell'Ucraina all'UE.","focus_keyword":"orb\u00e1n","canonical_url":"","robots":"","primary_category":"1185","breadcrumb_title":"","facebook_title":"","facebook_description":"","facebook_image":"","facebook_image_id":"","twitter_title":"","twitter_description":"","twitter_image":"","twitter_image_id":"","twitter_card_type":"","twitter_use_facebook":"","advanced_robots":"","pillar_content":"","seo_score":"78","contentai_score":"","rich_snippet":""},"_links":{"self":[{"href":"https:\/\/dailynewshungary.com\/it\/wp-json\/wp\/v2\/posts\/650069","targetHints":{"allow":["GET"]}}],"collection":[{"href":"https:\/\/dailynewshungary.com\/it\/wp-json\/wp\/v2\/posts"}],"about":[{"href":"https:\/\/dailynewshungary.com\/it\/wp-json\/wp\/v2\/types\/post"}],"author":[{"embeddable":true,"href":"https:\/\/dailynewshungary.com\/it\/wp-json\/wp\/v2\/users\/33"}],"replies":[{"embeddable":true,"href":"https:\/\/dailynewshungary.com\/it\/wp-json\/wp\/v2\/comments?post=650069"}],"version-history":[{"count":0,"href":"https:\/\/dailynewshungary.com\/it\/wp-json\/wp\/v2\/posts\/650069\/revisions"}],"wp:featuredmedia":[{"embeddable":true,"href":"https:\/\/dailynewshungary.com\/it\/wp-json\/wp\/v2\/media\/650070"}],"wp:attachment":[{"href":"https:\/\/dailynewshungary.com\/it\/wp-json\/wp\/v2\/media?parent=650069"}],"wp:term":[{"taxonomy":"category","embeddable":true,"href":"https:\/\/dailynewshungary.com\/it\/wp-json\/wp\/v2\/categories?post=650069"},{"taxonomy":"post_tag","embeddable":true,"href":"https:\/\/dailynewshungary.com\/it\/wp-json\/wp\/v2\/tags?post=650069"}],"curies":[{"name":"wp","href":"https:\/\/api.w.org\/{rel}","templated":true}]}}