{"id":650113,"date":"2025-03-19T17:04:00","date_gmt":"2025-03-19T16:04:00","guid":{"rendered":"https:\/\/dailynewshungary.com\/it\/laccesso-dellungheria-ai-fondi-ue-legati-alladesione-alla-procura-europea-afferma-leurodeputato\/"},"modified":"2025-03-19T17:04:00","modified_gmt":"2025-03-19T16:04:00","slug":"laccesso-dellungheria-ai-fondi-ue-legati-alladesione-alla-procura-europea-afferma-leurodeputato","status":"publish","type":"post","link":"https:\/\/dailynewshungary.com\/it\/laccesso-dellungheria-ai-fondi-ue-legati-alladesione-alla-procura-europea-afferma-leurodeputato\/","title":{"rendered":"L\u2019accesso dell\u2019Ungheria ai fondi UE legati all\u2019adesione alla Procura europea, afferma l\u2019eurodeputato"},"content":{"rendered":"<p><strong>\u201cL&#8217;Ungheria avr\u00e0 accesso ai fondi UE se entrer\u00e0 a far parte della Procura europea, ha detto mercoled\u00ec il presidente della Repubblica Csaba Moln\u00e1r, eurodeputato della Coalizione Democratica (DK) dell&#8217;opposizione.<\/strong><\/p>\n<p>Ha affermato che un emendamento da lui presentato alla commissione per i bilanci del Parlamento europeo stabilisce l&#8217;appartenenza alla Procura europea come criterio affinch\u00e9 uno Stato membro possa ricevere fondi UE <a href=\"https:\/\/www.facebook.com\/drmolnarcsaba\/posts\/pfbid02cGVJ54nU1J3baSpCSPQU3tnZWS2xnxdNcdUJHwi4CZj2n5eeNXiZn5mFY4ANmf1Cl?locale=hu_HU\" target=\"_blank\" rel=\"noopener\"><strong>Moln\u00e1r ha detto su Facebook<\/strong><\/a>. Marted\u00ec la commissione ha approvato la proposta di emendamento con un&#8217;ampia maggioranza, ha affermato l&#8217;eurodeputato.<\/p>\n<p>\u201cPossiamo vedere cosa sta succedendo in un paese se la Procura non ha la possibilit\u00e0 di lavorare l\u00ec; i soldi verranno rubati, invece di arrivare alla gente, alle piccole imprese e ai governi locali. E questo \u00e8 ci\u00f2 che sta accadendo da molto tempo sotto l&#8217;attuale regime in Ungheria. Ed \u00e8 perch\u00e9 la procura interna mette a tacere la criminalit\u00e0 invece di combatterla, ha detto il\u201d Moln\u00e1r e ha esortato a unirsi alla Procura europea il prima possibile.<\/p>\n<p><strong>Leggi anche:<\/strong><\/p>\n<ul class=\"wp-block-list\">\n<li><a href=\"https:\/\/dailynewshungary.com\/it\/ue-per-punire-lungheria-le-conseguenze-nascoste-del-blocco-dellucraina\/\">UE per punire l&#8217;Ungheria? le conseguenze nascoste del blocco dell&#8217;Ucraina!<\/a><\/li>\n<li><a href=\"https:\/\/dailynewshungary.com\/it\/ecco-perche-orban-non-ha-posto-il-veto-alle-sanzioni-dellue-contro-la-russia-una-telefonata-da-washington\/\">Ecco perch\u00e9 Orb\u00e1n non ha posto il veto alle sanzioni dell&#8217;UE contro la Russia: una telefonata da Washington<\/a><\/li>\n<\/ul>\n<p><em>Immagine in primo piano: <a href=\"https:\/\/depositphotos.com\/photo\/strasbourg-france-july-2019-european-parliament-strasbourg-france-405568802.html\" target=\"_blank\" rel=\"noopener\">depositphotos.com<\/a><\/em><\/p><\/p>\n","protected":false},"excerpt":{"rendered":"<p>\u201cL&#8217;Ungheria avr\u00e0 accesso ai fondi UE se entrer\u00e0 a far parte della Procura europea, ha detto mercoled\u00ec il presidente della Repubblica Csaba Moln\u00e1r, eurodeputato della Coalizione Democratica (DK) dell&#8217;opposizione. Ha affermato che un emendamento da lui presentato alla commissione per i bilanci del Parlamento europeo stabilisce l&#8217;appartenenza alla Procura europea come criterio affinch\u00e9 uno Stato [&hellip;]<\/p>\n","protected":false},"author":33,"featured_media":650114,"comment_status":"open","ping_status":"open","sticky":false,"template":"","format":"standard","meta":{"_display_image":"yes","footnotes":""},"categories":[1190],"tags":[1069],"class_list":["post-650113","post","type-post","status-publish","format-standard","has-post-thumbnail","hentry","category-notizie-flash","tag-ungheria"],"blocksy_meta":[],"author_username":"ugyelet","telegram_post":"","public_post_metadata":{"breaking_news":"yes","important":"no","csempe":"no","center_tile":"no","disable_thumbnail":"no","target_lang":"","_featured_image_style":"hidden","telegram_post":"","_xlat_group_id":""},"public_rank_math_data":{"title":"%titolo% %sep% %nomesito%","description":"\"L'Ungheria avr\u00e0 accesso ai fondi dell'UE se entrer\u00e0 a far parte della Procura europea\", ha detto mercoled\u00ec Csaba Moln\u00e1r, eurodeputata della Coalizione Democratica all'opposizione.","focus_keyword":"Fondi UE","canonical_url":"","robots":"","primary_category":"1190","breadcrumb_title":"","facebook_title":"","facebook_description":"","facebook_image":"","facebook_image_id":"","twitter_title":"","twitter_description":"","twitter_image":"","twitter_image_id":"","twitter_card_type":"","twitter_use_facebook":"","advanced_robots":"","pillar_content":"","seo_score":"73","contentai_score":"","rich_snippet":""},"_links":{"self":[{"href":"https:\/\/dailynewshungary.com\/it\/wp-json\/wp\/v2\/posts\/650113","targetHints":{"allow":["GET"]}}],"collection":[{"href":"https:\/\/dailynewshungary.com\/it\/wp-json\/wp\/v2\/posts"}],"about":[{"href":"https:\/\/dailynewshungary.com\/it\/wp-json\/wp\/v2\/types\/post"}],"author":[{"embeddable":true,"href":"https:\/\/dailynewshungary.com\/it\/wp-json\/wp\/v2\/users\/33"}],"replies":[{"embeddable":true,"href":"https:\/\/dailynewshungary.com\/it\/wp-json\/wp\/v2\/comments?post=650113"}],"version-history":[{"count":0,"href":"https:\/\/dailynewshungary.com\/it\/wp-json\/wp\/v2\/posts\/650113\/revisions"}],"wp:featuredmedia":[{"embeddable":true,"href":"https:\/\/dailynewshungary.com\/it\/wp-json\/wp\/v2\/media\/650114"}],"wp:attachment":[{"href":"https:\/\/dailynewshungary.com\/it\/wp-json\/wp\/v2\/media?parent=650113"}],"wp:term":[{"taxonomy":"category","embeddable":true,"href":"https:\/\/dailynewshungary.com\/it\/wp-json\/wp\/v2\/categories?post=650113"},{"taxonomy":"post_tag","embeddable":true,"href":"https:\/\/dailynewshungary.com\/it\/wp-json\/wp\/v2\/tags?post=650113"}],"curies":[{"name":"wp","href":"https:\/\/api.w.org\/{rel}","templated":true}]}}