{"id":650159,"date":"2025-03-18T13:34:00","date_gmt":"2025-03-18T12:34:00","guid":{"rendered":"https:\/\/dailynewshungary.com\/it\/ministro-degli-esteri-il-governo-ungherese-era-trump-prima-di-trump\/"},"modified":"2025-03-18T13:34:00","modified_gmt":"2025-03-18T12:34:00","slug":"ministro-degli-esteri-il-governo-ungherese-era-trump-prima-di-trump","status":"publish","type":"post","link":"https:\/\/dailynewshungary.com\/it\/ministro-degli-esteri-il-governo-ungherese-era-trump-prima-di-trump\/","title":{"rendered":"Ministro degli Esteri: il governo ungherese \u201cera Trump prima di Trump\u201d"},"content":{"rendered":"<p><strong>Nuova Delhi\/Budapest, 18 marzo (MTI) Il governo di \u201cHungary era Trump prima di [il presidente degli Stati Uniti] Donald Trump in\u201d ha a lungo rifiutato la propaganda migratoria di genere e la guerra in Ucraina e di conseguenza ha subito attacchi in Europa, il ministro degli affari esteri e del commercio ha detto marted\u00ec a Nuova Delhi.<\/strong><\/p>\n<p>P\u00e9ter Szijj\u00e1rt\u00f3 ha dichiarato in una tavola rotonda al forum internazionale Raisina Dialogue 2025 che l&#8217;approccio di \u201cconsistente e di lunga durata del governo a tali questioni ha provocato attacchi politici e finanziari. \u201cSiamo pi\u00f9 popolari fuori dall&#8217;Europa che al suo interno, ha detto\u201d, secondo una dichiarazione del ministero. \u201cIl mainstream liberale non pu\u00f2 sopportare che stiamo attuando con successo una strategia conservatrice, patriottica e di destra.\u201d L&#8217;approccio dell&#8217;Ungheria alla guerra in Ucraina \u00e8 stato coerente per tre anni, ha detto Szijj\u00e1rt\u00f3, sottolineando di aver parlato con le parti in guerra subito dopo l&#8217;inizio dell&#8217;invasione per offrire Budapest come sede per i colloqui di pace. \u201cContengo la speranza che accettino quell&#8217;offerta e tengano colloqui di pace, ha detto\u201d.<\/p>\n<p>L&#8217;Ungheria \u00e8 l&#8217;unico stato membro della NATO a non aver spedito armi alla guerra, lanciando invece \u201cla pi\u00f9 grande azione umanitaria della sua storia\u201d Nel frattempo, l&#8217;Ungheria \u00e8 diventata la principale fonte di elettricit\u00e0 dell&#8217;Ucraina e, da febbraio, di gas naturale, ha detto Lamentava che, nonostante questi sforzi, il governo \u201c \u00e8 stato sotto attacchi finanziari e politici\u201d per aver sollecitato un cessate il fuoco e colloqui di pace. \u201cSono felice di vedere il concetto di cessate il fuoco ora emergere in un contesto positivo Spero che si realizzi, ha aggiunto\u201d. Se coloro che ci attaccavano allora avessero sostenuto un cessate il fuoco, molte meno persone sarebbero morte e meno distruzione sarebbe stata operata, e meno territorio dell&#8217;Ucraina sarebbe sotto occupazione,\u201d <a href=\"https:\/\/www.facebook.com\/szijjarto.peter.official\/posts\/pfbid0yRFF9cyuyQApwjw4uQ96XR2c5G8BgAkyTgzZDqWHF63usvLk6qdNoFkRdKfSBhAEl\" target=\"_blank\" rel=\"noopener\">ha detto<\/a>.<\/p>\n<div class=\"lazyblock-dnh-insert-embed-post-SWPjC wp-block-lazyblock-dnh-insert-embed-post\">\n<div class=\"custom-link-block dnh-embed-container\">\n<h3 class=\"dnh-embed-post-label\">Articolo correlato<\/h3>\n<p>        <a href=\"https:\/\/dailynewshungary.com\/it\/ecco-perche-orban-non-ha-posto-il-veto-alle-sanzioni-dellue-contro-la-russia-una-telefonata-da-washington\/\" class=\"dnh-embed-post-url\"><br \/>\n            Ecco perch\u00e9 Orb\u00e1n non ha posto il veto alle sanzioni dell&#8217;UE contro la Russia: una telefonata da Washington        <\/a>\n    <\/div>\n<\/div>\n<p>Szijj\u00e1rt\u00f3 ha accolto con favore i colloqui USA-Russia e ha affermato che un accordo tra questi due paesi \u00e8 fondamentale per porre fine alla guerra. \u201cAbbiamo grandi speranze in quell&#8217;incontro&#8230; Vogliamo che la pace ritorni nell&#8217;Europa centrale, ha detto\u201d.<\/p>\n<p>Ha detto che spera che, con l&#8217;elezione di Trump, la pace ritorni \u201centro poche settimane.\u201d Spera anche che \u201cbuon senso, razionalit\u00e0, normalit\u00e0 e rispetto reciproco ritornino alla politica internazionale al posto dell&#8217;ipocrisia, del giudizio e delle conferenze, perch\u00e9 renderebbe possibile la costruzione di un futuro pi\u00f9 pacifico.\u201d<\/p>\n<p>Come abbiamo scritto ieri, il partito Fidesz al governo ha preparato un disegno di legge per vietare il Budapest Pride: i partecipanti saranno puniti, diritto di riunione in pericolo, <a href=\"https:\/\/dailynewshungary.com\/it\/proposta-di-legge-sul-divieto-del-budapest-pride-i-partecipanti-rischiano-sanzioni-diritti-di-riunione-in-pericolo-aggiornamento\/\">dettagli QUI<\/a>.<\/p>\n<div class=\"lazyblock-dnh-insert-embed-post-1Ib929 wp-block-lazyblock-dnh-insert-embed-post\">\n<div class=\"custom-link-block dnh-embed-container\">\n<h3 class=\"dnh-embed-post-label\">leggi anche<\/h3>\n<p>        <a href=\"https:\/\/dailynewshungary.com\/it\/nessuno-prevedeva-cosa-avrebbe-fatto-questo-politico-con-la-corona-dopo-la-commemorazione-del-15-marzo-video\/\" class=\"dnh-embed-post-url\"><br \/>\n            Nessuno prevedeva cosa avrebbe fatto questo politico con la corona dopo la commemorazione del 15 marzo (VIDEO)        <\/a>\n    <\/div>\n<\/div>\n","protected":false},"excerpt":{"rendered":"<p>Nuova Delhi\/Budapest, 18 marzo (MTI) Il governo di \u201cHungary era Trump prima di [il presidente degli Stati Uniti] Donald Trump in\u201d ha a lungo rifiutato la propaganda migratoria di genere e la guerra in Ucraina e di conseguenza ha subito attacchi in Europa, il ministro degli affari esteri e del commercio ha detto marted\u00ec a [&hellip;]<\/p>\n","protected":false},"author":2,"featured_media":650160,"comment_status":"open","ping_status":"open","sticky":false,"template":"","format":"standard","meta":{"_display_image":"yes","footnotes":""},"categories":[1185],"tags":[1079,1077,1291,1111,1069],"class_list":["post-650159","post","type-post","status-publish","format-standard","has-post-thumbnail","hentry","category-politica-in-ungheria","tag-governo-ungherese","tag-guerra-in-ucraina","tag-migrazione","tag-stati-uniti","tag-ungheria"],"blocksy_meta":[],"author_username":"alk","telegram_post":"","public_post_metadata":{"breaking_news":"yes","important":"no","csempe":"no","center_tile":"no","disable_thumbnail":"no","target_lang":"","_featured_image_style":"default","telegram_post":"","_xlat_group_id":""},"public_rank_math_data":{"title":"%titolo% %sep% %nomesito%","description":"","focus_keyword":"Trump","canonical_url":"","robots":"","primary_category":"1185","breadcrumb_title":"","facebook_title":"","facebook_description":"","facebook_image":"","facebook_image_id":"","twitter_title":"","twitter_description":"","twitter_image":"","twitter_image_id":"","twitter_card_type":"","twitter_use_facebook":"","advanced_robots":"","pillar_content":"","seo_score":"66","contentai_score":"","rich_snippet":""},"_links":{"self":[{"href":"https:\/\/dailynewshungary.com\/it\/wp-json\/wp\/v2\/posts\/650159","targetHints":{"allow":["GET"]}}],"collection":[{"href":"https:\/\/dailynewshungary.com\/it\/wp-json\/wp\/v2\/posts"}],"about":[{"href":"https:\/\/dailynewshungary.com\/it\/wp-json\/wp\/v2\/types\/post"}],"author":[{"embeddable":true,"href":"https:\/\/dailynewshungary.com\/it\/wp-json\/wp\/v2\/users\/2"}],"replies":[{"embeddable":true,"href":"https:\/\/dailynewshungary.com\/it\/wp-json\/wp\/v2\/comments?post=650159"}],"version-history":[{"count":0,"href":"https:\/\/dailynewshungary.com\/it\/wp-json\/wp\/v2\/posts\/650159\/revisions"}],"wp:featuredmedia":[{"embeddable":true,"href":"https:\/\/dailynewshungary.com\/it\/wp-json\/wp\/v2\/media\/650160"}],"wp:attachment":[{"href":"https:\/\/dailynewshungary.com\/it\/wp-json\/wp\/v2\/media?parent=650159"}],"wp:term":[{"taxonomy":"category","embeddable":true,"href":"https:\/\/dailynewshungary.com\/it\/wp-json\/wp\/v2\/categories?post=650159"},{"taxonomy":"post_tag","embeddable":true,"href":"https:\/\/dailynewshungary.com\/it\/wp-json\/wp\/v2\/tags?post=650159"}],"curies":[{"name":"wp","href":"https:\/\/api.w.org\/{rel}","templated":true}]}}