{"id":650219,"date":"2025-03-16T22:22:00","date_gmt":"2025-03-16T21:22:00","guid":{"rendered":"https:\/\/dailynewshungary.com\/it\/top-ungheria-notizie-ritorno-primavera-peter-magyar-castello-di-festetics-aeroporto-di-budapest-2025\/"},"modified":"2025-03-16T22:22:00","modified_gmt":"2025-03-16T21:22:00","slug":"top-ungheria-notizie-ritorno-primavera-peter-magyar-castello-di-festetics-aeroporto-di-budapest-2025","status":"publish","type":"post","link":"https:\/\/dailynewshungary.com\/it\/top-ungheria-notizie-ritorno-primavera-peter-magyar-castello-di-festetics-aeroporto-di-budapest-2025\/","title":{"rendered":"Top Ungheria notizie: ritorno primavera, P\u00e9ter Magyar, Castello di Festetics, Aeroporto di Budapest 2025"},"content":{"rendered":"<p><strong>Abbiamo raccolto le principali notizie sull&#8217;Ungheria di oggi: discorso di P\u00e9ter Magyar del 15 marzo, data di ritorno primaverile, aeroporto di Budapest, commemorazione russa il 15 marzo a Debrecen, castello di Festetics a Keszthely. <\/strong><\/p>\n<h2 class=\"wp-block-heading\">Notizie in primo piano sull&#8217;Ungheria<\/h2>\n<ul class=\"wp-block-list\">\n<li>Svelata la data di ritorno della primavera in Ungheria: <strong><a href=\"https:\/\/dailynewshungary.com\/it\/svelata-la-data-di-ritorno-della-primavera-in-ungheria-tutore-per-le-gelate-fino-ad-allora\/\">preparati alle gelate fino ad allora<\/a><\/strong><\/li>\n<li>La furia e l&#8217;omicidio di un tossicodipendente in un piccolo villaggio ungherese: sono emersi nuovi orribili dettagli FOTO, VIDEO e dettagli <strong><a href=\"https:\/\/dailynewshungary.com\/it\/la-furia-e-lomicidio-di-un-tossicodipendente-in-un-piccolo-villaggio-ungherese-sono-emersi-nuovi-orribili-dettagli-foto-video\/\">QUI<\/a><\/strong><\/li>\n<li>Nessuno prevedeva cosa avrebbe fatto questo politico con la corona dopo la commemorazione del 15 marzo 2000 <strong><a href=\"https:\/\/dailynewshungary.com\/it\/nessuno-prevedeva-cosa-avrebbe-fatto-questo-politico-con-la-corona-dopo-la-commemorazione-del-15-marzo-video\/\">QUI <\/a><\/strong>per il VIDEO e i dettagli<\/li>\n<li>L&#8217;esperto ha rivelato perch\u00e9 Ryanair e <a href=\"https:\/\/www.wizzair.com\/hu-hu\" target=\"_blank\" rel=\"noopener\">Wizz Air<\/a> non si espander\u00e0 a Budapest: agir\u00e0 il governo? (Si legge di pi\u00f9) L&#8217;aeroporto di Budapest <strong><a href=\"https:\/\/dailynewshungary.com\/it\/lesperto-ha-rivelato-perche-ryanair-e-wizz-air-non-si-espanderanno-allaeroporto-di-budapest-agira-il-governo\/\">QUI<\/a><\/strong><\/li>\n<li>Il castello Festetics simile a Versailles a Keszthely (Keszthely) <strong><a href=\"https:\/\/dailynewshungary.com\/it\/foto-il-castello-di-festetics-a-keszthely-simile-a-versailles\/\">QUI<\/a><\/strong><\/li>\n<\/ul>\n<figure class=\"wp-block-image aligncenter size-full\"><img loading=\"lazy\" decoding=\"async\" width=\"1203\" height=\"800\" src=\"https:\/\/contentf5.dailynewshungary.com\/wp-content\/uploads\/2025\/03\/Festetics-Castle-Garden.jpg\" alt=\"Il castello Festetics di Keszthely, simile a Versailles, \u00e8 un'ungheria\" class=\"wp-image-648276\" srcset=\"https:\/\/contentf5.dailynewshungary.com\/wp-content\/uploads\/2025\/03\/Festetics-Castle-Garden.jpg 1203w, https:\/\/contentf5.dailynewshungary.com\/wp-content\/uploads\/2025\/03\/Festetics-Castle-Garden-768x511.jpg 768w, https:\/\/contentf5.dailynewshungary.com\/wp-content\/uploads\/2025\/03\/Festetics-Castle-Garden-282x188.jpg 282w\" sizes=\"auto, (max-width: 1203px) 100vw, 1203px\"><figcaption class=\"wp-element-caption\">Giardino del castello di Festetics, foto: J\u00e1cint Mayer <\/figcaption><\/figure>\n<h2 class=\"wp-block-heading\">15 marzo<\/h2>\n<ul class=\"wp-block-list\">\n<li>Il principale sfidante del Primo Ministro Orb\u00e1n, P\u00e9ter Magyar: <a href=\"https:\/\/dailynewshungary.com\/it\/il-principale-sfidante-del-primo-ministro-orban-peter-magyar-lungheria-merita-di-meglio-di-3-000-ladri-chiama-orban-vecchio-imperatore\/\"><strong>L&#8217;Ungheria merita di meglio di 3.000 rapinatori, chiama Orb\u00e1n vecchio imperatore<\/strong><\/a><\/li>\n<li>Invasori russi <strong><a href=\"https:\/\/dailynewshungary.com\/it\/gli-invasori-russi-hanno-represso-il-sogno-del-15-marzo-di-unungheria-civica-costituzionale-libera-e-moderna\/\">schiacciato <\/a><\/strong>il sogno del 15 marzo di un\u2019Ungheria civica, costituzionale, libera e moderna<\/li>\n<li>1848-1849 rivoluzione e lotta per la libert\u00e0 dell&#8217;Ungheria commemorato a Washington GALLERIA FOTOGRAFICA e dettagli <strong><a href=\"https:\/\/dailynewshungary.com\/it\/1848-1849-rivoluzione-e-lotta-per-la-liberta-dellungheria-commemorato-a-washington-galleria-fotografica\/\">QUI<\/a><\/strong><\/li>\n<\/ul>\n","protected":false},"excerpt":{"rendered":"<p>Abbiamo raccolto le principali notizie sull&#8217;Ungheria di oggi: discorso di P\u00e9ter Magyar del 15 marzo, data di ritorno primaverile, aeroporto di Budapest, commemorazione russa il 15 marzo a Debrecen, castello di Festetics a Keszthely. Notizie in primo piano sull&#8217;Ungheria Svelata la data di ritorno della primavera in Ungheria: preparati alle gelate fino ad allora La [&hellip;]<\/p>\n","protected":false},"author":33,"featured_media":650220,"comment_status":"open","ping_status":"open","sticky":false,"template":"","format":"standard","meta":{"_display_image":"yes","footnotes":""},"categories":[1190],"tags":[1240,1233,1069],"class_list":["post-650219","post","type-post","status-publish","format-standard","has-post-thumbnail","hentry","category-notizie-flash","tag-cosa-e-successo-oggi-in-ungheria","tag-notizie-dallungheria","tag-ungheria"],"blocksy_meta":[],"author_username":"ugyelet","telegram_post":"","public_post_metadata":{"breaking_news":"yes","important":"no","csempe":"no","center_tile":"no","disable_thumbnail":"no","target_lang":"","_featured_image_style":"default","telegram_post":"","_xlat_group_id":""},"public_rank_math_data":{"title":"%titolo% %sep% %nomesito%","description":"Top Ungheria news: data di ritorno primavera, discorso di P\u00e9ter Magyar, Ryanair, espansione Wizz Air, furia dei tossicodipendenti, invasori russi in Ungheria","focus_keyword":"ungheria notizie","canonical_url":"","robots":"","primary_category":"1190","breadcrumb_title":"","facebook_title":"","facebook_description":"","facebook_image":"","facebook_image_id":"","twitter_title":"","twitter_description":"","twitter_image":"","twitter_image_id":"","twitter_card_type":"","twitter_use_facebook":"","advanced_robots":"","pillar_content":"","seo_score":"81","contentai_score":"","rich_snippet":""},"_links":{"self":[{"href":"https:\/\/dailynewshungary.com\/it\/wp-json\/wp\/v2\/posts\/650219","targetHints":{"allow":["GET"]}}],"collection":[{"href":"https:\/\/dailynewshungary.com\/it\/wp-json\/wp\/v2\/posts"}],"about":[{"href":"https:\/\/dailynewshungary.com\/it\/wp-json\/wp\/v2\/types\/post"}],"author":[{"embeddable":true,"href":"https:\/\/dailynewshungary.com\/it\/wp-json\/wp\/v2\/users\/33"}],"replies":[{"embeddable":true,"href":"https:\/\/dailynewshungary.com\/it\/wp-json\/wp\/v2\/comments?post=650219"}],"version-history":[{"count":0,"href":"https:\/\/dailynewshungary.com\/it\/wp-json\/wp\/v2\/posts\/650219\/revisions"}],"wp:featuredmedia":[{"embeddable":true,"href":"https:\/\/dailynewshungary.com\/it\/wp-json\/wp\/v2\/media\/650220"}],"wp:attachment":[{"href":"https:\/\/dailynewshungary.com\/it\/wp-json\/wp\/v2\/media?parent=650219"}],"wp:term":[{"taxonomy":"category","embeddable":true,"href":"https:\/\/dailynewshungary.com\/it\/wp-json\/wp\/v2\/categories?post=650219"},{"taxonomy":"post_tag","embeddable":true,"href":"https:\/\/dailynewshungary.com\/it\/wp-json\/wp\/v2\/tags?post=650219"}],"curies":[{"name":"wp","href":"https:\/\/api.w.org\/{rel}","templated":true}]}}