{"id":650281,"date":"2025-03-15T06:34:00","date_gmt":"2025-03-15T05:34:00","guid":{"rendered":"https:\/\/dailynewshungary.com\/it\/foto-aperta-la-nuova-sede-centrale-della-rete-di-ricerca-ungherese-hun-ren\/"},"modified":"2025-03-15T06:34:00","modified_gmt":"2025-03-15T05:34:00","slug":"foto-aperta-la-nuova-sede-centrale-della-rete-di-ricerca-ungherese-hun-ren","status":"publish","type":"post","link":"https:\/\/dailynewshungary.com\/it\/foto-aperta-la-nuova-sede-centrale-della-rete-di-ricerca-ungherese-hun-ren\/","title":{"rendered":"FOTO: Aperta la nuova sede centrale della Rete di ricerca ungherese HUN-REN"},"content":{"rendered":"<p><strong>Agli scienziati devono essere offerte opportunit\u00e0 e sostegno per mantenerli in Ungheria, motivo per cui il rinnovamento della rete di ricerca nazionale ungherese \u00e8 una vittoria della strategia nazionale, e l\u2019apertura della loro nuova sede \u00e8 un riconoscimento dei loro ricercatori, Presidente Lo ha detto venerd\u00ec Tam\u00e1s Sulyok.<\/strong><\/p>\n<p><strong><a href=\"https:\/\/www.facebook.com\/sulyok.tamas.official\/posts\/pfbid0keoLZMgSRwEuAQccyap7rhVV3F833r7ggWNzeSKMTsUsXmunweH5vMZD2oXVDE2xl?__cft__[0]=AZWwe_NamQEimlhfpzP0IE_n5Y1IniPoAKoYjc5Be5LFsbFpLMUHU33HTFpKGgw1FqqOqOGkeTLnRBRWAAFbUZ0qGzOgykC_e9sX1jrBqYhRal-sDGLaJENGH-lAU2tJEM4STEVOBcuSzLgqYyJ_r9lDNLMKcIjbrWz6FiK73KolrfV9cBpeb3pOMlbXAi2cVGdSHitWP0IkrRDGr_9aihb1&amp;__tn__=%2CO%2CP-R\" target=\"_blank\" rel=\"noopener\">Sulyok <\/a><\/strong>all&#8217;apertura della nuova sede della Rete di ricerca ungherese HUN-REN ha affermato che i ricercatori ungheresi stanno cercando risposte efficaci alle sfide dell&#8217;era attuale, rafforzando cos\u00ec la scienza ungherese e le prestazioni intellettuali dei ricercatori in prima linea internazionale.<\/p>\n<figure class=\"wp-block-image aligncenter size-full\"><img loading=\"lazy\" decoding=\"async\" width=\"1080\" height=\"720\" src=\"https:\/\/contentf5.dailynewshungary.com\/wp-content\/uploads\/2025\/03\/New-Hungarian-Research-Network-HUN-REN-headquarters-opened-4.jpg\" alt=\"Aperta la nuova sede centrale della rete di ricerca ungherese HUN-REN\" class=\"wp-image-648119\" srcset=\"https:\/\/contentf5.dailynewshungary.com\/wp-content\/uploads\/2025\/03\/New-Hungarian-Research-Network-HUN-REN-headquarters-opened-4.jpg 1080w, https:\/\/contentf5.dailynewshungary.com\/wp-content\/uploads\/2025\/03\/New-Hungarian-Research-Network-HUN-REN-headquarters-opened-4-768x512.jpg 768w, https:\/\/contentf5.dailynewshungary.com\/wp-content\/uploads\/2025\/03\/New-Hungarian-Research-Network-HUN-REN-headquarters-opened-4-282x188.jpg 282w\" sizes=\"auto, (max-width: 1080px) 100vw, 1080px\"><figcaption class=\"wp-element-caption\">Foto: MTI<\/figcaption><\/figure>\n<p>\u201c<strong><a href=\"https:\/\/hun-ren.hu\/\" target=\"_blank\" rel=\"noopener\">HUN-REN<\/a><\/strong> si dedica alla pi\u00f9 stretta cooperazione tra universit\u00e0, Stato e settore privato, al fine di trasformare le invenzioni in soluzioni pratiche, ha detto\u201d Il vice segretario di stato responsabile dell&#8217;innovazione L\u00e1szl\u00f3 B\u00f3dis ha detto che \u00e8 giunto il momento di iniziare a rafforzare la rete di ricerca ungherese, un pilastro importante dell&#8217;ecosistema di ricerca.<\/p>\n<p><strong>Ecco alcune foto:<\/strong><\/p>\n<figure class=\"wp-block-image aligncenter size-full is-resized\"><img loading=\"lazy\" decoding=\"async\" width=\"480\" height=\"720\" src=\"https:\/\/contentf5.dailynewshungary.com\/wp-content\/uploads\/2025\/03\/New-Hungarian-Research-Network-HUN-REN-headquarters-opened-2.jpg\" alt=\"Aperta la nuova sede centrale della rete di ricerca ungherese HUN-REN\" class=\"wp-image-648121\" style=\"width:480px;height:auto\" srcset=\"https:\/\/contentf5.dailynewshungary.com\/wp-content\/uploads\/2025\/03\/New-Hungarian-Research-Network-HUN-REN-headquarters-opened-2.jpg 480w, https:\/\/contentf5.dailynewshungary.com\/wp-content\/uploads\/2025\/03\/New-Hungarian-Research-Network-HUN-REN-headquarters-opened-2-133x200.jpg 133w\" sizes=\"auto, (max-width: 480px) 100vw, 480px\"><figcaption class=\"wp-element-caption\">Foto: MTI<\/figcaption><\/figure>\n<figure class=\"wp-block-image size-full\"><img loading=\"lazy\" decoding=\"async\" width=\"1080\" height=\"720\" src=\"https:\/\/contentf5.dailynewshungary.com\/wp-content\/uploads\/2025\/03\/New-Hungarian-Research-Network-HUN-REN-headquarters-opened-3.jpg\" alt=\"Aperta la nuova sede centrale della rete di ricerca ungherese HUN-REN\" class=\"wp-image-648120\" srcset=\"https:\/\/contentf5.dailynewshungary.com\/wp-content\/uploads\/2025\/03\/New-Hungarian-Research-Network-HUN-REN-headquarters-opened-3.jpg 1080w, https:\/\/contentf5.dailynewshungary.com\/wp-content\/uploads\/2025\/03\/New-Hungarian-Research-Network-HUN-REN-headquarters-opened-3-768x512.jpg 768w, https:\/\/contentf5.dailynewshungary.com\/wp-content\/uploads\/2025\/03\/New-Hungarian-Research-Network-HUN-REN-headquarters-opened-3-282x188.jpg 282w\" sizes=\"auto, (max-width: 1080px) 100vw, 1080px\"><figcaption class=\"wp-element-caption\">Foto: MTI<\/figcaption><\/figure>\n<figure class=\"wp-block-gallery has-nested-images columns-default is-cropped wp-block-gallery-6 is-layout-flex wp-block-gallery-is-layout-flex\">\n<figure class=\"wp-block-image size-large\"><img loading=\"lazy\" decoding=\"async\" width=\"1067\" height=\"720\" data-id=\"648118\" src=\"https:\/\/contentf5.dailynewshungary.com\/wp-content\/uploads\/2025\/03\/New-Hungarian-Research-Network-HUN-REN-headquarters-opened-5.jpg\" alt=\"Aperta la nuova sede centrale della rete di ricerca ungherese HUN-REN\" class=\"wp-image-648118\" srcset=\"https:\/\/contentf5.dailynewshungary.com\/wp-content\/uploads\/2025\/03\/New-Hungarian-Research-Network-HUN-REN-headquarters-opened-5.jpg 1067w, https:\/\/contentf5.dailynewshungary.com\/wp-content\/uploads\/2025\/03\/New-Hungarian-Research-Network-HUN-REN-headquarters-opened-5-768x518.jpg 768w, https:\/\/contentf5.dailynewshungary.com\/wp-content\/uploads\/2025\/03\/New-Hungarian-Research-Network-HUN-REN-headquarters-opened-5-282x190.jpg 282w\" sizes=\"auto, (max-width: 1067px) 100vw, 1067px\"><figcaption class=\"wp-element-caption\">Foto: MTI<\/figcaption><\/figure>\n<figure class=\"wp-block-image size-large\"><img loading=\"lazy\" decoding=\"async\" width=\"1080\" height=\"720\" data-id=\"648122\" src=\"https:\/\/contentf5.dailynewshungary.com\/wp-content\/uploads\/2025\/03\/New-Hungarian-Research-Network-HUN-REN-headquarters-opened-1.jpg\" alt=\"Aperta la nuova sede centrale della rete di ricerca ungherese HUN-REN\" class=\"wp-image-648122\" srcset=\"https:\/\/contentf5.dailynewshungary.com\/wp-content\/uploads\/2025\/03\/New-Hungarian-Research-Network-HUN-REN-headquarters-opened-1.jpg 1080w, https:\/\/contentf5.dailynewshungary.com\/wp-content\/uploads\/2025\/03\/New-Hungarian-Research-Network-HUN-REN-headquarters-opened-1-768x512.jpg 768w, https:\/\/contentf5.dailynewshungary.com\/wp-content\/uploads\/2025\/03\/New-Hungarian-Research-Network-HUN-REN-headquarters-opened-1-282x188.jpg 282w\" sizes=\"auto, (max-width: 1080px) 100vw, 1080px\"><figcaption class=\"wp-element-caption\">Foto: MTI<\/figcaption><\/figure>\n<\/figure>\n<p><strong>Leggi anche:<\/strong><\/p>\n<ul class=\"wp-block-list\">\n<li>Cinque celebrazioni storiche del 15 marzo in Ungheria leggi di pi\u00f9 <strong><a href=\"https:\/\/dailynewshungary.com\/it\/cinque-celebrazioni-storiche-del-15-marzo-in-ungheria\/\">QUI<\/a><\/strong><\/li>\n<li>Sensazione scientifica:<strong><a href=\"https:\/\/dailynewshungary.com\/it\/sensazione-scientifica-ricercatori-ungheresi-scoprono-un-nuovo-stato-della-materia\/\"> Ricercatori ungheresi scoprono un nuovo stato della materia<\/a><\/strong><\/li>\n<\/ul>\n","protected":false},"excerpt":{"rendered":"<p>Agli scienziati devono essere offerte opportunit\u00e0 e sostegno per mantenerli in Ungheria, motivo per cui il rinnovamento della rete di ricerca nazionale ungherese \u00e8 una vittoria della strategia nazionale, e l\u2019apertura della loro nuova sede \u00e8 un riconoscimento dei loro ricercatori, Presidente Lo ha detto venerd\u00ec Tam\u00e1s Sulyok. Sulyok all&#8217;apertura della nuova sede della Rete [&hellip;]<\/p>\n","protected":false},"author":33,"featured_media":650282,"comment_status":"open","ping_status":"open","sticky":false,"template":"","format":"standard","meta":{"_display_image":"yes","footnotes":""},"categories":[1207],"tags":[1259,1079,1245,1188,1069],"class_list":["post-650281","post","type-post","status-publish","format-standard","has-post-thumbnail","hentry","category-societa-in-ungheria","tag-edilizia","tag-governo-ungherese","tag-ricerca","tag-sviluppo","tag-ungheria"],"blocksy_meta":[],"author_username":"ugyelet","telegram_post":"","public_post_metadata":{"breaking_news":"yes","important":"no","csempe":"no","center_tile":"no","disable_thumbnail":"no","target_lang":"","_featured_image_style":"hidden","telegram_post":"","_xlat_group_id":""},"public_rank_math_data":{"title":"%titolo% %sep% %nomesito%","description":"Il presidente Tam\u00e1s Sulyok ha aperto la nuova sede della rete di ricerca ungherese HUN-REN: dettagli e foto di seguito.","focus_keyword":"hun-ren","canonical_url":"","robots":"","primary_category":"1207","breadcrumb_title":"","facebook_title":"","facebook_description":"","facebook_image":"","facebook_image_id":"","twitter_title":"","twitter_description":"","twitter_image":"","twitter_image_id":"","twitter_card_type":"","twitter_use_facebook":"","advanced_robots":"","pillar_content":"","seo_score":"81","contentai_score":"","rich_snippet":""},"_links":{"self":[{"href":"https:\/\/dailynewshungary.com\/it\/wp-json\/wp\/v2\/posts\/650281","targetHints":{"allow":["GET"]}}],"collection":[{"href":"https:\/\/dailynewshungary.com\/it\/wp-json\/wp\/v2\/posts"}],"about":[{"href":"https:\/\/dailynewshungary.com\/it\/wp-json\/wp\/v2\/types\/post"}],"author":[{"embeddable":true,"href":"https:\/\/dailynewshungary.com\/it\/wp-json\/wp\/v2\/users\/33"}],"replies":[{"embeddable":true,"href":"https:\/\/dailynewshungary.com\/it\/wp-json\/wp\/v2\/comments?post=650281"}],"version-history":[{"count":0,"href":"https:\/\/dailynewshungary.com\/it\/wp-json\/wp\/v2\/posts\/650281\/revisions"}],"wp:featuredmedia":[{"embeddable":true,"href":"https:\/\/dailynewshungary.com\/it\/wp-json\/wp\/v2\/media\/650282"}],"wp:attachment":[{"href":"https:\/\/dailynewshungary.com\/it\/wp-json\/wp\/v2\/media?parent=650281"}],"wp:term":[{"taxonomy":"category","embeddable":true,"href":"https:\/\/dailynewshungary.com\/it\/wp-json\/wp\/v2\/categories?post=650281"},{"taxonomy":"post_tag","embeddable":true,"href":"https:\/\/dailynewshungary.com\/it\/wp-json\/wp\/v2\/tags?post=650281"}],"curies":[{"name":"wp","href":"https:\/\/api.w.org\/{rel}","templated":true}]}}