{"id":650841,"date":"2025-02-27T00:01:00","date_gmt":"2025-02-26T23:01:00","guid":{"rendered":"https:\/\/dailynewshungary.com\/it\/capo-verde-ribadisce-il-sostegno-costante-allintegrita-territoriale-e-alla-sovranita-del-marocco-sullintero-territorio-compreso-il-sahara-marocchino\/"},"modified":"2025-02-27T00:01:00","modified_gmt":"2025-02-26T23:01:00","slug":"capo-verde-ribadisce-il-sostegno-costante-allintegrita-territoriale-e-alla-sovranita-del-marocco-sullintero-territorio-compreso-il-sahara-marocchino","status":"publish","type":"post","link":"https:\/\/dailynewshungary.com\/it\/capo-verde-ribadisce-il-sostegno-costante-allintegrita-territoriale-e-alla-sovranita-del-marocco-sullintero-territorio-compreso-il-sahara-marocchino\/","title":{"rendered":"Capo Verde ribadisce il \u201csostegno costante\u201d all\u2019integrit\u00e0 territoriale e alla sovranit\u00e0 del Marocco sull\u2019intero territorio, compreso il Sahara marocchino"},"content":{"rendered":"<p><strong>Il Ministro degli Affari Esteri, della Cooperazione e dell&#8217;Integrazione Regionale di Capo Verde, Jos\u00e9 Filomeno de Carvalho Dias Monteiro, ha ribadito, marted\u00ec 24 febbraio, a Rabat, il costante sostegno del suo Paese all&#8217;integrit\u00e0 territoriale e alla sovranit\u00e0 del Marocco su tutto il suo territorio, compresa la regione del Sahara.<\/strong><\/p>\n<p>Durante una conferenza stampa congiunta con il suo omologo marocchino, Nasser Bourita, il ministro capoverdiano, ha sottolineato che il suo paese considera il piano di autonomia presentato dal Regno nel 2007 come l&#8217;unica soluzione credibile e realistica a questa disputa regionale, ha inoltre elogiato gli sforzi delle Nazioni Unite come quadro esclusivo per raggiungere una soluzione realistica e duratura alla questione del Sahara, il <a href=\"https:\/\/diplomatie.ma\/en\/cabo-verde-fm%E2%80%99s-visit-morocco-underscores-strong-bilateral-ties-mfa-bourita\" target=\"_blank\" rel=\"noopener\">Ministero degli Esteri marocchino ha detto<\/a>.<\/p>\n<p>Dias Monteiro ha riaffermato la posizione di Capo Verde, che fa parte della dinamica internazionale guidata dal re Mohammed VI, che sostiene il piano di autonomia e la sovranit\u00e0 del regno sul Sahara.<\/p>\n<p>Da parte sua, Bourita ha ringraziato Dias Monteiro per il fermo e fermo sostegno del paese fraterno alla sovranit\u00e0 del Marocco sul Sahara e ha elogiato l&#8217;apertura di un consolato generale di Capo Verde a Dakhla nell&#8217;agosto 2022.<\/p>\n<p>Nello stesso quadro, i due ministri hanno firmato un accordo di partenariato tra Marocco e Capo Verde dopo aver rivisto i termini di cooperazione risalenti all&#8217;indipendenza di Capo Verde nel 1975.<\/p>\n<blockquote class=\"twitter-tweet\">\n<p lang=\"en\" dir=\"ltr\">Durante una conferenza stampa congiunta successiva al suo incontro con il suo omologo di Capo Verde, il MAE Nasser Bourita ha evidenziato che la visita del signor Jos\u00e9 Filomeno de Carvalho Dias Monteiro testimonia la forza dei legami tra il Marocco e Capo Verde<a href=\"https:\/\/t.co\/2jR3oCkQaN\" target=\"_blank\">https:\/\/t.co\/2jR3oCkQaN<\/a> <a href=\"https:\/\/t.co\/slTa1vo51p\" target=\"_blank\">pic.twitter.com\/slTa1vo51p<\/a><\/p>\n<p>Diplomazia marocchina  (@Marocdip_EN) <a href=\"https:\/\/twitter.com\/Marocdiplo_EN\/status\/1894515210540474548?ref_src=twsrc%5Etfw\" target=\"_blank\" rel=\"noopener\">25 febbraio 2025<\/a><\/p><\/blockquote>\n<p> <script async=\"\" src=\"https:\/\/platform.twitter.com\/widgets.js\" charset=\"utf-8\"><\/script><\/p>\n<p>Durante il loro incontro a Rabat l&#8217;8 giugno 2022, i due ministri hanno invitato i settori privati di entrambi i paesi a esplorare opportunit\u00e0 di scambio economico e di investimento, hanno invitato i dipartimenti competenti di entrambi i paesi a istituire comitati per garantire il follow-up e l&#8217;attuazione di questi progetti.<\/p>\n<p>Sono stati individuati diversi settori prioritari: agricoltura, pesca, turismo, edilizia abitativa ed edilizia, formazione professionale ed energia.<\/p>\n<p>Come abbiamo scritto una settimana fa, l&#8217;Ungheria ha aperto una nuova missione diplomatica nel <a href=\"https:\/\/dailynewshungary.com\/it\/lungheria-apre-una-nuova-missione-diplomatica-nel-paese-africano\/\">Paese africano<\/a>.<\/p>\n<div class=\"lazyblock-dnh-insert-embed-post-Z9g6ny wp-block-lazyblock-dnh-insert-embed-post\">\n<div class=\"custom-link-block dnh-embed-container\">\n<h3 class=\"dnh-embed-post-label\">leggi anche<\/h3>\n<p>        <a href=\"https:\/\/dailynewshungary.com\/it\/presentato-il-logo-per-afcon-2025-in-marocco\/\" class=\"dnh-embed-post-url\"><br \/>\n            Presentato il logo per AFCON 2025 in Marocco        <\/a>\n    <\/div>\n<\/div>\n","protected":false},"excerpt":{"rendered":"<p>Il Ministro degli Affari Esteri, della Cooperazione e dell&#8217;Integrazione Regionale di Capo Verde, Jos\u00e9 Filomeno de Carvalho Dias Monteiro, ha ribadito, marted\u00ec 24 febbraio, a Rabat, il costante sostegno del suo Paese all&#8217;integrit\u00e0 territoriale e alla sovranit\u00e0 del Marocco su tutto il suo territorio, compresa la regione del Sahara. Durante una conferenza stampa congiunta con [&hellip;]<\/p>\n","protected":false},"author":86,"featured_media":650842,"comment_status":"open","ping_status":"open","sticky":false,"template":"","format":"standard","meta":{"_display_image":"yes","footnotes":""},"categories":[1197],"tags":[1338,1091,1199],"class_list":["post-650841","post","type-post","status-publish","format-standard","has-post-thumbnail","hentry","category-mondo","tag-africa","tag-diplomazia","tag-utile"],"blocksy_meta":[],"author_username":"guestauthor","telegram_post":"","public_post_metadata":{"breaking_news":"yes","important":"no","csempe":"no","center_tile":"no","disable_thumbnail":"yes","target_lang":"","_featured_image_style":"hidden","telegram_post":"","_xlat_group_id":""},"public_rank_math_data":{"title":"%titolo% %sep% %nomesito%","description":"","focus_keyword":"Sahara","canonical_url":"","robots":"","primary_category":"1197","breadcrumb_title":"","facebook_title":"","facebook_description":"","facebook_image":"","facebook_image_id":"","twitter_title":"","twitter_description":"","twitter_image":"","twitter_image_id":"","twitter_card_type":"","twitter_use_facebook":"","advanced_robots":"","pillar_content":"","seo_score":"70","contentai_score":"","rich_snippet":""},"_links":{"self":[{"href":"https:\/\/dailynewshungary.com\/it\/wp-json\/wp\/v2\/posts\/650841","targetHints":{"allow":["GET"]}}],"collection":[{"href":"https:\/\/dailynewshungary.com\/it\/wp-json\/wp\/v2\/posts"}],"about":[{"href":"https:\/\/dailynewshungary.com\/it\/wp-json\/wp\/v2\/types\/post"}],"author":[{"embeddable":true,"href":"https:\/\/dailynewshungary.com\/it\/wp-json\/wp\/v2\/users\/86"}],"replies":[{"embeddable":true,"href":"https:\/\/dailynewshungary.com\/it\/wp-json\/wp\/v2\/comments?post=650841"}],"version-history":[{"count":0,"href":"https:\/\/dailynewshungary.com\/it\/wp-json\/wp\/v2\/posts\/650841\/revisions"}],"wp:featuredmedia":[{"embeddable":true,"href":"https:\/\/dailynewshungary.com\/it\/wp-json\/wp\/v2\/media\/650842"}],"wp:attachment":[{"href":"https:\/\/dailynewshungary.com\/it\/wp-json\/wp\/v2\/media?parent=650841"}],"wp:term":[{"taxonomy":"category","embeddable":true,"href":"https:\/\/dailynewshungary.com\/it\/wp-json\/wp\/v2\/categories?post=650841"},{"taxonomy":"post_tag","embeddable":true,"href":"https:\/\/dailynewshungary.com\/it\/wp-json\/wp\/v2\/tags?post=650841"}],"curies":[{"name":"wp","href":"https:\/\/api.w.org\/{rel}","templated":true}]}}