{"id":650921,"date":"2025-02-24T21:14:00","date_gmt":"2025-02-24T20:14:00","guid":{"rendered":"https:\/\/dailynewshungary.com\/it\/2025-osaka-world-expo-svelato-il-padiglione-dellungheria-volo-diretto-in-cantiere\/"},"modified":"2025-02-24T21:14:00","modified_gmt":"2025-02-24T20:14:00","slug":"2025-osaka-world-expo-svelato-il-padiglione-dellungheria-volo-diretto-in-cantiere","status":"publish","type":"post","link":"https:\/\/dailynewshungary.com\/it\/2025-osaka-world-expo-svelato-il-padiglione-dellungheria-volo-diretto-in-cantiere\/","title":{"rendered":"2025 Osaka World Expo: svelato il padiglione dell\u2019Ungheria, volo diretto in cantiere"},"content":{"rendered":"<p><strong>Luned\u00ec a Budapest sono stati presentati il design architettonico e il concept creativo del padiglione ungherese all&#8217;Expo mondiale 2025 di Osaka.<\/strong><\/p>\n<h2 class=\"wp-block-heading\">Expo mondiale di Osaka 2025: Ungheria<\/h2>\n<p>Il ministro dell&#8217;Economia nazionale, M\u00e1rton Nagy, ha affermato che la partecipazione dell&#8217;Ungheria all&#8217;esposizione andrebbe a beneficio dell&#8217;economia, ha sottolineato l&#8217;impatto dell&#8217;evento sul turismo e sulla cultura, sottolineando che il turismo ha rappresentato quasi il 13% del PIL ungherese lo scorso anno.<\/p>\n<p>Mostrare l&#8217;Ungheria in Asia \u00e8 importante anche alla luce del crescente numero di visitatori provenienti dalla regione, ha detto, aggiungendo che il fatturato turistico generato dai visitatori provenienti dalla Cina \u00e8 raddoppiato lo scorso anno, mentre l&#8217;aumento dell&#8217;8% per i visitatori provenienti dalla Corea del Sud e del 44% per i visitatori provenienti dal Giappone. Si prevede che Expo 2025 attirer\u00e0 25 milioni di visitatori da 160 paesi.<\/p>\n<p>D\u00e1vid Drozsnyik, direttore creativo del padiglione, ha affermato che la vetrina ungherese all&#8217;Expo sostiene la conservazione del patrimonio culturale e la trasmissione delle tradizioni insieme al loro contributo a una societ\u00e0 sostenibile. G\u00e1bor Zoboki, l&#8217;architetto del padiglione, ha affermato che l&#8217;ispirazione per il progetto \u00e8 venuta dall&#8217;architettura vernacolare sia del Giappone che dell&#8217;Ungheria.<\/p>\n<p>Il <a href=\"https:\/\/dailynewshungary.com\/it\/lungheria-presenta-il-padiglione-per-lexpo-mondiale-di-osaka-2025\/\">padiglione<\/a> dispone di un&#8217;area per conferenze d&#8217;affari, nonch\u00e9 di spazi per ricevimenti ed esposizioni, un ristorante e un wine bar.<\/p>\n<figure class=\"wp-block-embed is-type-video is-provider-youtube wp-block-embed-youtube wp-embed-aspect-16-9 wp-has-aspect-ratio\">\n<div class=\"wp-block-embed__wrapper\">\n<iframe loading=\"lazy\" title=\"A 2025. \u00e9vi Oszakai Vil\u00e1gki\u00e1ll\u00edt\u00e1s Magyar Pavilonj\u00e1nak bemutatkoz\u00f3 kisfilmje\" width=\"1480\" height=\"833\" src=\"https:\/\/www.youtube.com\/embed\/5gagT3YvrbI?feature=oembed\" frameborder=\"0\" allow=\"accelerometer; autoplay; clipboard-write; encrypted-media; gyroscope; picture-in-picture; web-share\" referrerpolicy=\"strict-origin-when-cross-origin\" allowfullscreen=\"\"><\/iframe>\n<\/div>\n<\/figure>\n<h2 class=\"wp-block-heading\">Il Giappone come partner commerciale<\/h2>\n<p>Il Giappone viene in mente a causa di Suzuki, perch\u00e9 ci sono davvero molte aziende automobilistiche l\u00ec, ma il programma di incentivi agli investimenti non \u00e8 rivolto solo all&#8217;industria automobilistica, ha detto Entro il 2030, l&#8217;afflusso di capitale circolante potrebbe raddoppiare, il 70 per cento del quale \u00e8 ora legato alla Cina Attualmente, 181 aziende di propriet\u00e0 giapponese stanno gi\u00e0 operando qui, fornendo mezzi di sussistenza a 27.000 famiglie ungheresi, <a href=\"https:\/\/www.vg.hu\/vilaggazdasag-magyar-gazdasag\/2025\/02\/kozvetlen-japan-repulojarat-budapestrol-oszakai-vilagkiallitas\" target=\"_blank\" rel=\"noopener\">vg.hu<\/a> segnalato.<\/p>\n<div class=\"lazyblock-dnh-insert-embed-post-Z2jDONi wp-block-lazyblock-dnh-insert-embed-post\">\n<div class=\"custom-link-block dnh-embed-container\">\n<h3 class=\"dnh-embed-post-label\">Leggi anche:<\/h3>\n<p>        <a href=\"https:\/\/dailynewshungary.com\/it\/il-marchio-giapponese-di-caffe-premium-apre-il-primo-negozio-a-budapest-foto\/\" class=\"dnh-embed-post-url\"><br \/>\n            Il marchio giapponese di caff\u00e8 premium apre il primo negozio a Budapest! FOTO        <\/a>\n    <\/div>\n<\/div>\n<p>Giappone e Ungheria intrattengono relazioni diplomatiche da 156 anni, e questa non \u00e8 la prima volta che l&#8217;Ungheria partecipa ad un <a href=\"https:\/\/www.expo2025.or.jp\/en\/\" target=\"_blank\" rel=\"noopener\">Osaka World Expo<\/a>. Anche l&#8217;Expo mondiale di Dubai \u00e8 stata un grande successo, e sarebbe bene superare anche quello, che \u00e8 una possibilit\u00e0.<\/p>\n<figure class=\"wp-block-image size-full\"><img loading=\"lazy\" decoding=\"async\" width=\"900\" height=\"900\" src=\"https:\/\/contentf5.dailynewshungary.com\/wp-content\/uploads\/2025\/02\/2025-osaka-world-expo-hungary.jpg\" alt=\"2025 Osaka World Expo Ungheria\" class=\"wp-image-646257\" srcset=\"https:\/\/contentf5.dailynewshungary.com\/wp-content\/uploads\/2025\/02\/2025-osaka-world-expo-hungary.jpg 900w, https:\/\/contentf5.dailynewshungary.com\/wp-content\/uploads\/2025\/02\/2025-osaka-world-expo-hungary-768x768.jpg 768w, https:\/\/contentf5.dailynewshungary.com\/wp-content\/uploads\/2025\/02\/2025-osaka-world-expo-hungary-200x200.jpg 200w\" sizes=\"auto, (max-width: 900px) 100vw, 900px\"><\/figure>\n<p>I voli diretti sono un altro segno dell&#8217;interesse commerciale e turistico in Ungheria.<br \/>Dalla Cina, \u00e8 il doppio, e l&#8217;8 per cento in pi\u00f9 dalla Corea del Sud Anche senza voli diretti, nel 2024 arriver\u00e0 a Budapest il 44 per cento in pi\u00f9 di persone dal Giappone, ha detto il ministro Nagy<\/p>\n<blockquote class=\"wp-block-quote is-layout-flow wp-block-quote-is-layout-flow\">\n<p>non c&#8217;\u00e8 ancora un volo diretto per il Giappone da Budapest, ma ci stiamo lavorando.<\/p>\n<\/blockquote>\n<h2 class=\"wp-block-heading\">Gastronomia, vino<\/h2>\n<p>Gastronomia di qualit\u00e0, tradizione e unicit\u00e0 nel cibo e nel vino sono i tratti distintivi della destinazione di un gastroturista giapponese.<\/p>\n<p>Vorrebbero attirare gli ospiti giapponesi al padiglione ungherese, Miska Wine Bar, e presentare cibi e bevande tradizionali ungheresi in un degno ambiente di servizio.<\/p>\n<p>Tokaj sar\u00e0 la parola che chiama per il vino, e siamo molto orgogliosi dei fr\u00f6ccs, gli sciroppi di frutta, che vogliono presentare a molte persone Il menu del padiglione ungherese includer\u00e0 anche fegato d&#8217;anatra, zuppa di gulasch, patate alla paprika, gnocchi di ricotta e gnocchi di soml\u00f3i.<\/p>\n<ul class=\"wp-block-list\">\n<li>Leggi anche: <a href=\"https:\/\/dailynewshungary.com\/it\/intervista-con-lambasciatore-del-giappone-a-budapest-sugli-investimenti-giapponesi-in-ungheria-sulla-guerra-in-ucraina-sulla-cultura-e-altro-ancora\/\">INTERVISTA con l&#8217;ambasciatore del Giappone a Budapest sugli investimenti giapponesi in Ungheria, sulla guerra in Ucraina, sulla cultura e altro ancora<\/a><\/li>\n<\/ul>\n","protected":false},"excerpt":{"rendered":"<p>Luned\u00ec a Budapest sono stati presentati il design architettonico e il concept creativo del padiglione ungherese all&#8217;Expo mondiale 2025 di Osaka. Expo mondiale di Osaka 2025: Ungheria Il ministro dell&#8217;Economia nazionale, M\u00e1rton Nagy, ha affermato che la partecipazione dell&#8217;Ungheria all&#8217;esposizione andrebbe a beneficio dell&#8217;economia, ha sottolineato l&#8217;impatto dell&#8217;evento sul turismo e sulla cultura, sottolineando che [&hellip;]<\/p>\n","protected":false},"author":2,"featured_media":650922,"comment_status":"open","ping_status":"open","sticky":false,"template":"","format":"standard","meta":{"_display_image":"yes","footnotes":""},"categories":[1304],"tags":[1068,1371,1372,1168,1326,1079,1321,1072,1069,1073],"class_list":["post-650921","post","type-post","status-publish","format-standard","has-post-thumbnail","hentry","category-cultura-in-ungheria","tag-aeroporto-di-budapest","tag-commercio","tag-commercio-in-ungheria","tag-gastronomia","tag-giappone","tag-governo-ungherese","tag-guida-ai-programmi","tag-turismo","tag-ungheria","tag-viaggi"],"blocksy_meta":[],"author_username":"alk","telegram_post":"","public_post_metadata":{"breaking_news":"yes","important":"no","csempe":"no","center_tile":"no","disable_thumbnail":"no","target_lang":"","_featured_image_style":"default","telegram_post":"","_xlat_group_id":""},"public_rank_math_data":{"title":"%titolo% %sep% %nomesito%","description":"","focus_keyword":"Osaka World Expo","canonical_url":"","robots":"","primary_category":"1304","breadcrumb_title":"","facebook_title":"","facebook_description":"","facebook_image":"","facebook_image_id":"","twitter_title":"","twitter_description":"","twitter_image":"","twitter_image_id":"","twitter_card_type":"","twitter_use_facebook":"","advanced_robots":"","pillar_content":"","seo_score":"77","contentai_score":"","rich_snippet":""},"_links":{"self":[{"href":"https:\/\/dailynewshungary.com\/it\/wp-json\/wp\/v2\/posts\/650921","targetHints":{"allow":["GET"]}}],"collection":[{"href":"https:\/\/dailynewshungary.com\/it\/wp-json\/wp\/v2\/posts"}],"about":[{"href":"https:\/\/dailynewshungary.com\/it\/wp-json\/wp\/v2\/types\/post"}],"author":[{"embeddable":true,"href":"https:\/\/dailynewshungary.com\/it\/wp-json\/wp\/v2\/users\/2"}],"replies":[{"embeddable":true,"href":"https:\/\/dailynewshungary.com\/it\/wp-json\/wp\/v2\/comments?post=650921"}],"version-history":[{"count":0,"href":"https:\/\/dailynewshungary.com\/it\/wp-json\/wp\/v2\/posts\/650921\/revisions"}],"wp:featuredmedia":[{"embeddable":true,"href":"https:\/\/dailynewshungary.com\/it\/wp-json\/wp\/v2\/media\/650922"}],"wp:attachment":[{"href":"https:\/\/dailynewshungary.com\/it\/wp-json\/wp\/v2\/media?parent=650921"}],"wp:term":[{"taxonomy":"category","embeddable":true,"href":"https:\/\/dailynewshungary.com\/it\/wp-json\/wp\/v2\/categories?post=650921"},{"taxonomy":"post_tag","embeddable":true,"href":"https:\/\/dailynewshungary.com\/it\/wp-json\/wp\/v2\/tags?post=650921"}],"curies":[{"name":"wp","href":"https:\/\/api.w.org\/{rel}","templated":true}]}}