{"id":651407,"date":"2025-02-10T11:55:00","date_gmt":"2025-02-10T10:55:00","guid":{"rendered":"https:\/\/dailynewshungary.com\/it\/presidente-della-camera-parlamento-ungherese-che-sostiene-lintegrazione-dellue-dei-vicini-meridionali-e-orientali\/"},"modified":"2025-02-10T11:55:00","modified_gmt":"2025-02-10T10:55:00","slug":"presidente-della-camera-parlamento-ungherese-che-sostiene-lintegrazione-dellue-dei-vicini-meridionali-e-orientali","status":"publish","type":"post","link":"https:\/\/dailynewshungary.com\/it\/presidente-della-camera-parlamento-ungherese-che-sostiene-lintegrazione-dellue-dei-vicini-meridionali-e-orientali\/","title":{"rendered":"Presidente della Camera: Parlamento ungherese che sostiene l\u2019integrazione dell\u2019UE dei \u201cvicini meridionali e orientali\u201d"},"content":{"rendered":"<p><strong>Il parlamento ungherese continuer\u00e0 a sostenere i vicini meridionali e orientali del paese che partecipano al processo di allargamento dell&#8217;Unione europea, ha detto luned\u00ec il presidente del parlamento L\u00e1szl\u00f3 K\u00f6v\u00e9r.<\/strong><\/p>\n<p>Rivolgendosi a una riunione dei capi delle cariche parlamentari dei membri dell&#8217;UE, il presidente della Camera K\u00f6v\u00e9r ha affermato che la recente presidenza ungherese dell&#8217;UE ha mirato a garantire che \u201cil processo di allargamento rimanga obiettivo e autentico, sulla base di meriti (dei candidati)\u201d La presidenza ungherese, ha affermato, \u00e8 riuscita a riavviare i processi congelati per due anni e mezzo, con particolare riguardo all&#8217;Albania, al Montenegro e alla Serbia. Tra i risultati della presidenza ungherese nella seconda met\u00e0 dello scorso anno, <a href=\"https:\/\/www.parlament.hu\/web\/guest\/sajto\" target=\"_blank\" rel=\"noopener\">Ha menzionato il presidente della Camera K\u00f6v\u00e9r<\/a> la Dichiarazione di Budapest, mirava a migliorare la competitivit\u00e0 della comunit\u00e0, e sottolineava il pieno impegno della Romania e della Bulgaria <a href=\"https:\/\/dailynewshungary.com\/it\/la-grande-rapina-al-treno-britannico-come-una-banda-di-15-uomini-rubo-26-milioni-di-sterline-nel-1963\/\">Schengen<\/a> adesione, che secondo lui \u00e8 stata \u201cla conclusione di un processo di oltre 10 anni.\u201d Per quanto riguarda l&#8217;incontro di luned\u00ec, K\u00f6v\u00e9r ha affermato che i programmi educativi volti a condividere la conoscenza della democrazia e le forme di cooperazione tra i parlamenti dell&#8217;UE e le assemblee dei paesi candidati sono in cima all&#8217;agenda. <\/p>\n<p>Il prossimo incontro dei relatori parlamentari dell&#8217;UE si terr\u00e0 anche a Budapest, l&#8217;11-12 maggio, ha detto il presidente della Camera K\u00f6v\u00e9r La conferenza si concentrer\u00e0 sulla sovranit\u00e0 nazionale dei paesi europei come riflesso nella politica globale cos\u00ec come \u201cl&#8217;identit\u00e0 delle nazioni europee come fattore di competitivit\u00e0 nell&#8217;economia globale, ha aggiunto\u201d.<\/p>\n<p>leggi anche: <a href=\"https:\/\/dailynewshungary.com\/it\/la-presidente-del-parlamento-georgiano-salva-papuasvili-ha-tenuto-colloqui-a-budapest\/\">La presidente del parlamento georgiano Salva Papuasvili ha tenuto colloqui a Budapest<\/a><\/p>\n<div class=\"lazyblock-dnh-insert-embed-post-Z8fDfV wp-block-lazyblock-dnh-insert-embed-post\">\n<div class=\"custom-link-block dnh-embed-container\">\n<h3 class=\"dnh-embed-post-label\">leggi anche<\/h3>\n<p>        <a href=\"https:\/\/dailynewshungary.com\/it\/speaker-kover-la-nuova-commissione-europea-lavora-contro-gli-interessi-delleuropa\/\" class=\"dnh-embed-post-url\"><br \/>\n            Speaker K\u00f6v\u00e9r: la nuova Commissione europea lavora contro gli interessi dell&#8217;Europa        <\/a>\n    <\/div>\n<\/div>\n","protected":false},"excerpt":{"rendered":"<p>Il parlamento ungherese continuer\u00e0 a sostenere i vicini meridionali e orientali del paese che partecipano al processo di allargamento dell&#8217;Unione europea, ha detto luned\u00ec il presidente del parlamento L\u00e1szl\u00f3 K\u00f6v\u00e9r. Rivolgendosi a una riunione dei capi delle cariche parlamentari dei membri dell&#8217;UE, il presidente della Camera K\u00f6v\u00e9r ha affermato che la recente presidenza ungherese dell&#8217;UE [&hellip;]<\/p>\n","protected":false},"author":2,"featured_media":651408,"comment_status":"open","ping_status":"open","sticky":false,"template":"","format":"standard","meta":{"_display_image":"yes","footnotes":""},"categories":[1185],"tags":[1131,1295,1491,1172,1069,1075],"class_list":["post-651407","post","type-post","status-publish","format-standard","has-post-thumbnail","hentry","category-politica-in-ungheria","tag-balcani","tag-parlamento-ungherese","tag-presidente-della-camera","tag-schengen","tag-ungheria","tag-unione-europea"],"blocksy_meta":[],"author_username":"alk","telegram_post":"","public_post_metadata":{"breaking_news":"no","important":"no","csempe":"no","center_tile":"no","disable_thumbnail":"yes","target_lang":"","_featured_image_style":"default","telegram_post":"","_xlat_group_id":""},"public_rank_math_data":{"title":"%titolo% %sep% %nomesito%","description":"","focus_keyword":"Oratore della Camera","canonical_url":"","robots":"","primary_category":"1185","breadcrumb_title":"","facebook_title":"","facebook_description":"","facebook_image":"","facebook_image_id":"","twitter_title":"","twitter_description":"","twitter_image":"","twitter_image_id":"","twitter_card_type":"","twitter_use_facebook":"","advanced_robots":"","pillar_content":"","seo_score":"66","contentai_score":"","rich_snippet":""},"_links":{"self":[{"href":"https:\/\/dailynewshungary.com\/it\/wp-json\/wp\/v2\/posts\/651407","targetHints":{"allow":["GET"]}}],"collection":[{"href":"https:\/\/dailynewshungary.com\/it\/wp-json\/wp\/v2\/posts"}],"about":[{"href":"https:\/\/dailynewshungary.com\/it\/wp-json\/wp\/v2\/types\/post"}],"author":[{"embeddable":true,"href":"https:\/\/dailynewshungary.com\/it\/wp-json\/wp\/v2\/users\/2"}],"replies":[{"embeddable":true,"href":"https:\/\/dailynewshungary.com\/it\/wp-json\/wp\/v2\/comments?post=651407"}],"version-history":[{"count":0,"href":"https:\/\/dailynewshungary.com\/it\/wp-json\/wp\/v2\/posts\/651407\/revisions"}],"wp:featuredmedia":[{"embeddable":true,"href":"https:\/\/dailynewshungary.com\/it\/wp-json\/wp\/v2\/media\/651408"}],"wp:attachment":[{"href":"https:\/\/dailynewshungary.com\/it\/wp-json\/wp\/v2\/media?parent=651407"}],"wp:term":[{"taxonomy":"category","embeddable":true,"href":"https:\/\/dailynewshungary.com\/it\/wp-json\/wp\/v2\/categories?post=651407"},{"taxonomy":"post_tag","embeddable":true,"href":"https:\/\/dailynewshungary.com\/it\/wp-json\/wp\/v2\/tags?post=651407"}],"curies":[{"name":"wp","href":"https:\/\/api.w.org\/{rel}","templated":true}]}}