{"id":651961,"date":"2025-01-23T21:04:00","date_gmt":"2025-01-23T20:04:00","guid":{"rendered":"https:\/\/dailynewshungary.com\/it\/il-gabinetto-orban-annuncia-la-costruzione-di-una-nuova-superstrada-vicino-al-confine-austriaco\/"},"modified":"2025-01-23T21:04:00","modified_gmt":"2025-01-23T20:04:00","slug":"il-gabinetto-orban-annuncia-la-costruzione-di-una-nuova-superstrada-vicino-al-confine-austriaco","status":"publish","type":"post","link":"https:\/\/dailynewshungary.com\/it\/il-gabinetto-orban-annuncia-la-costruzione-di-una-nuova-superstrada-vicino-al-confine-austriaco\/","title":{"rendered":"Il gabinetto Orb\u00e1n annuncia la costruzione di una nuova superstrada vicino al confine austriaco"},"content":{"rendered":"<p><strong>Una strada a doppia carreggiata nord-sud di 40 km nell\u2019ovest del paese potrebbe essere costruita con 200 miliardi di fiorini entro la fine del decennio, ha detto gioved\u00ec il ministro delle Costruzioni e dei Trasporti J\u00e1nos L\u00e1z\u00e1r.<\/strong><\/p>\n<p>La superstrada collegher\u00e0 Szombathely con K\u0151szeg, a nord, e K\u00f6rmend, a sud, <strong><a href=\"https:\/\/www.facebook.com\/lazarjanosfidesz\" target=\"_blank\" rel=\"noopener\">L\u00e1z\u00e1r <\/a><\/strong>detto in una conferenza stampa congiunta con il sindaco di Szombathely <strong><a href=\"https:\/\/www.facebook.com\/nemeny.andras\" target=\"_blank\" rel=\"noopener\">Andr\u00e1s Nem\u00e9ny<\/a><\/strong>. La pianificazione della superstrada, che coster\u00e0 5 miliardi di fiorini, sar\u00e0 completata entro la fine dell&#8217;anno, ha affermato. I permessi sono gi\u00e0 stati acquisiti e lo Stato sta stanziando 2,0 miliardi di fiorini per l&#8217;acquisizione di terreni, ha aggiunto.<\/p>\n<figure class=\"wp-block-image size-large\"><img loading=\"lazy\" decoding=\"async\" width=\"1280\" height=\"853\" src=\"https:\/\/contentf5.dailynewshungary.com\/wp-content\/uploads\/2025\/01\/Andras-Nemeny-and-Janos-Lazar-1280x853.jpg\" alt=\"Andr\u00e1s Nem\u00e9ny e J\u00e1nos L\u00e1z\u00e1r nuova superstrada\" class=\"wp-image-642923\" srcset=\"https:\/\/contentf5.dailynewshungary.com\/wp-content\/uploads\/2025\/01\/Andras-Nemeny-and-Janos-Lazar-1280x853.jpg 1280w, https:\/\/contentf5.dailynewshungary.com\/wp-content\/uploads\/2025\/01\/Andras-Nemeny-and-Janos-Lazar-768x512.jpg 768w, https:\/\/contentf5.dailynewshungary.com\/wp-content\/uploads\/2025\/01\/Andras-Nemeny-and-Janos-Lazar-282x188.jpg 282w, https:\/\/contentf5.dailynewshungary.com\/wp-content\/uploads\/2025\/01\/Andras-Nemeny-and-Janos-Lazar-1536x1024.jpg 1536w, https:\/\/contentf5.dailynewshungary.com\/wp-content\/uploads\/2025\/01\/Andras-Nemeny-and-Janos-Lazar.jpg 2048w\" sizes=\"auto, (max-width: 1280px) 100vw, 1280px\"><figcaption class=\"wp-element-caption\">Foto: FB\/L\u00e1z\u00e1r<\/figcaption><\/figure>\n<p>Il compito \u201creal\u201d sar\u00e0 ottenere il HUF 200 miliardi per la costruzione della superstrada, ha detto Ha aggiunto che una tangenziale intorno alla citt\u00e0 di Szombathely potrebbe essere costruita in una cooperazione Il governo sostiene lo sviluppo di un parco industriale\/logistica a Szombathely che potrebbe comportare la collaborazione con la compagnia ferroviaria regionale <strong><a href=\"https:\/\/www2.gysev.hu\/\" target=\"_blank\" rel=\"noopener\">GYSEV<\/a><\/strong>, di propriet\u00e0 della maggioranza dello Stato ungherese, ha detto L\u00e1z\u00e1r.<\/p>\n<p>Il sindaco Nem\u00e9ny ha detto che il consiglio comunale si impegner\u00e0 a cooperare con il governo per attuare piani di sviluppo per la citt\u00e0.<\/p>\n<p><strong>Leggi anche:<\/strong><\/p>\n<ul class=\"wp-block-list\">\n<li>Gigante austriaco Strabag <strong><a href=\"https:\/\/dailynewshungary.com\/it\/il-gigante-austriaco-strabag-deve-affrontare-le-ricadute-per-un-massiccio-fallimento-edilizio-in-ungheria\/\">volti <\/a><\/strong>ricadute su massicci fallimenti edilizi in Ungheria!<\/li>\n<li>Nuova autostrada da costruire nell&#8217;Ungheria meridionale Leggi di pi\u00f9 <strong><a href=\"https:\/\/dailynewshungary.com\/it\/nuova-autostrada-da-costruire-nel-sud-dellungheria\/\">QUI<\/a><\/strong><\/li>\n<\/ul>\n","protected":false},"excerpt":{"rendered":"<p>Una strada a doppia carreggiata nord-sud di 40 km nell\u2019ovest del paese potrebbe essere costruita con 200 miliardi di fiorini entro la fine del decennio, ha detto gioved\u00ec il ministro delle Costruzioni e dei Trasporti J\u00e1nos L\u00e1z\u00e1r. La superstrada collegher\u00e0 Szombathely con K\u0151szeg, a nord, e K\u00f6rmend, a sud, L\u00e1z\u00e1r detto in una conferenza stampa [&hellip;]<\/p>\n","protected":false},"author":33,"featured_media":651962,"comment_status":"open","ping_status":"open","sticky":false,"template":"","format":"standard","meta":{"_display_image":"yes","footnotes":""},"categories":[1185],"tags":[1259,1079,1288,1117,1069],"class_list":["post-651961","post","type-post","status-publish","format-standard","has-post-thumbnail","hentry","category-politica-in-ungheria","tag-edilizia","tag-governo-ungherese","tag-traffico","tag-trasporti","tag-ungheria"],"blocksy_meta":[],"author_username":"ugyelet","telegram_post":"","public_post_metadata":{"breaking_news":"no","important":"no","csempe":"no","center_tile":"no","disable_thumbnail":"no","target_lang":"","_featured_image_style":"hidden","telegram_post":"","_xlat_group_id":""},"public_rank_math_data":{"title":"%titolo% %sep% %nomesito%","description":"Si prevede che la nuova superstrada che collegher\u00e0 due citt\u00e0 ungheresi vicino al confine austriaco sar\u00e0 pronta entro la fine del decennio.","focus_keyword":"superstrada","canonical_url":"","robots":"","primary_category":"1185","breadcrumb_title":"","facebook_title":"","facebook_description":"","facebook_image":"","facebook_image_id":"","twitter_title":"","twitter_description":"","twitter_image":"","twitter_image_id":"","twitter_card_type":"","twitter_use_facebook":"","advanced_robots":"","pillar_content":"","seo_score":"77","contentai_score":"","rich_snippet":""},"_links":{"self":[{"href":"https:\/\/dailynewshungary.com\/it\/wp-json\/wp\/v2\/posts\/651961","targetHints":{"allow":["GET"]}}],"collection":[{"href":"https:\/\/dailynewshungary.com\/it\/wp-json\/wp\/v2\/posts"}],"about":[{"href":"https:\/\/dailynewshungary.com\/it\/wp-json\/wp\/v2\/types\/post"}],"author":[{"embeddable":true,"href":"https:\/\/dailynewshungary.com\/it\/wp-json\/wp\/v2\/users\/33"}],"replies":[{"embeddable":true,"href":"https:\/\/dailynewshungary.com\/it\/wp-json\/wp\/v2\/comments?post=651961"}],"version-history":[{"count":0,"href":"https:\/\/dailynewshungary.com\/it\/wp-json\/wp\/v2\/posts\/651961\/revisions"}],"wp:featuredmedia":[{"embeddable":true,"href":"https:\/\/dailynewshungary.com\/it\/wp-json\/wp\/v2\/media\/651962"}],"wp:attachment":[{"href":"https:\/\/dailynewshungary.com\/it\/wp-json\/wp\/v2\/media?parent=651961"}],"wp:term":[{"taxonomy":"category","embeddable":true,"href":"https:\/\/dailynewshungary.com\/it\/wp-json\/wp\/v2\/categories?post=651961"},{"taxonomy":"post_tag","embeddable":true,"href":"https:\/\/dailynewshungary.com\/it\/wp-json\/wp\/v2\/tags?post=651961"}],"curies":[{"name":"wp","href":"https:\/\/api.w.org\/{rel}","templated":true}]}}