{"id":652109,"date":"2025-01-19T19:34:00","date_gmt":"2025-01-19T18:34:00","guid":{"rendered":"https:\/\/dailynewshungary.com\/it\/adrien-brody-riflette-sulle-radici-ungheresi-e-sul-nuovo-filmthethe-brutalist\/"},"modified":"2025-01-19T19:34:00","modified_gmt":"2025-01-19T18:34:00","slug":"adrien-brody-riflette-sulle-radici-ungheresi-e-sul-nuovo-filmthethe-brutalist","status":"publish","type":"post","link":"https:\/\/dailynewshungary.com\/it\/adrien-brody-riflette-sulle-radici-ungheresi-e-sul-nuovo-filmthethe-brutalist\/","title":{"rendered":"Adrien Brody riflette sulle radici ungheresi e sul nuovo filmThe\u201cThe Brutalist\u201d"},"content":{"rendered":"<p><strong>L&#8217;attore vincitore del Golden Globe Adrien Brody si \u00e8 recentemente seduto per un&#8217;intervista con nlc.hu per discutere del suo ultimo film, <em>Il brutalista<\/em> in cui interpreta un architetto ungherese Il film, in gran parte girato in Ungheria, ha un significato speciale per Brody a causa della sua eredit\u00e0 ungherese.<\/strong><\/p>\n<p>In un&#8217;intervista con <a href=\"https:\/\/nlc.hu\/sztarok\/20250116\/adrien-brody-interju-a-brutalista-magyar-szarmazas\/\" target=\"_blank\" rel=\"noopener\"><strong>nlc.hu<\/strong><\/a>Adrien Brody ha condiviso intuizioni su come il suo background familiare abbia influenzato la sua performance: \u201cLa mia eredit\u00e0 ungherese era radicata in me fin dall&#8217;infanzia Ricordo che mio nonno lottava con il suo forte accento ungherese mentre cercava di trovare lavoro in America. Era incredibilmente stressante e difficile per lui assimilarsi nella societ\u00e0 americana.\u201d L&#8217;attore ha anche sottolineato l&#8217;importanza delle sue radici nel plasmare la sua carriera e la sua prospettiva. \u201cQueste esperienze hanno plasmato il mio percorso e mi hanno reso quello che sono. Mi sono sempre avvicinato a persone che hanno attraversato tali difficolt\u00e0 con rispetto e comprensione.\u201d<\/p>\n<figure class=\"wp-block-image aligncenter size-full\"><img loading=\"lazy\" decoding=\"async\" width=\"1200\" height=\"800\" src=\"https:\/\/contentf5.dailynewshungary.com\/wp-content\/uploads\/2025\/01\/Golden-Globes-Spotlight-Adrien-Brody-and-Hungary-shine-in-The-Brutalist.jpg\" alt=\"I Golden Globes Spotlight Adrien Brody e l'Ungheria brillano in The Brutalist!\" class=\"wp-image-640926\" srcset=\"https:\/\/contentf5.dailynewshungary.com\/wp-content\/uploads\/2025\/01\/Golden-Globes-Spotlight-Adrien-Brody-and-Hungary-shine-in-The-Brutalist.jpg 1200w, https:\/\/contentf5.dailynewshungary.com\/wp-content\/uploads\/2025\/01\/Golden-Globes-Spotlight-Adrien-Brody-and-Hungary-shine-in-The-Brutalist-768x512.jpg 768w, https:\/\/contentf5.dailynewshungary.com\/wp-content\/uploads\/2025\/01\/Golden-Globes-Spotlight-Adrien-Brody-and-Hungary-shine-in-The-Brutalist-282x188.jpg 282w\" sizes=\"auto, (max-width: 1200px) 100vw, 1200px\"><figcaption class=\"wp-element-caption\">Foto: MTI\/AP\/Invisione\/Chris Pizzello<\/figcaption><\/figure>\n<h2 class=\"wp-block-heading\">Padroneggiare la lingua ungherese<\/h2>\n<p>Una delle sfide che Brody ha dovuto affrontare \u00e8 stata quella di fornire un autentico dialogo ungherese. Ha lavorato a lungo con un insegnante di dialetto per perfezionare il suo accento: \u201cI suoni, i gesti, le espressioni e la tonalit\u00e0 sono tutte cose a cui ero molto abituato da bambino dalla casa dei miei nonni. Mi sono concentrato specificamente sul loro dialetto durante le ricerche su figure maschili di quell&#8217;epoca, ha detto a nlc.hu. di cui Brody ha anche attribuito alle riprese a Budapest il merito di averlo aiutato a mantenere l&#8217;autenticit\u00e0. \u201cC&#8217;erano serie pressioni su di me affinch\u00e9 non sembrassi stupido davanti alla nostra troupe ungherese che mi sentiva parlare ungherese ogni giorno Ogni volta che andavo al negozio o iniziavo una conversazione con qualcuno, sentivo l&#8217;autentico dialetto di Budapest. Questo ha aiutato molto, ha ricordato.<\/p>\n<h2 class=\"wp-block-heading\">Il sogno americano e <em>Il brutalista<\/em><\/h2>\n<figure class=\"wp-block-image aligncenter size-full\"><img loading=\"lazy\" decoding=\"async\" width=\"1000\" height=\"667\" src=\"https:\/\/contentf5.dailynewshungary.com\/wp-content\/uploads\/2024\/09\/Depositphotos_384060012_S.jpg\" alt=\"adrien brody\" class=\"wp-image-609451\" srcset=\"https:\/\/contentf5.dailynewshungary.com\/wp-content\/uploads\/2024\/09\/Depositphotos_384060012_S.jpg 1000w, https:\/\/contentf5.dailynewshungary.com\/wp-content\/uploads\/2024\/09\/Depositphotos_384060012_S-768x512.jpg 768w, https:\/\/contentf5.dailynewshungary.com\/wp-content\/uploads\/2024\/09\/Depositphotos_384060012_S-333x222.jpg 333w, https:\/\/contentf5.dailynewshungary.com\/wp-content\/uploads\/2024\/09\/Depositphotos_384060012_S-248x165.jpg 248w, https:\/\/contentf5.dailynewshungary.com\/wp-content\/uploads\/2024\/09\/Depositphotos_384060012_S-112x75.jpg 112w, https:\/\/contentf5.dailynewshungary.com\/wp-content\/uploads\/2024\/09\/Depositphotos_384060012_S-480x320.jpg 480w\" sizes=\"auto, (max-width: 1000px) 100vw, 1000px\"><figcaption class=\"wp-element-caption\">Foto: <a href=\"https:\/\/depositphotos.com\/hu\/photos\/adrien-brody.html?filter=all&amp;qview=384060012\" target=\"_blank\" rel=\"noopener\">depositphotos.com<\/a><\/figcaption><\/figure>\n<p>Alla domanda sul sogno americano, un tema centrale in <em>Il brutalista<\/em>, Adrien Brody ha offerto una prospettiva sfumata: \u201cNell&#8217;era in cui l&#8217;informazione non si diffondeva liberamente come oggi, l&#8217;idea di arrivare in un continente pieno di speranza pieno di infinite possibilit\u00e0, dove non c&#8217;\u00e8 persecuzione religiosa o di altro tipo e dove si pu\u00f2 iniziare una vita nuova e prospera, era comprensibilmente attraente e gioiosa. E c&#8217;era verit\u00e0 in esso\u201d. Tuttavia, ha anche riconosciuto le sfide affrontate dagli immigrati. \u201cCominciare da capo \u00e8 sempre incredibilmente difficile Gli ostacoli davanti a te sono molto pi\u00f9 grandi di quelli affrontati dalle persone nate in quel paese, ha ammesso\u201d Brody.<\/p>\n<p><em>Il brutalista<\/em> la premi\u00e8re nei cinema ungheresi \u00e8 prevista per il 23 gennaio 2025, con alcune proiezioni anticipate disponibili in precedenza.<\/p>\n<p><strong>Articoli correlati:<\/strong><\/p>\n<ul class=\"wp-block-list\">\n<li><a href=\"https:\/\/dailynewshungary.com\/it\/riflettori-del-golden-globe-adrien-brody-e-lungheria-brillano-inla-brutalist\/\">Riflettori del Golden Globe: Adrien Brody e l&#8217;Ungheria brillano in\u201cLa Brutalist\u201d!<\/a><\/li>\n<li><a href=\"https:\/\/dailynewshungary.com\/it\/adrien-brody-interpreta-lemigrante-ungherese-nel-nuovo-film-forma-un-profondo-legame-con-il-ruolo\/\">Adrien Brody interpreta l&#8217;emigrante ungherese nel nuovo film, forma un profondo legame con il ruolo<\/a><\/li>\n<\/ul>\n<p><em>Immagine in primo piano: <a href=\"https:\/\/depositphotos.com\/hu\/photos\/adrien-brody.html?filter=all&amp;qview=384060012\" target=\"_blank\" rel=\"noopener\">depositphotos.com<\/a><\/em><\/p>\n","protected":false},"excerpt":{"rendered":"<p>L&#8217;attore vincitore del Golden Globe Adrien Brody si \u00e8 recentemente seduto per un&#8217;intervista con nlc.hu per discutere del suo ultimo film, Il brutalista in cui interpreta un architetto ungherese Il film, in gran parte girato in Ungheria, ha un significato speciale per Brody a causa della sua eredit\u00e0 ungherese. In un&#8217;intervista con nlc.huAdrien Brody ha [&hellip;]<\/p>\n","protected":false},"author":62,"featured_media":652110,"comment_status":"open","ping_status":"open","sticky":false,"template":"","format":"standard","meta":{"_display_image":"yes","footnotes":""},"categories":[1304],"tags":[1256,1418,1111,1214,1069],"class_list":["post-652109","post","type-post","status-publish","format-standard","has-post-thumbnail","hentry","category-cultura-in-ungheria","tag-arte","tag-cinema","tag-stati-uniti","tag-ungheresi-allestero","tag-ungheria"],"blocksy_meta":[],"author_username":"hmercedesz","telegram_post":"","public_post_metadata":{"breaking_news":"no","important":"no","csempe":"no","center_tile":"no","disable_thumbnail":"no","target_lang":"","_featured_image_style":"hidden","telegram_post":"","_xlat_group_id":""},"public_rank_math_data":{"title":"%titolo% %sep% %nomesito%","description":"","focus_keyword":"Adrian Brody","canonical_url":"","robots":"","primary_category":"1304","breadcrumb_title":"","facebook_title":"","facebook_description":"","facebook_image":"","facebook_image_id":"","twitter_title":"","twitter_description":"","twitter_image":"","twitter_image_id":"","twitter_card_type":"","twitter_use_facebook":"","advanced_robots":"","pillar_content":"","seo_score":"79","contentai_score":"","rich_snippet":""},"_links":{"self":[{"href":"https:\/\/dailynewshungary.com\/it\/wp-json\/wp\/v2\/posts\/652109","targetHints":{"allow":["GET"]}}],"collection":[{"href":"https:\/\/dailynewshungary.com\/it\/wp-json\/wp\/v2\/posts"}],"about":[{"href":"https:\/\/dailynewshungary.com\/it\/wp-json\/wp\/v2\/types\/post"}],"author":[{"embeddable":true,"href":"https:\/\/dailynewshungary.com\/it\/wp-json\/wp\/v2\/users\/62"}],"replies":[{"embeddable":true,"href":"https:\/\/dailynewshungary.com\/it\/wp-json\/wp\/v2\/comments?post=652109"}],"version-history":[{"count":0,"href":"https:\/\/dailynewshungary.com\/it\/wp-json\/wp\/v2\/posts\/652109\/revisions"}],"wp:featuredmedia":[{"embeddable":true,"href":"https:\/\/dailynewshungary.com\/it\/wp-json\/wp\/v2\/media\/652110"}],"wp:attachment":[{"href":"https:\/\/dailynewshungary.com\/it\/wp-json\/wp\/v2\/media?parent=652109"}],"wp:term":[{"taxonomy":"category","embeddable":true,"href":"https:\/\/dailynewshungary.com\/it\/wp-json\/wp\/v2\/categories?post=652109"},{"taxonomy":"post_tag","embeddable":true,"href":"https:\/\/dailynewshungary.com\/it\/wp-json\/wp\/v2\/tags?post=652109"}],"curies":[{"name":"wp","href":"https:\/\/api.w.org\/{rel}","templated":true}]}}