{"id":652926,"date":"2024-12-18T12:41:11","date_gmt":"2024-12-18T11:41:11","guid":{"rendered":"https:\/\/dailynewshungary.com\/it\/lungheria-si-trova-ad-affrontare-un-punto-di-non-ritorno-sotto-orban-afferma-il-ministro-polacco-per-esperienza\/"},"modified":"2024-12-18T12:41:11","modified_gmt":"2024-12-18T11:41:11","slug":"lungheria-si-trova-ad-affrontare-un-punto-di-non-ritorno-sotto-orban-afferma-il-ministro-polacco-per-esperienza","status":"publish","type":"post","link":"https:\/\/dailynewshungary.com\/it\/lungheria-si-trova-ad-affrontare-un-punto-di-non-ritorno-sotto-orban-afferma-il-ministro-polacco-per-esperienza\/","title":{"rendered":"L\u2019Ungheria si trova ad affrontare un punto di non ritorno sotto Orb\u00e1n, afferma il ministro polacco per esperienza"},"content":{"rendered":"<p><strong>L\u2019Ungheria potrebbe aver raggiunto un punto in cui non potr\u00e0 invertire la sua sfida alle leggi dell\u2019UE e l\u2019erosione della societ\u00e0 civile finch\u00e9 Viktor Orb\u00e1n rimarr\u00e0 al potere, ha avvertito il ministro della Giustizia polacco, Adam Bodnar.<\/strong><\/p>\n<p>Attingendo alla recente esperienza della Polonia, Bodnar ha affermato che i governi illiberali raramente cambiano rotta sotto la pressione esterna senza un cambio di leadership Parlando con <strong><a href=\"https:\/\/www.politico.eu\/article\/hungary-on-path-of-no-return-under-viktor-orban-warns-poland-justice-minister-adam-bodnar\/\" target=\"_blank\" rel=\"noopener\">Politico<\/a> <\/strong>a Bruxelles, ha spiegato,<\/p>\n<blockquote>\n<p>\u201cL&#8217;esempio della Polonia mostra che, a meno che non si abbia un cambio di leadership, potrebbe essere estremamente difficile invertire [il corso sullo] stato di diritto e riconquistare i valori democratici.\u201d<\/p>\n<\/blockquote>\n<figure id=\"attachment_621481\" aria-describedby=\"caption-attachment-621481\" style=\"width: 1280px\" class=\"wp-caption aligncenter\"><img loading=\"lazy\" decoding=\"async\" class=\"size-full wp-image-621481\" src=\"https:\/\/contentf5.dailynewshungary.com\/wp-content\/uploads\/2024\/12\/Adam-Bodnar-Hungary-Orban.jpg\" alt=\"Adam Bodnar Ungheria Orb\u00e1n\" width=\"1280\" height=\"853\" srcset=\"https:\/\/contentf5.dailynewshungary.com\/wp-content\/uploads\/2024\/12\/Adam-Bodnar-Hungary-Orban.jpg 1280w, https:\/\/contentf5.dailynewshungary.com\/wp-content\/uploads\/2024\/12\/Adam-Bodnar-Hungary-Orban-768x512.jpg 768w, https:\/\/contentf5.dailynewshungary.com\/wp-content\/uploads\/2024\/12\/Adam-Bodnar-Hungary-Orban-333x222.jpg 333w, https:\/\/contentf5.dailynewshungary.com\/wp-content\/uploads\/2024\/12\/Adam-Bodnar-Hungary-Orban-248x165.jpg 248w, https:\/\/contentf5.dailynewshungary.com\/wp-content\/uploads\/2024\/12\/Adam-Bodnar-Hungary-Orban-1030x686.jpg 1030w, https:\/\/contentf5.dailynewshungary.com\/wp-content\/uploads\/2024\/12\/Adam-Bodnar-Hungary-Orban-113x75.jpg 113w, https:\/\/contentf5.dailynewshungary.com\/wp-content\/uploads\/2024\/12\/Adam-Bodnar-Hungary-Orban-480x320.jpg 480w\" sizes=\"auto, (max-width: 1280px) 100vw, 1280px\"><figcaption id=\"caption-attachment-621481\" class=\"wp-caption-text\">Adam Bodnar. Foto: MTI\/Purger Tam\u00e1s<\/figcaption><\/figure>\n<p>Le sue osservazioni arrivano in risposta alla recente dichiarazione del commissario europeo per lo Stato di diritto Michael McGrath secondo cui non \u00e8 mai troppo tardi per l&#8217;Ungheria allinearsi ai principi dell&#8217;UE. Tuttavia, l&#8217;Ungheria <strong><a href=\"https:\/\/dailynewshungary.com\/it\/lungheria-potrebbe-perdere-miliardi-di-euro-in-finanziamenti-ue-per-i-rischi-di-corruzione\/\">rischia di perdere 1 miliardo di euro<\/a><\/strong> nei fondi UE congelati a causa delle continue violazioni dello stato di diritto.<\/p>\n<h2>Anche se Orb\u00e1n venisse sconfitto, non sarebbe facile riparare il danno<\/h2>\n<p>Bodnar ha avvertito che anche se il leader dell&#8217;opposizione P\u00e9ter Magyar sconfiggesse Orb\u00e1n nelle elezioni del 2026, gli ingenti danni alle istituzioni e alla societ\u00e0 civile ungherese dopo 16 anni di governo Fidesz richiederebbero un immenso sforzo per riparare Con una societ\u00e0 civile pi\u00f9 debole rispetto alla Polonia, la Commissione europea deve affrontare un compito arduo nel reintegrare l&#8217;Ungheria nell&#8217;ovile dell&#8217;UE, ha aggiunto.<\/p>\n<p>Dopo aver servito come difensore civico della Polonia dal 2015 al 2021, Bodnar \u00e8 stato un critico vocale del governo nazionalista di diritto e giustizia prima di diventare ministro della giustizia sotto il primo ministro Donald Tusk nel 2023.<\/p>\n<p>I suoi commenti coincidono con i preparativi affinch\u00e9 la Polonia assuma la presidenza del Consiglio dell\u2019UE dall\u2019Ungheria a gennaio. Bodnar ha sottolineato il rafforzamento della protezione della societ\u00e0 civile in tutto il blocco, soprattutto per i giudici che subiscono pressioni e intimidazioni.<\/p>\n<p>\u201cI giudici devono essere liberi di parlare delle loro circostanze, ha detto\u201d, riferendosi alle sfide che i giudici ungheresi devono affrontare. \u201cAbbiamo il dovere di proteggere tutte le voci indipendenti.\u201d<\/p>\n<p><strong>Leggi anche:<\/strong><\/p>\n<ul>\n<li><a href=\"https:\/\/dailynewshungary.com\/it\/la-sessione-finale-del-parlamento-ungherese-apporta-emendamenti-chiave-alla-costituzione-alla-legge-elettorale-e-altro-ancora\/\">La sessione finale del Parlamento ungherese apporta emendamenti chiave alla costituzione, alla legge elettorale e altro ancora  <\/a><\/li>\n<li><a href=\"https:\/\/dailynewshungary.com\/it\/la-presidenza-ungherese-dellue-compie-progressi-fondamentali-nellallargamento-per-serbia-montenegro-e-albania\/\">La presidenza ungherese dell\u2019UE compie progressi fondamentali nell\u2019allargamento per Serbia, Montenegro e Albania<\/a><\/li>\n<\/ul>\n","protected":false},"excerpt":{"rendered":"<p>L\u2019Ungheria potrebbe aver raggiunto un punto in cui non potr\u00e0 invertire la sua sfida alle leggi dell\u2019UE e l\u2019erosione della societ\u00e0 civile finch\u00e9 Viktor Orb\u00e1n rimarr\u00e0 al potere, ha avvertito il ministro della Giustizia polacco, Adam Bodnar. Attingendo alla recente esperienza della Polonia, Bodnar ha affermato che i governi illiberali raramente cambiano rotta sotto la [&hellip;]<\/p>\n","protected":false},"author":62,"featured_media":0,"comment_status":"open","ping_status":"open","sticky":false,"template":"","format":"standard","meta":{"_display_image":"yes","footnotes":""},"categories":[1185],"tags":[1144,1614,1069,1075],"class_list":["post-652926","post","type-post","status-publish","format-standard","hentry","category-politica-in-ungheria","tag-polonia","tag-presidenza-ue-2024","tag-ungheria","tag-unione-europea"],"blocksy_meta":[],"author_username":"hmercedesz","telegram_post":"","public_post_metadata":{"breaking_news":"no","important":"no","csempe":"no","center_tile":"no","disable_thumbnail":"","target_lang":"","_featured_image_style":"hidden","telegram_post":"","_xlat_group_id":""},"public_rank_math_data":{"title":"%titolo% %sep% %nomesito%","description":"L\u2019Ungheria potrebbe aver raggiunto un punto in cui non potr\u00e0 invertire la sua sfida alle leggi dell\u2019UE e l\u2019erosione della societ\u00e0 civile finch\u00e9 Viktor Orb\u00e1n rimarr\u00e0 al potere, ha avvertito il ministro della Giustizia polacco, Adam Bodnar.","focus_keyword":"Orb\u00e1n","canonical_url":"","robots":"","primary_category":"1185","breadcrumb_title":"","facebook_title":"","facebook_description":"","facebook_image":"","facebook_image_id":"","twitter_title":"","twitter_description":"","twitter_image":"","twitter_image_id":"","twitter_card_type":"","twitter_use_facebook":"","advanced_robots":"","pillar_content":"","seo_score":"77","contentai_score":"","rich_snippet":""},"_links":{"self":[{"href":"https:\/\/dailynewshungary.com\/it\/wp-json\/wp\/v2\/posts\/652926","targetHints":{"allow":["GET"]}}],"collection":[{"href":"https:\/\/dailynewshungary.com\/it\/wp-json\/wp\/v2\/posts"}],"about":[{"href":"https:\/\/dailynewshungary.com\/it\/wp-json\/wp\/v2\/types\/post"}],"author":[{"embeddable":true,"href":"https:\/\/dailynewshungary.com\/it\/wp-json\/wp\/v2\/users\/62"}],"replies":[{"embeddable":true,"href":"https:\/\/dailynewshungary.com\/it\/wp-json\/wp\/v2\/comments?post=652926"}],"version-history":[{"count":0,"href":"https:\/\/dailynewshungary.com\/it\/wp-json\/wp\/v2\/posts\/652926\/revisions"}],"wp:attachment":[{"href":"https:\/\/dailynewshungary.com\/it\/wp-json\/wp\/v2\/media?parent=652926"}],"wp:term":[{"taxonomy":"category","embeddable":true,"href":"https:\/\/dailynewshungary.com\/it\/wp-json\/wp\/v2\/categories?post=652926"},{"taxonomy":"post_tag","embeddable":true,"href":"https:\/\/dailynewshungary.com\/it\/wp-json\/wp\/v2\/tags?post=652926"}],"curies":[{"name":"wp","href":"https:\/\/api.w.org\/{rel}","templated":true}]}}