{"id":654299,"date":"2024-10-23T12:44:48","date_gmt":"2024-10-23T10:44:48","guid":{"rendered":"https:\/\/dailynewshungary.com\/it\/leurodeputato-ungherese-nominato-relatore-per-lo-sviluppo-dellistruzione-africana\/"},"modified":"2024-10-23T12:44:48","modified_gmt":"2024-10-23T10:44:48","slug":"leurodeputato-ungherese-nominato-relatore-per-lo-sviluppo-dellistruzione-africana","status":"publish","type":"post","link":"https:\/\/dailynewshungary.com\/it\/leurodeputato-ungherese-nominato-relatore-per-lo-sviluppo-dellistruzione-africana\/","title":{"rendered":"L\u2019eurodeputato ungherese nominato relatore per lo sviluppo dell\u2019istruzione africana"},"content":{"rendered":"<p><strong>La commissione per lo sviluppo del Parlamento europeo (DEVE) ha nominato Gy\u00f6rgy H\u00f6lv\u00e9nyi, eurodeputato del Partito popolare cristiano-democratico (KDNP), co-governato in Ungheria, relatore permanente per l&#8217;istruzione nei paesi in via di sviluppo, in particolare in Africa.<\/strong><\/p>\n<figure id=\"attachment_615252\" aria-describedby=\"caption-attachment-615252\" style=\"width: 1280px\" class=\"wp-caption aligncenter\"><img loading=\"lazy\" decoding=\"async\" class=\"size-full wp-image-615252\" src=\"https:\/\/contentf5.dailynewshungary.com\/wp-content\/uploads\/2024\/10\/gyorgy-holvenyi-mep-africa-education-development-1.jpg\" alt=\"gy\u00f6rgy h\u00f6lv\u00e9nyi mep africa sviluppo dell'istruzione\" width=\"1280\" height=\"853\" srcset=\"https:\/\/contentf5.dailynewshungary.com\/wp-content\/uploads\/2024\/10\/gyorgy-holvenyi-mep-africa-education-development-1.jpg 1280w, https:\/\/contentf5.dailynewshungary.com\/wp-content\/uploads\/2024\/10\/gyorgy-holvenyi-mep-africa-education-development-1-768x512.jpg 768w, https:\/\/contentf5.dailynewshungary.com\/wp-content\/uploads\/2024\/10\/gyorgy-holvenyi-mep-africa-education-development-1-333x222.jpg 333w, https:\/\/contentf5.dailynewshungary.com\/wp-content\/uploads\/2024\/10\/gyorgy-holvenyi-mep-africa-education-development-1-248x165.jpg 248w, https:\/\/contentf5.dailynewshungary.com\/wp-content\/uploads\/2024\/10\/gyorgy-holvenyi-mep-africa-education-development-1-1030x686.jpg 1030w, https:\/\/contentf5.dailynewshungary.com\/wp-content\/uploads\/2024\/10\/gyorgy-holvenyi-mep-africa-education-development-1-113x75.jpg 113w, https:\/\/contentf5.dailynewshungary.com\/wp-content\/uploads\/2024\/10\/gyorgy-holvenyi-mep-africa-education-development-1-480x320.jpg 480w\" sizes=\"auto, (max-width: 1280px) 100vw, 1280px\"><figcaption id=\"caption-attachment-615252\" class=\"wp-caption-text\">Foto: Facebook\/H\u00f6lv\u00e9nyi Gy\u00f6rgy<\/figcaption><\/figure>\n<p><strong><a href=\"https:\/\/www.facebook.com\/Holvenyi\/?locale=hu_HU\" target=\"_blank\" rel=\"noopener\">H\u00f6lv\u00e9nyi&nbsp;<\/a><\/strong>marted\u00ec ha dichiarato a MTI che il suo mandato biennale prevede la valutazione dello stato dell\u2019istruzione in Africa per ottenere dati affidabili e il monitoraggio dell\u2019utilizzo dei quasi 8 miliardi di euro che la Commissione europea aveva stanziato a tale scopo.<\/p>\n<p>Il progresso nell&#8217;istruzione \u00e8 impossibile fino a quando la scuola elementare non sar\u00e0 nel suo attuale stato di \u201cinsufficient\u201d, e centinaia di milioni di bambini non riceveranno alcuna istruzione, ha detto H\u00f6lv\u00e9nyi In vista del boom demografico in corso, il numero di insegnanti deve essere aumentato ripidamente entro il 2030 anche per mantenere l&#8217;attuale livello di istruzione di base, ha detto.<\/p>\n<p>Nel frattempo, la formazione professionale deve essere portata ai livelli del 21\u00b0 secolo in Africa e includere conoscenze tecnologiche e altri argomenti, la cui mancanza \u00e8 attualmente in grado di implementare gli investimenti pianificati nel continente, ha affermato.<\/p>\n<p><strong>Leggi anche:<\/strong><\/p>\n<ul>\n<li><a href=\"https:\/\/dailynewshungary.com\/it\/orban-loccidente-e-nel-panico-per-la-migrazione-il-problema-piu-grande-minaccia-di-separare-lue\/\">Orb\u00e1n: L\u2019Occidente \u00e8 nel panico per la migrazione, il problema pi\u00f9 grande minaccia di separare l\u2019UE<\/a><\/li>\n<li><a href=\"https:\/\/dailynewshungary.com\/it\/il-parlamento-ungherese-sospende-limmunita-del-politico-dellopposizione\/\">Il Parlamento ungherese sospende l&#8217;immunit\u00e0 del politico dell&#8217;opposizione<\/a><\/li>\n<\/ul>\n","protected":false},"excerpt":{"rendered":"<p>La commissione per lo sviluppo del Parlamento europeo (DEVE) ha nominato Gy\u00f6rgy H\u00f6lv\u00e9nyi, eurodeputato del Partito popolare cristiano-democratico (KDNP), co-governato in Ungheria, relatore permanente per l&#8217;istruzione nei paesi in via di sviluppo, in particolare in Africa. Foto: Facebook\/H\u00f6lv\u00e9nyi Gy\u00f6rgy H\u00f6lv\u00e9nyi&nbsp;marted\u00ec ha dichiarato a MTI che il suo mandato biennale prevede la valutazione dello stato dell\u2019istruzione [&hellip;]<\/p>\n","protected":false},"author":33,"featured_media":0,"comment_status":"open","ping_status":"open","sticky":false,"template":"","format":"standard","meta":{"_display_image":"yes","footnotes":""},"categories":[1190],"tags":[1338,1276,1188,1069,1075],"class_list":["post-654299","post","type-post","status-publish","format-standard","hentry","category-notizie-flash","tag-africa","tag-istruzione","tag-sviluppo","tag-ungheria","tag-unione-europea"],"blocksy_meta":[],"author_username":"ugyelet","telegram_post":"","public_post_metadata":{"breaking_news":"","important":"","csempe":"","center_tile":"","disable_thumbnail":"","target_lang":"","_featured_image_style":"hidden","telegram_post":"","_xlat_group_id":""},"public_rank_math_data":{"title":"%titolo% %sep% %nomesito%","description":"","focus_keyword":"","canonical_url":"","robots":"","primary_category":"1190","breadcrumb_title":"","facebook_title":"","facebook_description":"","facebook_image":"","facebook_image_id":"","twitter_title":"","twitter_description":"","twitter_image":"","twitter_image_id":"","twitter_card_type":"","twitter_use_facebook":"","advanced_robots":"","pillar_content":"","seo_score":"","contentai_score":"","rich_snippet":""},"_links":{"self":[{"href":"https:\/\/dailynewshungary.com\/it\/wp-json\/wp\/v2\/posts\/654299","targetHints":{"allow":["GET"]}}],"collection":[{"href":"https:\/\/dailynewshungary.com\/it\/wp-json\/wp\/v2\/posts"}],"about":[{"href":"https:\/\/dailynewshungary.com\/it\/wp-json\/wp\/v2\/types\/post"}],"author":[{"embeddable":true,"href":"https:\/\/dailynewshungary.com\/it\/wp-json\/wp\/v2\/users\/33"}],"replies":[{"embeddable":true,"href":"https:\/\/dailynewshungary.com\/it\/wp-json\/wp\/v2\/comments?post=654299"}],"version-history":[{"count":0,"href":"https:\/\/dailynewshungary.com\/it\/wp-json\/wp\/v2\/posts\/654299\/revisions"}],"wp:attachment":[{"href":"https:\/\/dailynewshungary.com\/it\/wp-json\/wp\/v2\/media?parent=654299"}],"wp:term":[{"taxonomy":"category","embeddable":true,"href":"https:\/\/dailynewshungary.com\/it\/wp-json\/wp\/v2\/categories?post=654299"},{"taxonomy":"post_tag","embeddable":true,"href":"https:\/\/dailynewshungary.com\/it\/wp-json\/wp\/v2\/tags?post=654299"}],"curies":[{"name":"wp","href":"https:\/\/api.w.org\/{rel}","templated":true}]}}