{"id":654314,"date":"2024-10-22T20:24:29","date_gmt":"2024-10-22T18:24:29","guid":{"rendered":"https:\/\/dailynewshungary.com\/it\/video-foto-hotel-a-tema-retro-da-aprire-a-debrecen-con-un-cenno-agli-anni-60-e-70\/"},"modified":"2024-10-22T20:24:29","modified_gmt":"2024-10-22T18:24:29","slug":"video-foto-hotel-a-tema-retro-da-aprire-a-debrecen-con-un-cenno-agli-anni-60-e-70","status":"publish","type":"post","link":"https:\/\/dailynewshungary.com\/it\/video-foto-hotel-a-tema-retro-da-aprire-a-debrecen-con-un-cenno-agli-anni-60-e-70\/","title":{"rendered":"VIDEO, FOTO: Hotel a tema retr\u00f2 da aprire a Debrecen con un cenno agli anni \u201960 e \u201970"},"content":{"rendered":"<p><strong>Un nuovo hotel a tema retr\u00f2 \u00e8 destinato ad aprire a Debrecen, portando le vibrazioni nostalgiche degli anni &#8217;60 e &#8217;70 nella seconda citt\u00e0 pi\u00f9 grande dell&#8217;Ungheria L&#8217;hotel, in fase di sviluppo da Dryvit Profi Ltd., offrir\u00e0 114 camere, tutte gi\u00e0 riservate per i prossimi quattro anni e mezzo, segnalando l&#8217;elevata domanda di questa sistemazione unica.<\/strong><\/p>\n<h2>Hotel retr\u00f2 che aprir\u00e0 l&#8217;anno prossimo<\/h2>\n<p>Il progetto prevede la conversione di un ex edificio industriale degli anni &#8217;50, un tempo parte della fabbrica di G\u00f6rd\u00fcl\u0151csap\u00e1gy (G\u00f6cs), in un hotel a tre stelle, <strong><a href=\"https:\/\/www.dehir.hu\/debrecen\/retro-hotelle-alakitjak-a-gocs-gyaranak-egyik-regi-epuletet-latvanytervekkel-videoval\/2024\/10\/21\/\" target=\"_blank\" rel=\"noopener\">Dehir.hu riferisce<\/a><\/strong>. Il nuovo stabilimento, situato su Kassai Road, aprir\u00e0 i battenti nel gennaio 2025 Secondo Bana L\u00e1szl\u00f3, amministratore delegato di Dryvit Profi Ltd., questa trasformazione fa parte di uno sforzo pi\u00f9 ampio per soddisfare la crescente domanda di alloggi a Debrecen, stimolato da importanti sviluppi come l&#8217;arrivo di <a href=\"https:\/\/dailynewshungary.com\/it\/bmw-costruira-il-piu-grande-parco-solare-dellungheria\/\">Il nuovo stabilimento BMW<\/a> nella zona.<\/p>\n<div id=\"gallery-2\" class=\"gallery galleryid-615227 gallery-columns-2 gallery-size-large\">\n<figure class=\"gallery-item\">\n<div class=\"gallery-icon landscape\">\n\t\t\t\t<a href=\"https:\/\/contentf5.dailynewshungary.com\/wp-content\/uploads\/2024\/10\/stay-loft-debrecen-retro-hotel.jpg\" data-pswp-width=\"1200\" data-pswp-height=\"900\" data-cropped=\"true\"><img loading=\"lazy\" decoding=\"async\" width=\"1200\" height=\"900\" src=\"https:\/\/contentf5.dailynewshungary.com\/wp-content\/uploads\/2024\/10\/stay-loft-debrecen-retro-hotel.jpg\" class=\"attachment-large size-large\" alt=\"stay loft debrecen retro hotel\" aria-describedby=\"gallery-2-615228\" srcset=\"https:\/\/contentf5.dailynewshungary.com\/wp-content\/uploads\/2024\/10\/stay-loft-debrecen-retro-hotel.jpg 1200w, https:\/\/contentf5.dailynewshungary.com\/wp-content\/uploads\/2024\/10\/stay-loft-debrecen-retro-hotel-768x576.jpg 768w, https:\/\/contentf5.dailynewshungary.com\/wp-content\/uploads\/2024\/10\/stay-loft-debrecen-retro-hotel-296x222.jpg 296w, https:\/\/contentf5.dailynewshungary.com\/wp-content\/uploads\/2024\/10\/stay-loft-debrecen-retro-hotel-1030x773.jpg 1030w, https:\/\/contentf5.dailynewshungary.com\/wp-content\/uploads\/2024\/10\/stay-loft-debrecen-retro-hotel-100x75.jpg 100w, https:\/\/contentf5.dailynewshungary.com\/wp-content\/uploads\/2024\/10\/stay-loft-debrecen-retro-hotel-960x720.jpg 960w, https:\/\/contentf5.dailynewshungary.com\/wp-content\/uploads\/2024\/10\/stay-loft-debrecen-retro-hotel-480x360.jpg 480w\" sizes=\"auto, (max-width: 1200px) 100vw, 1200px\"><\/a>\n\t\t\t<\/div><figcaption class=\"wp-caption-text gallery-caption\" id=\"gallery-2-615228\">\n\t\t\t\tFoto: Dryvit Profi Kft.<br \/>\n\t\t\t\t<\/figcaption><\/figure>\n<figure class=\"gallery-item\">\n<div class=\"gallery-icon landscape\">\n\t\t\t\t<a href=\"https:\/\/contentf5.dailynewshungary.com\/wp-content\/uploads\/2024\/10\/stay-loft-debrecen-retro-hotel2.jpg\" data-pswp-width=\"1536\" data-pswp-height=\"1152\" data-cropped=\"true\"><img loading=\"lazy\" decoding=\"async\" width=\"1280\" height=\"960\" src=\"https:\/\/contentf5.dailynewshungary.com\/wp-content\/uploads\/2024\/10\/stay-loft-debrecen-retro-hotel2.jpg\" class=\"attachment-large size-large\" alt=\"stay loft debrecen retro hotel\" aria-describedby=\"gallery-2-615229\" srcset=\"https:\/\/contentf5.dailynewshungary.com\/wp-content\/uploads\/2024\/10\/stay-loft-debrecen-retro-hotel2.jpg 1536w, https:\/\/contentf5.dailynewshungary.com\/wp-content\/uploads\/2024\/10\/stay-loft-debrecen-retro-hotel2-768x576.jpg 768w, https:\/\/contentf5.dailynewshungary.com\/wp-content\/uploads\/2024\/10\/stay-loft-debrecen-retro-hotel2-296x222.jpg 296w, https:\/\/contentf5.dailynewshungary.com\/wp-content\/uploads\/2024\/10\/stay-loft-debrecen-retro-hotel2-1030x773.jpg 1030w, https:\/\/contentf5.dailynewshungary.com\/wp-content\/uploads\/2024\/10\/stay-loft-debrecen-retro-hotel2-100x75.jpg 100w, https:\/\/contentf5.dailynewshungary.com\/wp-content\/uploads\/2024\/10\/stay-loft-debrecen-retro-hotel2-960x720.jpg 960w, https:\/\/contentf5.dailynewshungary.com\/wp-content\/uploads\/2024\/10\/stay-loft-debrecen-retro-hotel2-480x360.jpg 480w\" sizes=\"auto, (max-width: 1280px) 100vw, 1280px\"><\/a>\n\t\t\t<\/div><figcaption class=\"wp-caption-text gallery-caption\" id=\"gallery-2-615229\">\n\t\t\t\tFoto: Dryvit Profi Kft.<br \/>\n\t\t\t\t<\/figcaption><\/figure>\n<\/p><\/div>\n<h2>Aumento del traffico d&#8217;affari a Debrecen<\/h2>\n<p>In una recente intervista con Debrecen Television, Bana ha spiegato che la societ\u00e0 ha lavorato a vari progetti di alloggio in risposta all&#8217;aumento del traffico commerciale Il loro portfolio include il complesso Stay Apartment, che vanta 184 camere, e l&#8217;ultima aggiunta, la tre stelle Stay-Loft su Kassai Road.<\/p>\n<p>\u201cDopo aver appreso che la rinomata casa automobilistica tedesca BMW avrebbe allestito a Debrecen, abbiamo deciso di concentrarci sui servizi di costruzione di cui la citt\u00e0 avrebbe pi\u00f9 bisogno Nel corso degli anni, abbiamo costruito molteplici strutture ricettive, tutte al completo Il nostro ultimo hotel a tre stelle ha gi\u00e0 assicurato prenotazioni per le sue 114 camere per i prossimi quattro anni e mezzo, ha detto\u201d Bana.<\/p>\n<div id=\"gallery-3\" class=\"gallery galleryid-615227 gallery-columns-2 gallery-size-large\">\n<figure class=\"gallery-item\">\n<div class=\"gallery-icon landscape\">\n\t\t\t\t<a href=\"https:\/\/contentf5.dailynewshungary.com\/wp-content\/uploads\/2024\/10\/stay-loft-debrecen-retro-hotel3.jpg\" data-pswp-width=\"1536\" data-pswp-height=\"1152\" data-cropped=\"true\"><img loading=\"lazy\" decoding=\"async\" width=\"1280\" height=\"960\" src=\"https:\/\/contentf5.dailynewshungary.com\/wp-content\/uploads\/2024\/10\/stay-loft-debrecen-retro-hotel3.jpg\" class=\"attachment-large size-large\" alt=\"stay loft debrecen retro hotel\" aria-describedby=\"gallery-3-615230\" srcset=\"https:\/\/contentf5.dailynewshungary.com\/wp-content\/uploads\/2024\/10\/stay-loft-debrecen-retro-hotel3.jpg 1536w, https:\/\/contentf5.dailynewshungary.com\/wp-content\/uploads\/2024\/10\/stay-loft-debrecen-retro-hotel3-768x576.jpg 768w, https:\/\/contentf5.dailynewshungary.com\/wp-content\/uploads\/2024\/10\/stay-loft-debrecen-retro-hotel3-296x222.jpg 296w, https:\/\/contentf5.dailynewshungary.com\/wp-content\/uploads\/2024\/10\/stay-loft-debrecen-retro-hotel3-1030x773.jpg 1030w, https:\/\/contentf5.dailynewshungary.com\/wp-content\/uploads\/2024\/10\/stay-loft-debrecen-retro-hotel3-100x75.jpg 100w, https:\/\/contentf5.dailynewshungary.com\/wp-content\/uploads\/2024\/10\/stay-loft-debrecen-retro-hotel3-960x720.jpg 960w, https:\/\/contentf5.dailynewshungary.com\/wp-content\/uploads\/2024\/10\/stay-loft-debrecen-retro-hotel3-480x360.jpg 480w\" sizes=\"auto, (max-width: 1280px) 100vw, 1280px\"><\/a>\n\t\t\t<\/div><figcaption class=\"wp-caption-text gallery-caption\" id=\"gallery-3-615230\">\n\t\t\t\tFoto: Dryvit Profi Kft.<br \/>\n\t\t\t\t<\/figcaption><\/figure>\n<figure class=\"gallery-item\">\n<div class=\"gallery-icon landscape\">\n\t\t\t\t<a href=\"https:\/\/contentf5.dailynewshungary.com\/wp-content\/uploads\/2024\/10\/stay-loft-debrecen-retro-hotel4.jpg\" data-pswp-width=\"1536\" data-pswp-height=\"1152\" data-cropped=\"true\"><img loading=\"lazy\" decoding=\"async\" width=\"1280\" height=\"960\" src=\"https:\/\/contentf5.dailynewshungary.com\/wp-content\/uploads\/2024\/10\/stay-loft-debrecen-retro-hotel4.jpg\" class=\"attachment-large size-large\" alt=\"stay loft debrecen retro hotel\" aria-describedby=\"gallery-3-615231\" srcset=\"https:\/\/contentf5.dailynewshungary.com\/wp-content\/uploads\/2024\/10\/stay-loft-debrecen-retro-hotel4.jpg 1536w, https:\/\/contentf5.dailynewshungary.com\/wp-content\/uploads\/2024\/10\/stay-loft-debrecen-retro-hotel4-768x576.jpg 768w, https:\/\/contentf5.dailynewshungary.com\/wp-content\/uploads\/2024\/10\/stay-loft-debrecen-retro-hotel4-296x222.jpg 296w, https:\/\/contentf5.dailynewshungary.com\/wp-content\/uploads\/2024\/10\/stay-loft-debrecen-retro-hotel4-1030x773.jpg 1030w, https:\/\/contentf5.dailynewshungary.com\/wp-content\/uploads\/2024\/10\/stay-loft-debrecen-retro-hotel4-100x75.jpg 100w, https:\/\/contentf5.dailynewshungary.com\/wp-content\/uploads\/2024\/10\/stay-loft-debrecen-retro-hotel4-960x720.jpg 960w, https:\/\/contentf5.dailynewshungary.com\/wp-content\/uploads\/2024\/10\/stay-loft-debrecen-retro-hotel4-480x360.jpg 480w\" sizes=\"auto, (max-width: 1280px) 100vw, 1280px\"><\/a>\n\t\t\t<\/div><figcaption class=\"wp-caption-text gallery-caption\" id=\"gallery-3-615231\">\n\t\t\t\tFoto: Dryvit Profi Kft.<br \/>\n\t\t\t\t<\/figcaption><\/figure>\n<\/p><\/div>\n<h2>L&#8217;hotel rifletter\u00e0 il design degli anni &#8217;60 e &#8217;70<\/h2>\n<p>In linea con il tema retr\u00f2, lo Stay-Loft sar\u00e0 arredato in modo da riflettere le tendenze del design degli anni &#8217;60 e &#8217;70, portando un tocco di nostalgia per gli ospiti L&#8217;arredamento vintage pu\u00f2 essere visto nei video di anteprima, dando uno scorcio di ci\u00f2 che i futuri ospiti possono aspettarsi Questo nuovo hotel a tema retr\u00f2 \u00e8 destinato ad aggiungere un fascino unico alla scena dell&#8217;ospitalit\u00e0 di Debrecen, fornendo ai visitatori un elegante ritorno al passato, il tutto soddisfacendo la crescente domanda di business in citt\u00e0.<\/p>\n<div id=\"gallery-4\" class=\"gallery galleryid-615227 gallery-columns-2 gallery-size-large\">\n<figure class=\"gallery-item\">\n<div class=\"gallery-icon landscape\">\n\t\t\t\t<a href=\"https:\/\/contentf5.dailynewshungary.com\/wp-content\/uploads\/2024\/10\/stay-loft-debrecen-retro-hotel5.jpg\" data-pswp-width=\"1536\" data-pswp-height=\"1152\" data-cropped=\"true\"><img loading=\"lazy\" decoding=\"async\" width=\"1280\" height=\"960\" src=\"https:\/\/contentf5.dailynewshungary.com\/wp-content\/uploads\/2024\/10\/stay-loft-debrecen-retro-hotel5.jpg\" class=\"attachment-large size-large\" alt=\"stay loft debrecen retro hotel\" aria-describedby=\"gallery-4-615232\" srcset=\"https:\/\/contentf5.dailynewshungary.com\/wp-content\/uploads\/2024\/10\/stay-loft-debrecen-retro-hotel5.jpg 1536w, https:\/\/contentf5.dailynewshungary.com\/wp-content\/uploads\/2024\/10\/stay-loft-debrecen-retro-hotel5-768x576.jpg 768w, https:\/\/contentf5.dailynewshungary.com\/wp-content\/uploads\/2024\/10\/stay-loft-debrecen-retro-hotel5-296x222.jpg 296w, https:\/\/contentf5.dailynewshungary.com\/wp-content\/uploads\/2024\/10\/stay-loft-debrecen-retro-hotel5-1030x773.jpg 1030w, https:\/\/contentf5.dailynewshungary.com\/wp-content\/uploads\/2024\/10\/stay-loft-debrecen-retro-hotel5-100x75.jpg 100w, https:\/\/contentf5.dailynewshungary.com\/wp-content\/uploads\/2024\/10\/stay-loft-debrecen-retro-hotel5-960x720.jpg 960w, https:\/\/contentf5.dailynewshungary.com\/wp-content\/uploads\/2024\/10\/stay-loft-debrecen-retro-hotel5-480x360.jpg 480w\" sizes=\"auto, (max-width: 1280px) 100vw, 1280px\"><\/a>\n\t\t\t<\/div><figcaption class=\"wp-caption-text gallery-caption\" id=\"gallery-4-615232\">\n\t\t\t\tFoto: Dryvit Profi Kft.<br \/>\n\t\t\t\t<\/figcaption><\/figure>\n<figure class=\"gallery-item\">\n<div class=\"gallery-icon landscape\">\n\t\t\t\t<a href=\"https:\/\/contentf5.dailynewshungary.com\/wp-content\/uploads\/2024\/10\/stay-loft-debrecen-retro-hotel6.jpg\" data-pswp-width=\"1536\" data-pswp-height=\"1152\" data-cropped=\"true\"><img loading=\"lazy\" decoding=\"async\" width=\"1280\" height=\"960\" src=\"https:\/\/contentf5.dailynewshungary.com\/wp-content\/uploads\/2024\/10\/stay-loft-debrecen-retro-hotel6.jpg\" class=\"attachment-large size-large\" alt=\"stay loft debrecen retro hotel\" aria-describedby=\"gallery-4-615233\" srcset=\"https:\/\/contentf5.dailynewshungary.com\/wp-content\/uploads\/2024\/10\/stay-loft-debrecen-retro-hotel6.jpg 1536w, https:\/\/contentf5.dailynewshungary.com\/wp-content\/uploads\/2024\/10\/stay-loft-debrecen-retro-hotel6-768x576.jpg 768w, https:\/\/contentf5.dailynewshungary.com\/wp-content\/uploads\/2024\/10\/stay-loft-debrecen-retro-hotel6-296x222.jpg 296w, https:\/\/contentf5.dailynewshungary.com\/wp-content\/uploads\/2024\/10\/stay-loft-debrecen-retro-hotel6-1030x773.jpg 1030w, https:\/\/contentf5.dailynewshungary.com\/wp-content\/uploads\/2024\/10\/stay-loft-debrecen-retro-hotel6-100x75.jpg 100w, https:\/\/contentf5.dailynewshungary.com\/wp-content\/uploads\/2024\/10\/stay-loft-debrecen-retro-hotel6-960x720.jpg 960w, https:\/\/contentf5.dailynewshungary.com\/wp-content\/uploads\/2024\/10\/stay-loft-debrecen-retro-hotel6-480x360.jpg 480w\" sizes=\"auto, (max-width: 1280px) 100vw, 1280px\"><\/a>\n\t\t\t<\/div><figcaption class=\"wp-caption-text gallery-caption\" id=\"gallery-4-615233\">\n\t\t\t\tFoto: Dryvit Profi Kft.<br \/>\n\t\t\t\t<\/figcaption><\/figure>\n<\/p><\/div>\n<p>Oltre lo sviluppo alberghiero, <strong><a href=\"https:\/\/dryvitprofi.hu\/\" target=\"_blank\" rel=\"noopener\">Dryvit Profi Ltd.<\/a><\/strong> \u00e8 anche attivamente coinvolto nell&#8217;edilizia residenziale, con l&#8217;intenzione di costruire 500 case e appartamenti, molti dei quali si trovano nella periferia circostante Debrecen.<\/p>\n<p>Guarda il video di anteprima qui sotto:<\/p>\n<p><iframe loading=\"lazy\" title=\"STAY-LOFT*** - Debrecen els\u0151 retro hangulat\u00fa sz\u00e1llod\u00e1ja, a '60-as, '70-es \u00e9vek \u00e9let\u00e9rz\u00e9s\u00e9vel\" width=\"1480\" height=\"833\" src=\"https:\/\/www.youtube.com\/embed\/7FQlvZ4yCIQ?feature=oembed\" frameborder=\"0\" allow=\"accelerometer; autoplay; clipboard-write; encrypted-media; gyroscope; picture-in-picture; web-share\" referrerpolicy=\"strict-origin-when-cross-origin\" allowfullscreen=\"\"><\/iframe><\/p>\n<p><strong>Leggi anche:<\/strong><\/p>\n<ul>\n<li><a href=\"https:\/\/dailynewshungary.com\/it\/il-piu-grande-hotel-spa-premium-dellungheria-che-aprira-nella-primavera-del-2025\/\">Il pi\u00f9 grande hotel spa premium dell&#8217;Ungheria che aprir\u00e0 nella primavera del 2025!<\/a><\/li>\n<li><a href=\"https:\/\/dailynewshungary.com\/it\/un-nuovo-hotel-da-20-camere-e-in-costruzione-nel-cuore-di-budapest-80-camere-foto\/\">Un nuovo hotel da 20 camere \u00e8 in costruzione nel cuore di Budapest 80 camere FOTO<\/a><\/li>\n<\/ul>\n","protected":false},"excerpt":{"rendered":"<p>Un nuovo hotel a tema retr\u00f2 \u00e8 destinato ad aprire a Debrecen, portando le vibrazioni nostalgiche degli anni &#8217;60 e &#8217;70 nella seconda citt\u00e0 pi\u00f9 grande dell&#8217;Ungheria L&#8217;hotel, in fase di sviluppo da Dryvit Profi Ltd., offrir\u00e0 114 camere, tutte gi\u00e0 riservate per i prossimi quattro anni e mezzo, segnalando l&#8217;elevata domanda di questa sistemazione [&hellip;]<\/p>\n","protected":false},"author":62,"featured_media":654315,"comment_status":"open","ping_status":"open","sticky":false,"template":"","format":"standard","meta":{"_display_image":"yes","footnotes":""},"categories":[1314],"tags":[1389,1169,1072,1069],"class_list":["post-654314","post","type-post","status-publish","format-standard","has-post-thumbnail","hentry","category-economia-in-ungheria","tag-debrecen","tag-hotel","tag-turismo","tag-ungheria"],"blocksy_meta":[],"author_username":"hmercedesz","telegram_post":"","public_post_metadata":{"breaking_news":"","important":"","csempe":"","center_tile":"","disable_thumbnail":"","target_lang":"","_featured_image_style":"hidden","telegram_post":"","_xlat_group_id":""},"public_rank_math_data":{"title":"%titolo% %sep% %nomesito%","description":"","focus_keyword":"","canonical_url":"","robots":"","primary_category":"1314","breadcrumb_title":"","facebook_title":"","facebook_description":"","facebook_image":"","facebook_image_id":"","twitter_title":"","twitter_description":"","twitter_image":"","twitter_image_id":"","twitter_card_type":"","twitter_use_facebook":"","advanced_robots":"","pillar_content":"","seo_score":"84","contentai_score":"","rich_snippet":""},"_links":{"self":[{"href":"https:\/\/dailynewshungary.com\/it\/wp-json\/wp\/v2\/posts\/654314","targetHints":{"allow":["GET"]}}],"collection":[{"href":"https:\/\/dailynewshungary.com\/it\/wp-json\/wp\/v2\/posts"}],"about":[{"href":"https:\/\/dailynewshungary.com\/it\/wp-json\/wp\/v2\/types\/post"}],"author":[{"embeddable":true,"href":"https:\/\/dailynewshungary.com\/it\/wp-json\/wp\/v2\/users\/62"}],"replies":[{"embeddable":true,"href":"https:\/\/dailynewshungary.com\/it\/wp-json\/wp\/v2\/comments?post=654314"}],"version-history":[{"count":0,"href":"https:\/\/dailynewshungary.com\/it\/wp-json\/wp\/v2\/posts\/654314\/revisions"}],"wp:featuredmedia":[{"embeddable":true,"href":"https:\/\/dailynewshungary.com\/it\/wp-json\/wp\/v2\/media\/654315"}],"wp:attachment":[{"href":"https:\/\/dailynewshungary.com\/it\/wp-json\/wp\/v2\/media?parent=654314"}],"wp:term":[{"taxonomy":"category","embeddable":true,"href":"https:\/\/dailynewshungary.com\/it\/wp-json\/wp\/v2\/categories?post=654314"},{"taxonomy":"post_tag","embeddable":true,"href":"https:\/\/dailynewshungary.com\/it\/wp-json\/wp\/v2\/tags?post=654314"}],"curies":[{"name":"wp","href":"https:\/\/api.w.org\/{rel}","templated":true}]}}