{"id":654621,"date":"2024-10-10T09:34:12","date_gmt":"2024-10-10T07:34:12","guid":{"rendered":"https:\/\/dailynewshungary.com\/it\/lungheria-potrebbe-fornire-un-sostegno-sostanziale-alladesione-della-serbia-allue-afferma-il-relatore-della-camera\/"},"modified":"2024-10-10T09:34:12","modified_gmt":"2024-10-10T07:34:12","slug":"lungheria-potrebbe-fornire-un-sostegno-sostanziale-alladesione-della-serbia-allue-afferma-il-relatore-della-camera","status":"publish","type":"post","link":"https:\/\/dailynewshungary.com\/it\/lungheria-potrebbe-fornire-un-sostegno-sostanziale-alladesione-della-serbia-allue-afferma-il-relatore-della-camera\/","title":{"rendered":"L\u2019Ungheria potrebbe fornire un sostegno sostanziale all\u2019adesione della Serbia all\u2019UE, afferma il relatore della Camera"},"content":{"rendered":"<p><strong>Serbia \u201cha molto da sperare da Ungheria\u201d durante la sua integrazione dell&#8217;Unione Europea, ha detto il presidente del Parlamento L\u00e1szl\u00f3 K\u00f6v\u00e9r marted\u00ec a Subotica (Szabadka), in Serbia.<\/strong><\/p>\n<p>Dopo colloqui con i leader dell&#8217;Alleanza ungherese degli ungheresi della Vojvodina (<strong><a href=\"https:\/\/www.vmsz.org.rs\/\" target=\"_blank\" rel=\"noopener\">VMSZ<\/a><\/strong>), K\u00f6v\u00e9r ha detto che gli ungheresi della Vojvodina sarebbero un collegamento tra Serbia e Ungheria cos\u00ec come la Serbia e l&#8217;UE Uno dei compiti pi\u00f9 importanti \u00e8 preservare la comunit\u00e0 ungherese, in particolare i giovani, ha detto.<\/p>\n<figure id=\"attachment_613926\" aria-describedby=\"caption-attachment-613926\" style=\"width: 1280px\" class=\"wp-caption alignnone\"><img loading=\"lazy\" decoding=\"async\" class=\"size-full wp-image-613926\" src=\"https:\/\/contentf5.dailynewshungary.com\/wp-content\/uploads\/2024\/10\/balint-pasztor-and-laszlo-kover.jpg\" alt=\"b\u00e1lint p\u00e1sztor e l\u00e1szl\u00f3 k\u00f6v\u00e9r serbia\" width=\"1280\" height=\"853\" srcset=\"https:\/\/contentf5.dailynewshungary.com\/wp-content\/uploads\/2024\/10\/balint-pasztor-and-laszlo-kover.jpg 1280w, https:\/\/contentf5.dailynewshungary.com\/wp-content\/uploads\/2024\/10\/balint-pasztor-and-laszlo-kover-768x512.jpg 768w, https:\/\/contentf5.dailynewshungary.com\/wp-content\/uploads\/2024\/10\/balint-pasztor-and-laszlo-kover-333x222.jpg 333w, https:\/\/contentf5.dailynewshungary.com\/wp-content\/uploads\/2024\/10\/balint-pasztor-and-laszlo-kover-248x165.jpg 248w, https:\/\/contentf5.dailynewshungary.com\/wp-content\/uploads\/2024\/10\/balint-pasztor-and-laszlo-kover-1030x686.jpg 1030w, https:\/\/contentf5.dailynewshungary.com\/wp-content\/uploads\/2024\/10\/balint-pasztor-and-laszlo-kover-113x75.jpg 113w, https:\/\/contentf5.dailynewshungary.com\/wp-content\/uploads\/2024\/10\/balint-pasztor-and-laszlo-kover-480x320.jpg 480w\" sizes=\"auto, (max-width: 1280px) 100vw, 1280px\"><figcaption id=\"caption-attachment-613926\" class=\"wp-caption-text\">B\u00e1lint P\u00e1sztor, presidente dell&#8217;Alleanza ungherese degli ungheresi della Vojvodina (VMSZ), saluta L\u00e1szl\u00f3 K\u00f6v\u00e9r, presidente dell&#8217;Assemblea nazionale. Foto: MTI\/Moln\u00e1r Edv\u00e1rd<\/figcaption><\/figure>\n<p>L&#8217;Ungheria farebbe ulteriori sforzi per garantire che possano guadagnarsi da vivere nella loro patria, \u201ce i numeri sembrano mostrare che la Serbia si trova davanti a opportunit\u00e0 senza precedenti. Il\u201d K\u00f6v\u00e9r incontrer\u00e0 mercoled\u00ec il presidente, il primo ministro e il presidente del parlamento serbo, per discutere dell\u2019espansione delle relazioni bilaterali e dei modi in cui l\u2019Ungheria pu\u00f2 aiutare l\u2019integrazione della Serbia nell\u2019UE.<\/p>\n<p><strong>Leggi anche:<\/strong><\/p>\n<ul>\n<li><a href=\"https:\/\/dailynewshungary.com\/it\/segno-di-amicizia-la-stazione-ferroviaria-di-subotica-in-serbia-non-aprira-finche-non-sara-installata-la-segnaletica-ungherese\/\">Segno di amicizia? La stazione ferroviaria di Subotica in Serbia non aprir\u00e0 finch\u00e9 non sar\u00e0 installata la segnaletica ungherese<\/a><\/li>\n<li><a href=\"https:\/\/dailynewshungary.com\/it\/la-commissione-economica-mista-ungherese-serba-si-riunisce-a-budapest\/\">La Commissione economica mista ungherese-serba si riunisce a Budapest<\/a><\/li>\n<\/ul>\n","protected":false},"excerpt":{"rendered":"<p>Serbia \u201cha molto da sperare da Ungheria\u201d durante la sua integrazione dell&#8217;Unione Europea, ha detto il presidente del Parlamento L\u00e1szl\u00f3 K\u00f6v\u00e9r marted\u00ec a Subotica (Szabadka), in Serbia. Dopo colloqui con i leader dell&#8217;Alleanza ungherese degli ungheresi della Vojvodina (VMSZ), K\u00f6v\u00e9r ha detto che gli ungheresi della Vojvodina sarebbero un collegamento tra Serbia e Ungheria cos\u00ec [&hellip;]<\/p>\n","protected":false},"author":33,"featured_media":0,"comment_status":"open","ping_status":"open","sticky":false,"template":"","format":"standard","meta":{"_display_image":"yes","footnotes":""},"categories":[1190],"tags":[1295,1317,1069,1075],"class_list":["post-654621","post","type-post","status-publish","format-standard","hentry","category-notizie-flash","tag-parlamento-ungherese","tag-serbia","tag-ungheria","tag-unione-europea"],"blocksy_meta":[],"author_username":"ugyelet","telegram_post":"","public_post_metadata":{"breaking_news":"","important":"","csempe":"","center_tile":"","disable_thumbnail":"","target_lang":"","_featured_image_style":"hidden","telegram_post":"","_xlat_group_id":""},"public_rank_math_data":{"title":"%titolo% %sep% %nomesito%","description":"","focus_keyword":"","canonical_url":"","robots":"","primary_category":"1190","breadcrumb_title":"","facebook_title":"","facebook_description":"","facebook_image":"","facebook_image_id":"","twitter_title":"","twitter_description":"","twitter_image":"","twitter_image_id":"","twitter_card_type":"","twitter_use_facebook":"","advanced_robots":"","pillar_content":"","seo_score":"","contentai_score":"","rich_snippet":""},"_links":{"self":[{"href":"https:\/\/dailynewshungary.com\/it\/wp-json\/wp\/v2\/posts\/654621","targetHints":{"allow":["GET"]}}],"collection":[{"href":"https:\/\/dailynewshungary.com\/it\/wp-json\/wp\/v2\/posts"}],"about":[{"href":"https:\/\/dailynewshungary.com\/it\/wp-json\/wp\/v2\/types\/post"}],"author":[{"embeddable":true,"href":"https:\/\/dailynewshungary.com\/it\/wp-json\/wp\/v2\/users\/33"}],"replies":[{"embeddable":true,"href":"https:\/\/dailynewshungary.com\/it\/wp-json\/wp\/v2\/comments?post=654621"}],"version-history":[{"count":0,"href":"https:\/\/dailynewshungary.com\/it\/wp-json\/wp\/v2\/posts\/654621\/revisions"}],"wp:attachment":[{"href":"https:\/\/dailynewshungary.com\/it\/wp-json\/wp\/v2\/media?parent=654621"}],"wp:term":[{"taxonomy":"category","embeddable":true,"href":"https:\/\/dailynewshungary.com\/it\/wp-json\/wp\/v2\/categories?post=654621"},{"taxonomy":"post_tag","embeddable":true,"href":"https:\/\/dailynewshungary.com\/it\/wp-json\/wp\/v2\/tags?post=654621"}],"curies":[{"name":"wp","href":"https:\/\/api.w.org\/{rel}","templated":true}]}}