{"id":656030,"date":"2024-08-14T12:44:48","date_gmt":"2024-08-14T10:44:48","guid":{"rendered":"https:\/\/dailynewshungary.com\/it\/il-presidente-austriaco-ha-criticato-le-interferenze-discriminatorie-del-governo-orban-nei-settori-della-vendita-al-dettaglio-di-prodotti-alimentari-e-delledilizia\/"},"modified":"2024-08-14T12:44:48","modified_gmt":"2024-08-14T10:44:48","slug":"il-presidente-austriaco-ha-criticato-le-interferenze-discriminatorie-del-governo-orban-nei-settori-della-vendita-al-dettaglio-di-prodotti-alimentari-e-delledilizia","status":"publish","type":"post","link":"https:\/\/dailynewshungary.com\/it\/il-presidente-austriaco-ha-criticato-le-interferenze-discriminatorie-del-governo-orban-nei-settori-della-vendita-al-dettaglio-di-prodotti-alimentari-e-delledilizia\/","title":{"rendered":"Il presidente austriaco ha criticato le interferenze discriminatorie del governo Orb\u00e1n nei settori della vendita al dettaglio di prodotti alimentari e dell\u2019edilizia"},"content":{"rendered":"<p><strong>Il presidente del Parlamento L\u00e1szl\u00f3 K\u00f6v\u00e9r ha incontrato marted\u00ec a Vienna Wolfgang Sobotka, presidente del Consiglio nazionale austriaco, ha detto l&#8217;ufficio stampa del parlamento.<\/strong><\/p>\n<p>Il pranzo di lavoro si \u00e8 concentrato sulle priorit\u00e0 della presidenza ungherese del Consiglio europeo, sulla cooperazione economica e di protezione delle frontiere, nonch\u00e9 sull&#8217;arresto dell&#8217;immigrazione clandestina, si legge nella dichiarazione K\u00f6v\u00e9r e <a href=\"https:\/\/www.facebook.com\/wolfgangsobotka.at\" target=\"_blank\" rel=\"noopener\"><strong>Sobotka<\/strong> <\/a>ha inoltre toccato il sostegno all&#8217;integrazione UE degli Stati dei Balcani occidentali, il conflitto a Gaza, l&#8217;antisemitismo in Europa e la guerra in Ucraina.<\/p>\n<p>K\u00f6v\u00e9r e Sobotka hanno accolto con favore una cooperazione in espansione tra i due parlamenti, attraverso riunioni periodiche dei capi dei parlamenti e la cooperazione tra commissioni di esperti e gruppi di amicizia.<\/p>\n<figure id=\"attachment_607607\" aria-describedby=\"caption-attachment-607607\" style=\"width: 535px\" class=\"wp-caption aligncenter\"><img loading=\"lazy\" decoding=\"async\" class=\"size-full wp-image-607607\" src=\"https:\/\/contentf5.dailynewshungary.com\/wp-content\/uploads\/2024\/08\/Speaker-Kover-met-Sobotka-e1723628040681.jpg\" alt=\"Il relatore K\u00f6v\u00e9r ha incontrato Sobotka\" width=\"535\" height=\"381\" srcset=\"https:\/\/contentf5.dailynewshungary.com\/wp-content\/uploads\/2024\/08\/Speaker-Kover-met-Sobotka-e1723628040681.jpg 535w, https:\/\/contentf5.dailynewshungary.com\/wp-content\/uploads\/2024\/08\/Speaker-Kover-met-Sobotka-e1723628040681-312x222.jpg 312w, https:\/\/contentf5.dailynewshungary.com\/wp-content\/uploads\/2024\/08\/Speaker-Kover-met-Sobotka-e1723628040681-105x75.jpg 105w, https:\/\/contentf5.dailynewshungary.com\/wp-content\/uploads\/2024\/08\/Speaker-Kover-met-Sobotka-e1723628040681-480x342.jpg 480w\" sizes=\"auto, (max-width: 535px) 100vw, 535px\"><figcaption id=\"caption-attachment-607607\" class=\"wp-caption-text\">Sobotka e K\u00f6v\u00e9r a Vienna Foto: MTI<\/figcaption><\/figure>\n<p>K\u00f6v\u00e9r ha ringraziato Sobotka per l&#8217;aiuto dell&#8217;Austria nella protezione delle frontiere, in particolare per aver schierato poliziotti al confine tra Ungheria e Serbia, si legge nella dichiarazione, Allo stesso tempo, ha affermato che la decisione della Commissione europea di imporre multe contro l&#8217;Ungheria su questioni riguardanti la politica migratoria sono state \u201cinaccettabili\u201d.<\/p>\n<p>Sobotka ha affermato che l&#8217;Austria sostiene le priorit\u00e0 della presidenza ungherese, in particolare quelle legate all&#8217;\u201cinacciamento dei Balcani occidentali all&#8217;Unione europea\u201d e alla lotta all&#8217;immigrazione clandestina.<\/p>\n<p>Allo stesso tempo, Sobotka ha espresso preoccupazione per quella che ha definito l&#8217;interferenza \u201cdiscriminative\u201d del governo ungherese nel settore della vendita al dettaglio di prodotti alimentari e nel settore delle costruzioni, e ha chiesto ulteriori colloqui sulla questione K\u00f6v\u00e9r ha proposto di presentare la questione alla tavola rotonda economica Austria-Ungheria.<\/p>\n<p>Sobotka e K\u00f6v\u00e9r hanno entrambi elogiato il crescente turismo dei loro paesi, e K\u00f6v\u00e9r ha detto che spera che l&#8217;interesse dei turisti austriaci per l&#8217;Ungheria cresca ancora di pi\u00f9.<\/p>\n<p><strong>Leggi anche:<\/strong><\/p>\n<ul>\n<li>Taylor Swift a Budapest? I fan hanno il cuore spezzato quando i concerti di Vienna sono stati cancellati e leggi di pi\u00f9 <a href=\"https:\/\/dailynewshungary.com\/it\/taylor-swift-a-budapest-i-fan-hanno-il-cuore-spezzato-quando-3-concerti-di-vienna-sono-stati-cancellati\/\"><strong>QUI<\/strong><\/a><\/li>\n<li>Uscire di casa nella speranza di una vita migliore: <a href=\"https:\/\/dailynewshungary.com\/it\/uscire-di-casa-nella-speranza-di-una-vita-migliore-ecco-quanto-guadagnano-gli-ungheresi-in-austria\/\"><strong>Ecco<\/strong> <\/a>quanto guadagnano gli ungheresi in Austria<\/li>\n<\/ul>\n","protected":false},"excerpt":{"rendered":"<p>Il presidente del Parlamento L\u00e1szl\u00f3 K\u00f6v\u00e9r ha incontrato marted\u00ec a Vienna Wolfgang Sobotka, presidente del Consiglio nazionale austriaco, ha detto l&#8217;ufficio stampa del parlamento. Il pranzo di lavoro si \u00e8 concentrato sulle priorit\u00e0 della presidenza ungherese del Consiglio europeo, sulla cooperazione economica e di protezione delle frontiere, nonch\u00e9 sull&#8217;arresto dell&#8217;immigrazione clandestina, si legge nella dichiarazione [&hellip;]<\/p>\n","protected":false},"author":50,"featured_media":0,"comment_status":"open","ping_status":"open","sticky":false,"template":"","format":"standard","meta":{"_display_image":"yes","footnotes":""},"categories":[1185],"tags":[1137,1295,1491,1069,1130],"class_list":["post-656030","post","type-post","status-publish","format-standard","hentry","category-politica-in-ungheria","tag-austria","tag-parlamento-ungherese","tag-presidente-della-camera","tag-ungheria","tag-visita"],"blocksy_meta":[],"author_username":"dnh","telegram_post":"","public_post_metadata":{"breaking_news":"","important":"","csempe":"","center_tile":"","disable_thumbnail":"","target_lang":"","_featured_image_style":"hidden","telegram_post":"","_xlat_group_id":""},"public_rank_math_data":{"title":"%titolo% %sep% %nomesito%","description":"","focus_keyword":"","canonical_url":"","robots":"","primary_category":"1185","breadcrumb_title":"","facebook_title":"","facebook_description":"","facebook_image":"","facebook_image_id":"","twitter_title":"","twitter_description":"","twitter_image":"","twitter_image_id":"","twitter_card_type":"","twitter_use_facebook":"","advanced_robots":"","pillar_content":"","seo_score":"","contentai_score":"","rich_snippet":""},"_links":{"self":[{"href":"https:\/\/dailynewshungary.com\/it\/wp-json\/wp\/v2\/posts\/656030","targetHints":{"allow":["GET"]}}],"collection":[{"href":"https:\/\/dailynewshungary.com\/it\/wp-json\/wp\/v2\/posts"}],"about":[{"href":"https:\/\/dailynewshungary.com\/it\/wp-json\/wp\/v2\/types\/post"}],"author":[{"embeddable":true,"href":"https:\/\/dailynewshungary.com\/it\/wp-json\/wp\/v2\/users\/50"}],"replies":[{"embeddable":true,"href":"https:\/\/dailynewshungary.com\/it\/wp-json\/wp\/v2\/comments?post=656030"}],"version-history":[{"count":0,"href":"https:\/\/dailynewshungary.com\/it\/wp-json\/wp\/v2\/posts\/656030\/revisions"}],"wp:attachment":[{"href":"https:\/\/dailynewshungary.com\/it\/wp-json\/wp\/v2\/media?parent=656030"}],"wp:term":[{"taxonomy":"category","embeddable":true,"href":"https:\/\/dailynewshungary.com\/it\/wp-json\/wp\/v2\/categories?post=656030"},{"taxonomy":"post_tag","embeddable":true,"href":"https:\/\/dailynewshungary.com\/it\/wp-json\/wp\/v2\/tags?post=656030"}],"curies":[{"name":"wp","href":"https:\/\/api.w.org\/{rel}","templated":true}]}}