{"id":656316,"date":"2024-08-02T22:15:47","date_gmt":"2024-08-02T20:15:47","guid":{"rendered":"https:\/\/dailynewshungary.com\/it\/vittoria-miracolosa-la-squadra-ungherese-di-spada-maschile-vince-il-secondo-oro-dellungheria-foto\/"},"modified":"2024-08-02T22:15:47","modified_gmt":"2024-08-02T20:15:47","slug":"vittoria-miracolosa-la-squadra-ungherese-di-spada-maschile-vince-il-secondo-oro-dellungheria-foto","status":"publish","type":"post","link":"https:\/\/dailynewshungary.com\/it\/vittoria-miracolosa-la-squadra-ungherese-di-spada-maschile-vince-il-secondo-oro-dellungheria-foto\/","title":{"rendered":"Vittoria miracolosa: la squadra ungherese di spada maschile vince il secondo oro dell\u2019Ungheria! (FOTO)"},"content":{"rendered":"<p><strong>La squadra ungherese di spada maschile si \u00e8 assicurata questa sera la seconda medaglia d&#8217;oro del paese ai Giochi olimpici di Parigi 2024 sconfiggendo il Giappone nella partita per la medaglia d&#8217;oro.<\/strong><\/p>\n<p>Oggi la squadra ungherese \u00e8 riuscita a superare quella francese, che gli esperti avevano previsto avrebbe vinto. I francesi erano considerati favoriti non solo perch\u00e9 erano la nazione ospitante ma anche perch\u00e9, come <a href=\"https:\/\/www.nbcolympics.com\/news\/olympic-fencing-preview-aug-2-hungary-france-seek-mens-epee-redemption\" target=\"_blank\" rel=\"noopener\"><strong>NBC Olympics ha scritto<\/strong><\/a>, \u201csebbene il roster dell&#8217;Ungheria sia pieno di grandi talenti, la Francia \u00e8 ancora la favorita per la vittoria dell&#8217;oro. Ha vinto tre titoli olimpici consecutivi prima di essere sconvolta nei quarti di finale a Tokyo tre anni fa. La squadra ha continuato a vincere medaglie negli ultimi due campionati del mondo\u201d.<\/p>\n<p>La squadra ungherese ottenne una convincente vittoria sui francesi, chiudendo con il punteggio di 45 a 30.<\/p>\n<div id=\"gallery-1\" class=\"gallery galleryid-606602 gallery-columns-2 gallery-size-thumbnail\">\n<figure class=\"gallery-item\">\n<div class=\"gallery-icon landscape\">\n\t\t\t\t<a href=\"https:\/\/dailynewshungary.com\/it\/vittoria-miracolosa-la-squadra-ungherese-di-spada-maschile-vince-il-secondo-oro-dellungheria-foto\/\"><img loading=\"lazy\" decoding=\"async\" width=\"282\" height=\"188\" src=\"https:\/\/contentf5.dailynewshungary.com\/wp-content\/uploads\/2024\/08\/Hungarian-mens-epee-team-wins-Hungarys-second-gold-5.jpg\" class=\"attachment-thumbnail size-thumbnail\" alt=\"La squadra ungherese di spada maschile vince il secondo oro dell'Ungheria\" aria-describedby=\"gallery-1-606607\" srcset=\"https:\/\/contentf5.dailynewshungary.com\/wp-content\/uploads\/2024\/08\/Hungarian-mens-epee-team-wins-Hungarys-second-gold-5.jpg 1081w, https:\/\/contentf5.dailynewshungary.com\/wp-content\/uploads\/2024\/08\/Hungarian-mens-epee-team-wins-Hungarys-second-gold-5-768x512.jpg 768w, https:\/\/contentf5.dailynewshungary.com\/wp-content\/uploads\/2024\/08\/Hungarian-mens-epee-team-wins-Hungarys-second-gold-5-333x222.jpg 333w, https:\/\/contentf5.dailynewshungary.com\/wp-content\/uploads\/2024\/08\/Hungarian-mens-epee-team-wins-Hungarys-second-gold-5-248x165.jpg 248w, https:\/\/contentf5.dailynewshungary.com\/wp-content\/uploads\/2024\/08\/Hungarian-mens-epee-team-wins-Hungarys-second-gold-5-1030x686.jpg 1030w, https:\/\/contentf5.dailynewshungary.com\/wp-content\/uploads\/2024\/08\/Hungarian-mens-epee-team-wins-Hungarys-second-gold-5-113x75.jpg 113w, https:\/\/contentf5.dailynewshungary.com\/wp-content\/uploads\/2024\/08\/Hungarian-mens-epee-team-wins-Hungarys-second-gold-5-480x320.jpg 480w\" sizes=\"auto, (max-width: 282px) 100vw, 282px\"><\/a>\n\t\t\t<\/div><figcaption class=\"wp-caption-text gallery-caption\" id=\"gallery-1-606607\">\n\t\t\t\tFoto: MTI<br \/>\n\t\t\t\t<\/figcaption><\/figure>\n<figure class=\"gallery-item\">\n<div class=\"gallery-icon landscape\">\n\t\t\t\t<a href=\"https:\/\/dailynewshungary.com\/it\/vittoria-miracolosa-la-squadra-ungherese-di-spada-maschile-vince-il-secondo-oro-dellungheria-foto\/\"><img loading=\"lazy\" decoding=\"async\" width=\"282\" height=\"188\" src=\"https:\/\/contentf5.dailynewshungary.com\/wp-content\/uploads\/2024\/08\/Hungarian-mens-epee-team-wins-Hungarys-second-gold-4.jpg\" class=\"attachment-thumbnail size-thumbnail\" alt=\"La squadra ungherese di spada maschile vince il secondo oro dell'Ungheria\" aria-describedby=\"gallery-1-606606\" srcset=\"https:\/\/contentf5.dailynewshungary.com\/wp-content\/uploads\/2024\/08\/Hungarian-mens-epee-team-wins-Hungarys-second-gold-4.jpg 1080w, https:\/\/contentf5.dailynewshungary.com\/wp-content\/uploads\/2024\/08\/Hungarian-mens-epee-team-wins-Hungarys-second-gold-4-768x512.jpg 768w, https:\/\/contentf5.dailynewshungary.com\/wp-content\/uploads\/2024\/08\/Hungarian-mens-epee-team-wins-Hungarys-second-gold-4-333x222.jpg 333w, https:\/\/contentf5.dailynewshungary.com\/wp-content\/uploads\/2024\/08\/Hungarian-mens-epee-team-wins-Hungarys-second-gold-4-248x165.jpg 248w, https:\/\/contentf5.dailynewshungary.com\/wp-content\/uploads\/2024\/08\/Hungarian-mens-epee-team-wins-Hungarys-second-gold-4-1030x687.jpg 1030w, https:\/\/contentf5.dailynewshungary.com\/wp-content\/uploads\/2024\/08\/Hungarian-mens-epee-team-wins-Hungarys-second-gold-4-113x75.jpg 113w, https:\/\/contentf5.dailynewshungary.com\/wp-content\/uploads\/2024\/08\/Hungarian-mens-epee-team-wins-Hungarys-second-gold-4-480x320.jpg 480w\" sizes=\"auto, (max-width: 282px) 100vw, 282px\"><\/a>\n\t\t\t<\/div><figcaption class=\"wp-caption-text gallery-caption\" id=\"gallery-1-606606\">\n\t\t\t\tFoto: MTI<br \/>\n\t\t\t\t<\/figcaption><\/figure>\n<\/p><\/div>\n<p>Nella partita per la medaglia d&#8217;oro, i campioni olimpici del Giappone hanno affrontato il quartetto ungherese composto da Gergely Sikl\u00f3si, M\u00e1t\u00e9 Koch, Tibor Andr\u00e1sfi e D\u00e1vid Nagy. Gli ungheresi hanno dominato l&#8217;incontro fino alla fine quando il sostituto del Giappone, Kano, ha pareggiato il punteggio. Alla fine, Gergely Sikl\u00f3si si \u00e8 assicurato la medaglia d&#8217;oro per l&#8217;Ungheria.<\/p>\n<div id=\"gallery-2\" class=\"gallery galleryid-606602 gallery-columns-2 gallery-size-thumbnail\">\n<figure class=\"gallery-item\">\n<div class=\"gallery-icon landscape\">\n\t\t\t\t<a href=\"https:\/\/dailynewshungary.com\/it\/vittoria-miracolosa-la-squadra-ungherese-di-spada-maschile-vince-il-secondo-oro-dellungheria-foto\/\"><img loading=\"lazy\" decoding=\"async\" width=\"282\" height=\"188\" src=\"https:\/\/contentf5.dailynewshungary.com\/wp-content\/uploads\/2024\/08\/Hungarian-mens-epee-team-wins-Hungarys-second-gold-2.jpg\" class=\"attachment-thumbnail size-thumbnail\" alt=\"La squadra ungherese di spada maschile vince il secondo oro dell'Ungheria\" aria-describedby=\"gallery-2-606604\" srcset=\"https:\/\/contentf5.dailynewshungary.com\/wp-content\/uploads\/2024\/08\/Hungarian-mens-epee-team-wins-Hungarys-second-gold-2.jpg 1079w, https:\/\/contentf5.dailynewshungary.com\/wp-content\/uploads\/2024\/08\/Hungarian-mens-epee-team-wins-Hungarys-second-gold-2-768x512.jpg 768w, https:\/\/contentf5.dailynewshungary.com\/wp-content\/uploads\/2024\/08\/Hungarian-mens-epee-team-wins-Hungarys-second-gold-2-333x222.jpg 333w, https:\/\/contentf5.dailynewshungary.com\/wp-content\/uploads\/2024\/08\/Hungarian-mens-epee-team-wins-Hungarys-second-gold-2-248x165.jpg 248w, https:\/\/contentf5.dailynewshungary.com\/wp-content\/uploads\/2024\/08\/Hungarian-mens-epee-team-wins-Hungarys-second-gold-2-1030x687.jpg 1030w, https:\/\/contentf5.dailynewshungary.com\/wp-content\/uploads\/2024\/08\/Hungarian-mens-epee-team-wins-Hungarys-second-gold-2-112x75.jpg 112w, https:\/\/contentf5.dailynewshungary.com\/wp-content\/uploads\/2024\/08\/Hungarian-mens-epee-team-wins-Hungarys-second-gold-2-480x320.jpg 480w\" sizes=\"auto, (max-width: 282px) 100vw, 282px\"><\/a>\n\t\t\t<\/div><figcaption class=\"wp-caption-text gallery-caption\" id=\"gallery-2-606604\">\n\t\t\t\tFoto: MTI<br \/>\n\t\t\t\t<\/figcaption><\/figure>\n<figure class=\"gallery-item\">\n<div class=\"gallery-icon landscape\">\n\t\t\t\t<a href=\"https:\/\/dailynewshungary.com\/it\/vittoria-miracolosa-la-squadra-ungherese-di-spada-maschile-vince-il-secondo-oro-dellungheria-foto\/\"><img loading=\"lazy\" decoding=\"async\" width=\"282\" height=\"188\" src=\"https:\/\/contentf5.dailynewshungary.com\/wp-content\/uploads\/2024\/08\/Hungarian-mens-epee-team-wins-Hungarys-second-gold-1.jpg\" class=\"attachment-thumbnail size-thumbnail\" alt=\"La squadra ungherese di spada maschile vince il secondo oro dell'Ungheria\" aria-describedby=\"gallery-2-606603\" srcset=\"https:\/\/contentf5.dailynewshungary.com\/wp-content\/uploads\/2024\/08\/Hungarian-mens-epee-team-wins-Hungarys-second-gold-1.jpg 1080w, https:\/\/contentf5.dailynewshungary.com\/wp-content\/uploads\/2024\/08\/Hungarian-mens-epee-team-wins-Hungarys-second-gold-1-768x512.jpg 768w, https:\/\/contentf5.dailynewshungary.com\/wp-content\/uploads\/2024\/08\/Hungarian-mens-epee-team-wins-Hungarys-second-gold-1-333x222.jpg 333w, https:\/\/contentf5.dailynewshungary.com\/wp-content\/uploads\/2024\/08\/Hungarian-mens-epee-team-wins-Hungarys-second-gold-1-248x165.jpg 248w, https:\/\/contentf5.dailynewshungary.com\/wp-content\/uploads\/2024\/08\/Hungarian-mens-epee-team-wins-Hungarys-second-gold-1-1030x687.jpg 1030w, https:\/\/contentf5.dailynewshungary.com\/wp-content\/uploads\/2024\/08\/Hungarian-mens-epee-team-wins-Hungarys-second-gold-1-113x75.jpg 113w, https:\/\/contentf5.dailynewshungary.com\/wp-content\/uploads\/2024\/08\/Hungarian-mens-epee-team-wins-Hungarys-second-gold-1-480x320.jpg 480w\" sizes=\"auto, (max-width: 282px) 100vw, 282px\"><\/a>\n\t\t\t<\/div><figcaption class=\"wp-caption-text gallery-caption\" id=\"gallery-2-606603\">\n\t\t\t\tFoto: MTI<br \/>\n\t\t\t\t<\/figcaption><\/figure>\n<\/p><\/div>\n<p>Questo oro \u00e8 la seconda medaglia dell&#8217;Ungheria ai Giochi successivi <a href=\"https:\/\/dailynewshungary.com\/it\/hubert-kos-vince-il-primo-oro-dellungheria-nei-200m-dorso-maschile-alle-olimpiadi-di-parigi-foto-video\/\"><strong>La vittoria di Hubert K\u00f3s<\/strong><\/a> nei 200m dorso maschili e il quinto assoluto alle Olimpiadi di Parigi (un bronzo, il <a href=\"https:\/\/dailynewshungary.com\/it\/breaking-lungheria-vince-la-sua-prima-medaglia-dargento-ai-giochi-olimpici-di-parigi-2024-aggiornato-nuova-medaglia-dargento\/\"><strong>due argenti<\/strong><\/a>, due ori).<\/p>\n<figure id=\"attachment_606605\" aria-describedby=\"caption-attachment-606605\" style=\"width: 600px\" class=\"wp-caption aligncenter\"><img loading=\"lazy\" decoding=\"async\" class=\"wp-image-606605\" src=\"https:\/\/contentf5.dailynewshungary.com\/wp-content\/uploads\/2024\/08\/Hungarian-mens-epee-team-wins-Hungarys-second-gold-3.jpg\" alt=\"La squadra ungherese di spada maschile vince il secondo oro dell'Ungheria\" width=\"600\" height=\"400\" srcset=\"https:\/\/contentf5.dailynewshungary.com\/wp-content\/uploads\/2024\/08\/Hungarian-mens-epee-team-wins-Hungarys-second-gold-3.jpg 1080w, https:\/\/contentf5.dailynewshungary.com\/wp-content\/uploads\/2024\/08\/Hungarian-mens-epee-team-wins-Hungarys-second-gold-3-768x512.jpg 768w, https:\/\/contentf5.dailynewshungary.com\/wp-content\/uploads\/2024\/08\/Hungarian-mens-epee-team-wins-Hungarys-second-gold-3-333x222.jpg 333w, https:\/\/contentf5.dailynewshungary.com\/wp-content\/uploads\/2024\/08\/Hungarian-mens-epee-team-wins-Hungarys-second-gold-3-248x165.jpg 248w, https:\/\/contentf5.dailynewshungary.com\/wp-content\/uploads\/2024\/08\/Hungarian-mens-epee-team-wins-Hungarys-second-gold-3-1030x687.jpg 1030w, https:\/\/contentf5.dailynewshungary.com\/wp-content\/uploads\/2024\/08\/Hungarian-mens-epee-team-wins-Hungarys-second-gold-3-113x75.jpg 113w, https:\/\/contentf5.dailynewshungary.com\/wp-content\/uploads\/2024\/08\/Hungarian-mens-epee-team-wins-Hungarys-second-gold-3-480x320.jpg 480w\" sizes=\"auto, (max-width: 600px) 100vw, 600px\"><figcaption id=\"caption-attachment-606605\" class=\"wp-caption-text\">Foto: MTI<\/figcaption><\/figure>\n<p><strong>Leggi anche:<\/strong><\/p>\n<ul>\n<li>La pugile ungherese dovr\u00e0 sconfiggere un uomo biologico alle Olimpiadi di Parigi? (VIDEO) e dettagli <a href=\"https:\/\/dailynewshungary.com\/it\/la-pugile-ungherese-dovra-sconfiggere-un-uomo-biologico-alle-olimpiadi-di-parigi-video-aggiornato\/\"><strong>QUI<\/strong><\/a><\/li>\n<li><a href=\"https:\/\/dailynewshungary.com\/it\/pugile-ungherese-hamori-contro-luomo-biologico-il-comitato-olimpico-ungherese-avvia-la-consultazione-con-il-cio-luca-aggiornato\/\"><strong>Il pugile ungherese Luca H\u00e1mori contro l&#8217;uomo biologico: il Comitato Olimpico Ungherese avvia la consultazione con il CIO<\/strong><\/a><\/li>\n<\/ul>\n<p><iframe loading=\"lazy\" style=\"border: none; overflow: hidden;\" src=\"https:\/\/www.facebook.com\/plugins\/post.php?href=https%3A%2F%2Fwww.facebook.com%2Folympicteamhungary%2Fposts%2Fpfbid0bzxnbbsLdJCF7GiQPTBcUB87XtbsF6F5FYSHfmHvbgk8gkPmsmeKCtGts9EZYXrxl&amp;show_text=true&amp;width=500\" width=\"500\" height=\"690\" frameborder=\"0\" scrolling=\"no\" allowfullscreen=\"allowfullscreen\"><\/iframe><\/p>\n<blockquote class=\"instagram-media\" style=\"background: #FFF; border: 0; border-radius: 3px; box-shadow: 0 0 1px 0 rgba(0,0,0,0.5),0 1px 10px 0 rgba(0,0,0,0.15); margin: 1px; max-width: 540px; min-width: 326px; padding: 0; width: calc(100% - 2px);\" data-instgrm-captioned=\"\" data-instgrm-permalink=\"https:\/\/www.instagram.com\/p\/C-LfXohNH76\/?utm_source=ig_embed&amp;utm_campaign=loading\" data-instgrm-version=\"14\">\n<div style=\"padding: 16px;\">\n<p>&nbsp;<\/p>\n<div style=\"display: flex; flex-direction: row; align-items: center;\">\n<div style=\"background-color: #f4f4f4; border-radius: 50%; flex-grow: 0; height: 40px; margin-right: 14px; width: 40px;\"><\/div>\n<div style=\"display: flex; flex-direction: column; flex-grow: 1; justify-content: center;\">\n<div style=\"background-color: #f4f4f4; border-radius: 4px; flex-grow: 0; height: 14px; margin-bottom: 6px; width: 100px;\"><\/div>\n<div style=\"background-color: #f4f4f4; border-radius: 4px; flex-grow: 0; height: 14px; width: 60px;\"><\/div>\n<\/div>\n<\/div>\n<div style=\"padding: 19% 0;\"><\/div>\n<div style=\"display: block; height: 50px; margin: 0 auto 12px; width: 50px;\"><\/div>\n<div style=\"padding-top: 8px;\">\n<div style=\"color: #3897f0; font-family: Arial,sans-serif; font-size: 14px; font-style: normal; font-weight: 550; line-height: 18px;\">Un bejegyz\u00e9s megtekint\u00e9se az Instagramon<\/div>\n<\/div>\n<div style=\"padding: 12.5% 0;\"><\/div>\n<div style=\"display: flex; flex-direction: row; margin-bottom: 14px; align-items: center;\">\n<div>\n<div style=\"background-color: #f4f4f4; border-radius: 50%; height: 12.5px; width: 12.5px; transform: translateX(0px) translateY(7px);\"><\/div>\n<div style=\"background-color: #f4f4f4; height: 12.5px; transform: rotate(-45deg) translateX(3px) translateY(1px); width: 12.5px; flex-grow: 0; margin-right: 14px; margin-left: 2px;\"><\/div>\n<div style=\"background-color: #f4f4f4; border-radius: 50%; height: 12.5px; width: 12.5px; transform: translateX(9px) translateY(-18px);\"><\/div>\n<\/div>\n<div style=\"margin-left: 8px;\">\n<div style=\"background-color: #f4f4f4; border-radius: 50%; flex-grow: 0; height: 20px; width: 20px;\"><\/div>\n<div style=\"width: 0; height: 0; border-top: 2px solid transparent; border-left: 6px solid #f4f4f4; border-bottom: 2px solid transparent; transform: translateX(16px) translateY(-4px) rotate(30deg);\"><\/div>\n<\/div>\n<div style=\"margin-left: auto;\">\n<div style=\"width: 0px; border-top: 8px solid #F4F4F4; border-right: 8px solid transparent; transform: translateY(16px);\"><\/div>\n<div style=\"background-color: #f4f4f4; flex-grow: 0; height: 12px; width: 16px; transform: translateY(-4px);\"><\/div>\n<div style=\"width: 0; height: 0; border-top: 8px solid #F4F4F4; border-left: 8px solid transparent; transform: translateY(-4px) translateX(8px);\"><\/div>\n<\/div>\n<\/div>\n<div style=\"display: flex; flex-direction: column; flex-grow: 1; justify-content: center; margin-bottom: 24px;\">\n<div style=\"background-color: #f4f4f4; border-radius: 4px; flex-grow: 0; height: 14px; margin-bottom: 6px; width: 224px;\"><\/div>\n<div style=\"background-color: #f4f4f4; border-radius: 4px; flex-grow: 0; height: 14px; width: 144px;\"><\/div>\n<\/div>\n<p>&nbsp;<\/p>\n<p style=\"color: #c9c8cd; font-family: Arial,sans-serif; font-size: 14px; line-height: 17px; margin-bottom: 0; margin-top: 8px; overflow: hidden; padding: 8px 0 7px; text-align: center; text-overflow: ellipsis; white-space: nowrap;\"><a style=\"color: #c9c8cd; font-family: Arial,sans-serif; font-size: 14px; font-style: normal; font-weight: normal; line-height: 17px; text-decoration: none;\" href=\"https:\/\/www.instagram.com\/p\/C-LfXohNH76\/?utm_source=ig_embed&amp;utm_campaign=loading\" target=\"_blank\" rel=\"noopener\">Federazione ungherese di scherma (@magyar_vivo_szovetseg) \u00e1ltal megosztott bejegyz\u00e9s<\/a><\/p>\n<\/div>\n<\/blockquote>\n<p><script async=\"\" src=\"\/\/www.instagram.com\/embed.js\"><\/script><\/p>\n","protected":false},"excerpt":{"rendered":"<p>La squadra ungherese di spada maschile si \u00e8 assicurata questa sera la seconda medaglia d&#8217;oro del paese ai Giochi olimpici di Parigi 2024 sconfiggendo il Giappone nella partita per la medaglia d&#8217;oro. Oggi la squadra ungherese \u00e8 riuscita a superare quella francese, che gli esperti avevano previsto avrebbe vinto. I francesi erano considerati favoriti non [&hellip;]<\/p>\n","protected":false},"author":18,"featured_media":656317,"comment_status":"open","ping_status":"open","sticky":false,"template":"","format":"standard","meta":{"_display_image":"","footnotes":""},"categories":[1268],"tags":[1588,1286,1069],"class_list":["post-656316","post","type-post","status-publish","format-standard","has-post-thumbnail","hentry","category-sport","tag-giochi-olimpici-parigi-2024","tag-successo","tag-ungheria"],"blocksy_meta":[],"author_username":"johnwoods","telegram_post":"","public_post_metadata":{"breaking_news":"","important":"","csempe":"","center_tile":"","disable_thumbnail":"","target_lang":"","_featured_image_style":"","telegram_post":"","_xlat_group_id":""},"public_rank_math_data":{"title":"%titolo% %sep% %nomesito%","description":"La squadra ungherese di spada maschile si \u00e8 assicurata questa sera la seconda medaglia d'oro del paese ai Giochi olimpici di Parigi 2024.","focus_keyword":"secondo oro","canonical_url":"","robots":"","primary_category":"1268","breadcrumb_title":"","facebook_title":"","facebook_description":"","facebook_image":"","facebook_image_id":"","twitter_title":"","twitter_description":"","twitter_image":"","twitter_image_id":"","twitter_card_type":"","twitter_use_facebook":"","advanced_robots":"","pillar_content":"","seo_score":"72","contentai_score":"","rich_snippet":""},"_links":{"self":[{"href":"https:\/\/dailynewshungary.com\/it\/wp-json\/wp\/v2\/posts\/656316","targetHints":{"allow":["GET"]}}],"collection":[{"href":"https:\/\/dailynewshungary.com\/it\/wp-json\/wp\/v2\/posts"}],"about":[{"href":"https:\/\/dailynewshungary.com\/it\/wp-json\/wp\/v2\/types\/post"}],"author":[{"embeddable":true,"href":"https:\/\/dailynewshungary.com\/it\/wp-json\/wp\/v2\/users\/18"}],"replies":[{"embeddable":true,"href":"https:\/\/dailynewshungary.com\/it\/wp-json\/wp\/v2\/comments?post=656316"}],"version-history":[{"count":0,"href":"https:\/\/dailynewshungary.com\/it\/wp-json\/wp\/v2\/posts\/656316\/revisions"}],"wp:featuredmedia":[{"embeddable":true,"href":"https:\/\/dailynewshungary.com\/it\/wp-json\/wp\/v2\/media\/656317"}],"wp:attachment":[{"href":"https:\/\/dailynewshungary.com\/it\/wp-json\/wp\/v2\/media?parent=656316"}],"wp:term":[{"taxonomy":"category","embeddable":true,"href":"https:\/\/dailynewshungary.com\/it\/wp-json\/wp\/v2\/categories?post=656316"},{"taxonomy":"post_tag","embeddable":true,"href":"https:\/\/dailynewshungary.com\/it\/wp-json\/wp\/v2\/tags?post=656316"}],"curies":[{"name":"wp","href":"https:\/\/api.w.org\/{rel}","templated":true}]}}