{"id":656407,"date":"2024-07-30T11:34:00","date_gmt":"2024-07-30T09:34:00","guid":{"rendered":"https:\/\/dailynewshungary.com\/it\/szijjarto-cattivo-guardare-la-diplomazia-polacca-affondare-nel-fango-delle-bugie\/"},"modified":"2024-07-30T11:34:00","modified_gmt":"2024-07-30T09:34:00","slug":"szijjarto-cattivo-guardare-la-diplomazia-polacca-affondare-nel-fango-delle-bugie","status":"publish","type":"post","link":"https:\/\/dailynewshungary.com\/it\/szijjarto-cattivo-guardare-la-diplomazia-polacca-affondare-nel-fango-delle-bugie\/","title":{"rendered":"Szijj\u00e1rt\u00f3: \u201cCattivo\u201d guardare la diplomazia polacca \u201caffondare nel fango delle bugie\u201d"},"content":{"rendered":"<p><strong><span id=\"ctl00_ContentPlaceHolder1_ctrlNewsControl_lbLead\">Il ministro degli Esteri P\u00e9ter Szijj\u00e1rt\u00f3 ha dichiarato luned\u00ec scorso di avere grande rispetto per la diplomazia polacca, quindi \u00e8 stato \u201cbad vederla sprofondare in un fango di bugie\u201d.<\/span><\/strong><\/p>\n<h2>Szijj\u00e1rt\u00f3 parla della diplomazia polacca<\/h2>\n<p><span id=\"ctl00_ContentPlaceHolder1_ctrlNewsControl_lbBody\">Ha detto su Facebook che avrebbe ribadito per la millesima volta che durante la recente missione di pace del primo ministro Viktor Orb\u00e1n, il primo ministro rappresentava l&#8217;Ungheria e non il <a href=\"https:\/\/european-union.europa.eu\/index_en\" target=\"_blank\" rel=\"noopener\">Unione europea<\/a>.<\/span><\/p>\n<p>Il ministro degli Esteri ha detto che non \u00e8 saggio parlare di isolamento nel caso di un primo ministro e di un governo che sono gli unici rimasti in Europa ancora in grado di mantenere le relazioni sia con l&#8217;Occidente che con l&#8217;Oriente.<\/p>\n<p>\u201cStiamo aspettando che i nostri fratelli polacchi ritornino nell&#8217;Europa centrale, ha detto.<\/p>\n<p><iframe loading=\"lazy\" style=\"border: none; overflow: hidden;\" src=\"https:\/\/www.facebook.com\/plugins\/post.php?href=https%3A%2F%2Fwww.facebook.com%2Fszijjarto.peter.official%2Fposts%2Fpfbid0HE8prpxoarE3u5jfd5H6235dKnK8Yb2epDG5ZaXLuBcJToDZUEHpMeT2NKh3kLvHl&amp;show_text=true&amp;width=500\" width=\"500\" height=\"316\" frameborder=\"0\" scrolling=\"no\" allowfullscreen=\"allowfullscreen\"><\/iframe><\/p>\n<p><strong>Leggi anche:<\/strong><\/p>\n<ul>\n<li><a href=\"https:\/\/dailynewshungary.com\/it\/il-responsabile-della-comunicazione-di-fidesz-si-aspetta-che-molti-giovani-aderiscano-al-loro-partito\/\">Il responsabile della comunicazione di Fidesz si aspetta che molti giovani aderiscano al loro partito<\/a><\/li>\n<li><a href=\"https:\/\/dailynewshungary.com\/it\/fm-ungherese-szijjarto-fm-polacco-e-anche-fedele-alla-provocazione\/\">FM ungherese Szijj\u00e1rt\u00f3: FM polacco \u00e8 anche fedele alla provocazione\u201d<\/a><\/li>\n<\/ul>\n","protected":false},"excerpt":{"rendered":"<p>Il ministro degli Esteri P\u00e9ter Szijj\u00e1rt\u00f3 ha dichiarato luned\u00ec scorso di avere grande rispetto per la diplomazia polacca, quindi \u00e8 stato \u201cbad vederla sprofondare in un fango di bugie\u201d. Szijj\u00e1rt\u00f3 parla della diplomazia polacca Ha detto su Facebook che avrebbe ribadito per la millesima volta che durante la recente missione di pace del primo ministro [&hellip;]<\/p>\n","protected":false},"author":33,"featured_media":0,"comment_status":"open","ping_status":"open","sticky":false,"template":"","format":"standard","meta":{"_display_image":"yes","footnotes":""},"categories":[1185],"tags":[1360,1144,1069],"class_list":["post-656407","post","type-post","status-publish","format-standard","hentry","category-politica-in-ungheria","tag-ministero-degli-affari-esteri-di-ungheria","tag-polonia","tag-ungheria"],"blocksy_meta":[],"author_username":"ugyelet","telegram_post":"","public_post_metadata":{"breaking_news":"","important":"","csempe":"","center_tile":"","disable_thumbnail":"","target_lang":"","_featured_image_style":"hidden","telegram_post":"","_xlat_group_id":""},"public_rank_math_data":{"title":"%titolo% %sep% %nomesito%","description":"","focus_keyword":"","canonical_url":"","robots":"","primary_category":"1185","breadcrumb_title":"","facebook_title":"","facebook_description":"","facebook_image":"","facebook_image_id":"","twitter_title":"","twitter_description":"","twitter_image":"","twitter_image_id":"","twitter_card_type":"","twitter_use_facebook":"","advanced_robots":"","pillar_content":"","seo_score":"","contentai_score":"","rich_snippet":""},"_links":{"self":[{"href":"https:\/\/dailynewshungary.com\/it\/wp-json\/wp\/v2\/posts\/656407","targetHints":{"allow":["GET"]}}],"collection":[{"href":"https:\/\/dailynewshungary.com\/it\/wp-json\/wp\/v2\/posts"}],"about":[{"href":"https:\/\/dailynewshungary.com\/it\/wp-json\/wp\/v2\/types\/post"}],"author":[{"embeddable":true,"href":"https:\/\/dailynewshungary.com\/it\/wp-json\/wp\/v2\/users\/33"}],"replies":[{"embeddable":true,"href":"https:\/\/dailynewshungary.com\/it\/wp-json\/wp\/v2\/comments?post=656407"}],"version-history":[{"count":0,"href":"https:\/\/dailynewshungary.com\/it\/wp-json\/wp\/v2\/posts\/656407\/revisions"}],"wp:attachment":[{"href":"https:\/\/dailynewshungary.com\/it\/wp-json\/wp\/v2\/media?parent=656407"}],"wp:term":[{"taxonomy":"category","embeddable":true,"href":"https:\/\/dailynewshungary.com\/it\/wp-json\/wp\/v2\/categories?post=656407"},{"taxonomy":"post_tag","embeddable":true,"href":"https:\/\/dailynewshungary.com\/it\/wp-json\/wp\/v2\/tags?post=656407"}],"curies":[{"name":"wp","href":"https:\/\/api.w.org\/{rel}","templated":true}]}}