{"id":657103,"date":"2024-07-06T13:34:14","date_gmt":"2024-07-06T11:34:14","guid":{"rendered":"https:\/\/dailynewshungary.com\/it\/quasi-un-gruppo-politico-del-parlamento-europeo-il-partito-olandese-sostenitore-dellucraina-si-unisce-allalleanza-politica-europea-di-orban\/"},"modified":"2024-07-06T13:34:14","modified_gmt":"2024-07-06T11:34:14","slug":"quasi-un-gruppo-politico-del-parlamento-europeo-il-partito-olandese-sostenitore-dellucraina-si-unisce-allalleanza-politica-europea-di-orban","status":"publish","type":"post","link":"https:\/\/dailynewshungary.com\/it\/quasi-un-gruppo-politico-del-parlamento-europeo-il-partito-olandese-sostenitore-dellucraina-si-unisce-allalleanza-politica-europea-di-orban\/","title":{"rendered":"Quasi un gruppo politico del Parlamento europeo: il partito olandese, sostenitore dell\u2019Ucraina, si unisce all\u2019alleanza politica europea di Orb\u00e1n"},"content":{"rendered":"<p><strong>L&#8217;alleanza politica europea del primo ministro ungherese Viktor Orb\u00e1n continua a crescere: il Partito della Libert\u00e0 (PVV) olandese si unir\u00e0 all&#8217;emergente gruppo parlamentare europeo dei neonati Patrioti per l&#8217;Europa, ha detto venerd\u00ec il leader del PVV Geert Wilders sulla piattaforma X.<\/strong><\/p>\n<h2>I Patrioti per l&#8217;Europa di Orb\u00e1n continuano a crescere<\/h2>\n<figure id=\"attachment_604008\" aria-describedby=\"caption-attachment-604008\" style=\"width: 1280px\" class=\"wp-caption aligncenter\"><img loading=\"lazy\" decoding=\"async\" class=\"size-full wp-image-604008\" src=\"https:\/\/contentf5.dailynewshungary.com\/wp-content\/uploads\/2024\/07\/geert-wilders.jpg\" alt=\"il partito di Geert Wilders si unisce ai patrioti per l'Europa\" width=\"1280\" height=\"1026\" srcset=\"https:\/\/contentf5.dailynewshungary.com\/wp-content\/uploads\/2024\/07\/geert-wilders.jpg 1280w, https:\/\/contentf5.dailynewshungary.com\/wp-content\/uploads\/2024\/07\/geert-wilders-768x616.jpg 768w, https:\/\/contentf5.dailynewshungary.com\/wp-content\/uploads\/2024\/07\/geert-wilders-277x222.jpg 277w, https:\/\/contentf5.dailynewshungary.com\/wp-content\/uploads\/2024\/07\/geert-wilders-1030x826.jpg 1030w, https:\/\/contentf5.dailynewshungary.com\/wp-content\/uploads\/2024\/07\/geert-wilders-94x75.jpg 94w, https:\/\/contentf5.dailynewshungary.com\/wp-content\/uploads\/2024\/07\/geert-wilders-480x385.jpg 480w\" sizes=\"auto, (max-width: 1280px) 100vw, 1280px\"><figcaption id=\"caption-attachment-604008\" class=\"wp-caption-text\">Geert Wilders. Foto: EPA\/KOEN VAN WEEL<\/figcaption><\/figure>\n<p>\u201cSiamo PVV-patrioti, amiamo la nostra nazione Forte e sovrano,\u201d Wilders ha detto <strong><a href=\"https:\/\/x.com\/geertwilderspvv\/status\/1809269979457417639\" target=\"_blank\">nel suo post<\/a><\/strong>.<\/p>\n<p>PVV lotta contro l&#8217;immigrazione clandestina e difende la pace e la libert\u00e0, ha detto, aggiungendo che il suo partito ha sostenuto l&#8217;Ucraina.<\/p>\n<p>\u201cProteggiamo la nostra eredit\u00e0 giudaico-cristiana. E le nostre famiglie, ha detto.<\/p>\n<p>\u201cVogliamo unire le forze nel PE e ci uniremo con orgoglio a Patriots for Europe, ha detto\u201d Wilders.<\/p>\n<blockquote class=\"twitter-tweet\">\n<p dir=\"ltr\" lang=\"en\">Siamo PVV-patrioti, amiamo la nostra nazione Forte e sovrano Resistere all&#8217;immigrazione clandestina Difendiamo la pace e la libert\u00e0 E sosteniamo 6. proteggiamo la nostra eredit\u00e0 giudaico-cristiana E le nostre famiglie.<\/p>\n<p>Vogliamo unire le forze nel PE e ci uniremo con orgoglio <a href=\"https:\/\/twitter.com\/hashtag\/PatriotsforEurope?src=hash&amp;ref_src=twsrc%5Etfw\" target=\"_blank\" rel=\"noopener\">#Patrioti per l&#8217;Europa<\/a>!  <\/p>\n<p>@geert Wilders (@ertwilderspv) <a href=\"https:\/\/twitter.com\/geertwilderspvv\/status\/1809269979457417639?ref_src=twsrc%5Etfw\" target=\"_blank\" rel=\"noopener\">5 luglio 2024<\/a><\/p>\n<\/blockquote>\n<p><script async=\"\" src=\"https:\/\/platform.twitter.com\/widgets.js\" charset=\"utf-8\"><\/script><\/p>\n<h2>Patrioti per l&#8217;Europa: l&#8217;alleanza politica<\/h2>\n<p>I membri del gruppo Patriots for Europe sono finora i seguenti<\/p>\n<ul>\n<li>Fidesz (Ungheria, membro fondatore)<\/li>\n<li>Partito della Libert\u00e0 Austriaco (Austria, membro fondatore)<\/li>\n<li>ANO (Repubblica Ceca, membro fondatore)<\/li>\n<li>Chega (Portogallo, indicato per aderire)<\/li>\n<li>VOX (Spagna, <strong><a href=\"https:\/\/dailynewshungary.com\/it\/patrioti-per-leuropa-un-forte-partito-di-estrema-destra-si-unisce-al-nuovo-gruppo-europeo-di-orban\/\">indicato per aderire<\/a><\/strong>)<\/li>\n<li>PVV (Paesi Bassi, indicati per aderire)<\/li>\n<\/ul>\n<p>Per formare un gruppo politico al Parlamento europeo, \u00e8 necessario avere almeno 23 membri provenienti da almeno 7 paesi Attualmente (6 luglio 2024), almeno un altro paese manca ancora perch\u00e9 Patriots for Europe soddisfi il requisito minimo.<\/p>\n<p><strong>Leggi anche:<\/strong><\/p>\n<ul>\n<li><a href=\"https:\/\/dailynewshungary.com\/it\/patrioti-per-leuropa-un-forte-partito-di-estrema-destra-si-unisce-al-nuovo-gruppo-europeo-di-orban\/\">Patrioti per l&#8217;Europa: un forte partito di estrema destra si unisce al nuovo gruppo europeo di Orb\u00e1n<\/a><\/li>\n<li><a href=\"https:\/\/dailynewshungary.com\/it\/video-dellincontro-orban-a-putin-grazie-per-avermi-ricevuto\/\">VIDEO dell&#8217;incontro (Orb\u00e1n) a Putin Grazie per avermi ricevuto<\/a><\/li>\n<\/ul>\n","protected":false},"excerpt":{"rendered":"<p>L&#8217;alleanza politica europea del primo ministro ungherese Viktor Orb\u00e1n continua a crescere: il Partito della Libert\u00e0 (PVV) olandese si unir\u00e0 all&#8217;emergente gruppo parlamentare europeo dei neonati Patrioti per l&#8217;Europa, ha detto venerd\u00ec il leader del PVV Geert Wilders sulla piattaforma X. I Patrioti per l&#8217;Europa di Orb\u00e1n continuano a crescere Geert Wilders. Foto: EPA\/KOEN VAN [&hellip;]<\/p>\n","protected":false},"author":33,"featured_media":657104,"comment_status":"open","ping_status":"open","sticky":false,"template":"","format":"standard","meta":{"_display_image":"yes","footnotes":""},"categories":[1185],"tags":[1503,1566,1069,1075,1083],"class_list":["post-657103","post","type-post","status-publish","format-standard","has-post-thumbnail","hentry","category-politica-in-ungheria","tag-elezioni-parlamentari-europee-2024","tag-gruppo-patrioti-per-leuropa","tag-ungheria","tag-unione-europea","tag-viktor-orban"],"blocksy_meta":[],"author_username":"ugyelet","telegram_post":"","public_post_metadata":{"breaking_news":"","important":"","csempe":"","center_tile":"","disable_thumbnail":"","target_lang":"","_featured_image_style":"hidden","telegram_post":"","_xlat_group_id":""},"public_rank_math_data":{"title":"%titolo% %sep% %nomesito%","description":"","focus_keyword":"Orb\u00e1n","canonical_url":"","robots":"","primary_category":"1185","breadcrumb_title":"","facebook_title":"","facebook_description":"","facebook_image":"","facebook_image_id":"","twitter_title":"","twitter_description":"","twitter_image":"","twitter_image_id":"","twitter_card_type":"","twitter_use_facebook":"","advanced_robots":"","pillar_content":"","seo_score":"77","contentai_score":"","rich_snippet":""},"_links":{"self":[{"href":"https:\/\/dailynewshungary.com\/it\/wp-json\/wp\/v2\/posts\/657103","targetHints":{"allow":["GET"]}}],"collection":[{"href":"https:\/\/dailynewshungary.com\/it\/wp-json\/wp\/v2\/posts"}],"about":[{"href":"https:\/\/dailynewshungary.com\/it\/wp-json\/wp\/v2\/types\/post"}],"author":[{"embeddable":true,"href":"https:\/\/dailynewshungary.com\/it\/wp-json\/wp\/v2\/users\/33"}],"replies":[{"embeddable":true,"href":"https:\/\/dailynewshungary.com\/it\/wp-json\/wp\/v2\/comments?post=657103"}],"version-history":[{"count":0,"href":"https:\/\/dailynewshungary.com\/it\/wp-json\/wp\/v2\/posts\/657103\/revisions"}],"wp:featuredmedia":[{"embeddable":true,"href":"https:\/\/dailynewshungary.com\/it\/wp-json\/wp\/v2\/media\/657104"}],"wp:attachment":[{"href":"https:\/\/dailynewshungary.com\/it\/wp-json\/wp\/v2\/media?parent=657103"}],"wp:term":[{"taxonomy":"category","embeddable":true,"href":"https:\/\/dailynewshungary.com\/it\/wp-json\/wp\/v2\/categories?post=657103"},{"taxonomy":"post_tag","embeddable":true,"href":"https:\/\/dailynewshungary.com\/it\/wp-json\/wp\/v2\/tags?post=657103"}],"curies":[{"name":"wp","href":"https:\/\/api.w.org\/{rel}","templated":true}]}}