{"id":658125,"date":"2024-06-06T13:34:40","date_gmt":"2024-06-06T11:34:40","guid":{"rendered":"https:\/\/dailynewshungary.com\/it\/il-primo-volo-per-corfu-decolla-da-questo-aeroporto-ungherese\/"},"modified":"2024-06-06T13:34:40","modified_gmt":"2024-06-06T11:34:40","slug":"il-primo-volo-per-corfu-decolla-da-questo-aeroporto-ungherese","status":"publish","type":"post","link":"https:\/\/dailynewshungary.com\/it\/il-primo-volo-per-corfu-decolla-da-questo-aeroporto-ungherese\/","title":{"rendered":"Il primo volo per Corf\u00f9 decolla da questo aeroporto ungherese!"},"content":{"rendered":"<p><strong>Il primo volo di linea \u00e8 decollato dall&#8217;aeroporto di P\u00e9cs-Pog\u00e1ny la sera del 5 giugno e si \u00e8 diretto verso la bellissima isola greca di Corf\u00f9.<\/strong><\/p>\n<h2>Corf\u00f9 disponibile dall&#8217;aeroporto di P\u00e9cs-Pog\u00e1ny<\/h2>\n<figure id=\"attachment_591353\" aria-describedby=\"caption-attachment-591353\" style=\"width: 1024px\" class=\"wp-caption aligncenter\"><img loading=\"lazy\" decoding=\"async\" class=\"size-full wp-image-591353\" src=\"https:\/\/contentf5.dailynewshungary.com\/wp-content\/uploads\/2024\/03\/Corfu-new-destination-Pecs-Airport.webp\" alt=\"Corf\u00f9 nuova destinazione Aeroporto di P\u00e9cs\" width=\"1024\" height=\"682\" srcset=\"https:\/\/contentf5.dailynewshungary.com\/wp-content\/uploads\/2024\/03\/Corfu-new-destination-Pecs-Airport.webp 1024w, https:\/\/contentf5.dailynewshungary.com\/wp-content\/uploads\/2024\/03\/Corfu-new-destination-Pecs-Airport-768x512.webp 768w, https:\/\/contentf5.dailynewshungary.com\/wp-content\/uploads\/2024\/03\/Corfu-new-destination-Pecs-Airport-333x222.webp 333w, https:\/\/contentf5.dailynewshungary.com\/wp-content\/uploads\/2024\/03\/Corfu-new-destination-Pecs-Airport-248x165.webp 248w, https:\/\/contentf5.dailynewshungary.com\/wp-content\/uploads\/2024\/03\/Corfu-new-destination-Pecs-Airport-113x75.webp 113w, https:\/\/contentf5.dailynewshungary.com\/wp-content\/uploads\/2024\/03\/Corfu-new-destination-Pecs-Airport-480x320.webp 480w\" sizes=\"auto, (max-width: 1024px) 100vw, 1024px\"><figcaption id=\"caption-attachment-591353\" class=\"wp-caption-text\">Corf\u00f9, Grecia Foto: depositphotos.com<\/figcaption><\/figure>\n<p>Secondo il <strong><a href=\"https:\/\/www.pecsma.hu\/korfura-is-indulnak-mar-jaratok-a-pecs-poganyi-repuloterrol\/\" target=\"_blank\" rel=\"noopener\">P\u00e9csMa<\/a><\/strong>, il traffico all&#8217;aeroporto di P\u00e9cs-Pog\u00e1ny \u00e8 in aumento Dopo quasi un decennio e mezzo, il primo volo \u00e8 atterrato all&#8217;aeroporto il 26 marzo Da allora, i voli arrivano regolarmente ogni marted\u00ec e venerd\u00ec.<\/p>\n<p>Dal 2 giugno, i voli sono ora disponibili anche il mercoled\u00ec e la domenica, e non solo per Malta e Monaco di Baviera ma anche per Corf\u00f9! i primi passeggeri hanno volato direttamente da P\u00e9cs all&#8217;isola greca il 5 giugno.<\/p>\n<h2>Dove acquistare i biglietti + informazioni sui bagagli<\/h2>\n<figure id=\"attachment_446807\" aria-describedby=\"caption-attachment-446807\" style=\"width: 1109px\" class=\"wp-caption aligncenter\"><img loading=\"lazy\" decoding=\"async\" class=\"size-full wp-image-446807\" src=\"https:\/\/contentf5.dailynewshungary.com\/wp-content\/uploads\/2021\/12\/Pecs-Pogany-airport.jpg\" alt=\"Pecs-Pogany-aeroporto\" width=\"1109\" height=\"746\" srcset=\"https:\/\/contentf5.dailynewshungary.com\/wp-content\/uploads\/2021\/12\/Pecs-Pogany-airport.jpg 1109w, https:\/\/contentf5.dailynewshungary.com\/wp-content\/uploads\/2021\/12\/Pecs-Pogany-airport-768x517.jpg 768w, https:\/\/contentf5.dailynewshungary.com\/wp-content\/uploads\/2021\/12\/Pecs-Pogany-airport-350x235.jpg 350w, https:\/\/contentf5.dailynewshungary.com\/wp-content\/uploads\/2021\/12\/Pecs-Pogany-airport-248x167.jpg 248w, https:\/\/contentf5.dailynewshungary.com\/wp-content\/uploads\/2021\/12\/Pecs-Pogany-airport-1030x693.jpg 1030w, https:\/\/contentf5.dailynewshungary.com\/wp-content\/uploads\/2021\/12\/Pecs-Pogany-airport-217x146.jpg 217w, https:\/\/contentf5.dailynewshungary.com\/wp-content\/uploads\/2021\/12\/Pecs-Pogany-airport-50x34.jpg 50w, https:\/\/contentf5.dailynewshungary.com\/wp-content\/uploads\/2021\/12\/Pecs-Pogany-airport-111x75.jpg 111w\" sizes=\"auto, (max-width: 1109px) 100vw, 1109px\"><figcaption id=\"caption-attachment-446807\" class=\"wp-caption-text\">https:\/\/www.facebook.com\/hoppalpeter<\/figcaption><\/figure>\n<p>I biglietti per i voli dall&#8217;aeroporto di P\u00e9cs-Pog\u00e1ny possono essere acquistati tramite il call center in lingua inglese di Universal Air o tramite il <strong><a href=\"https:\/\/www.flyuniversalair.com\/hu\/\" target=\"_blank\" rel=\"noopener\">sito web della compagnia aerea<\/a><\/strong>. Puoi anche scaricare gratuitamente l&#8217;app Fly Universal Air dall&#8217;App Store e da Google Play, che ti permette di acquistare il tuo biglietto con pochi clic.<\/p>\n<p>Il prezzo include un bagaglio a mano, del peso massimo di 7 kg, e un bagaglio registrato del peso massimo di 15 kg Un ulteriore telaio da 15 chilogrammi di peso pu\u00f2 essere acquistato al costo di 30 EUR.<\/p>\n<p>Come scrive P\u00e9csMa, durante la stagione estiva, Universal Air utilizzer\u00e0 la capacit\u00e0 gratuita di Greek Marathon Airlines oltre ai suoi soliti aerei Dash8Q400, il che significa che puoi anche volare con un aereo a reazione dall&#8217;aeroporto di P\u00e9cs-Pog\u00e1ny.<\/p>\n<p><strong>Leggi anche:<\/strong><\/p>\n<ul>\n<li><a href=\"https:\/\/dailynewshungary.com\/it\/dopo-10-anni-la-tunisia-e-finalmente-di-nuovo-disponibile-da-questa-citta-ungherese\/\">Dopo 10 anni, la Tunisia \u00e8 finalmente di nuovo disponibile da questa citt\u00e0 ungherese!<\/a><\/li>\n<li><a href=\"https:\/\/dailynewshungary.com\/it\/wizz-air-lancia-un-nuovo-volo-per-la-citta-tedesca-e-potrebbe-ricevere-una-multa-enorme-dalla-spagna\/\">Wizz Air lancia un nuovo volo per la citt\u00e0 tedesca e potrebbe ricevere una multa enorme dalla Spagna<\/a><\/li>\n<\/ul>\n<p><em>Immagine in primo piano: <\/em><a href=\"https:\/\/depositphotos.com\/photo\/old-venetian-fortress-corfu-greece-641142076.html\" target=\"_blank\" rel=\"noopener\"><em>depositphotos.com<\/em><\/a><\/p>\n","protected":false},"excerpt":{"rendered":"<p>Il primo volo di linea \u00e8 decollato dall&#8217;aeroporto di P\u00e9cs-Pog\u00e1ny la sera del 5 giugno e si \u00e8 diretto verso la bellissima isola greca di Corf\u00f9. Corf\u00f9 disponibile dall&#8217;aeroporto di P\u00e9cs-Pog\u00e1ny Corf\u00f9, Grecia Foto: depositphotos.com Secondo il P\u00e9csMa, il traffico all&#8217;aeroporto di P\u00e9cs-Pog\u00e1ny \u00e8 in aumento Dopo quasi un decennio e mezzo, il primo volo [&hellip;]<\/p>\n","protected":false},"author":62,"featured_media":658126,"comment_status":"open","ping_status":"open","sticky":false,"template":"","format":"standard","meta":{"_display_image":"yes","footnotes":""},"categories":[1207],"tags":[1170,1552,1109,1072,1069,1073],"class_list":["post-658125","post","type-post","status-publish","format-standard","has-post-thumbnail","hentry","category-societa-in-ungheria","tag-aeroporto","tag-grecia","tag-pecs","tag-turismo","tag-ungheria","tag-viaggi"],"blocksy_meta":[],"author_username":"hmercedesz","telegram_post":"","public_post_metadata":{"breaking_news":"","important":"","csempe":"","center_tile":"","disable_thumbnail":"","target_lang":"","_featured_image_style":"hidden","telegram_post":"","_xlat_group_id":""},"public_rank_math_data":{"title":"%titolo% %sep% %nomesito%","description":"Il primo volo di linea \u00e8 decollato dall'aeroporto di P\u00e9cs-Pog\u00e1ny la sera del 5 giugno e si \u00e8 diretto verso la bellissima isola greca di Corf\u00f9.","focus_keyword":"Corf\u00f9","canonical_url":"","robots":"","primary_category":"1207","breadcrumb_title":"","facebook_title":"","facebook_description":"","facebook_image":"","facebook_image_id":"","twitter_title":"","twitter_description":"","twitter_image":"","twitter_image_id":"","twitter_card_type":"","twitter_use_facebook":"","advanced_robots":"","pillar_content":"","seo_score":"82","contentai_score":"","rich_snippet":""},"_links":{"self":[{"href":"https:\/\/dailynewshungary.com\/it\/wp-json\/wp\/v2\/posts\/658125","targetHints":{"allow":["GET"]}}],"collection":[{"href":"https:\/\/dailynewshungary.com\/it\/wp-json\/wp\/v2\/posts"}],"about":[{"href":"https:\/\/dailynewshungary.com\/it\/wp-json\/wp\/v2\/types\/post"}],"author":[{"embeddable":true,"href":"https:\/\/dailynewshungary.com\/it\/wp-json\/wp\/v2\/users\/62"}],"replies":[{"embeddable":true,"href":"https:\/\/dailynewshungary.com\/it\/wp-json\/wp\/v2\/comments?post=658125"}],"version-history":[{"count":0,"href":"https:\/\/dailynewshungary.com\/it\/wp-json\/wp\/v2\/posts\/658125\/revisions"}],"wp:featuredmedia":[{"embeddable":true,"href":"https:\/\/dailynewshungary.com\/it\/wp-json\/wp\/v2\/media\/658126"}],"wp:attachment":[{"href":"https:\/\/dailynewshungary.com\/it\/wp-json\/wp\/v2\/media?parent=658125"}],"wp:term":[{"taxonomy":"category","embeddable":true,"href":"https:\/\/dailynewshungary.com\/it\/wp-json\/wp\/v2\/categories?post=658125"},{"taxonomy":"post_tag","embeddable":true,"href":"https:\/\/dailynewshungary.com\/it\/wp-json\/wp\/v2\/tags?post=658125"}],"curies":[{"name":"wp","href":"https:\/\/api.w.org\/{rel}","templated":true}]}}