{"id":658534,"date":"2024-05-26T06:34:33","date_gmt":"2024-05-26T04:34:33","guid":{"rendered":"https:\/\/dailynewshungary.com\/it\/lungherese-wizz-air-e-atterrata-in-india-per-la-prima-volta\/"},"modified":"2024-05-26T06:34:33","modified_gmt":"2024-05-26T04:34:33","slug":"lungherese-wizz-air-e-atterrata-in-india-per-la-prima-volta","status":"publish","type":"post","link":"https:\/\/dailynewshungary.com\/it\/lungherese-wizz-air-e-atterrata-in-india-per-la-prima-volta\/","title":{"rendered":"L\u2019ungherese Wizz Air \u00e8 atterrata in India per la prima volta"},"content":{"rendered":"<p><strong>Un aereo della Wizz Air \u00e8 atterrato all&#8217;aeroporto internazionale di Trivandrum, in India, Questa \u00e8 stata la prima volta che l&#8217;aereo della compagnia aerea economica ungherese ha toccato il suolo del subcontinente.<\/strong><\/p>\n<h2>Wizz Air non va in America<\/h2>\n<p>Noi <strong><a href=\"https:\/\/dailynewshungary.com\/it\/2-aerei-wizz-hanno-effettuato-atterraggi-di-emergenza-a-budapest-compagnia-aerea-che-ha-mancato-almeno-50-aerei-nel-2024\/\">scritto<\/a> <\/strong>in precedenza che Wizz Air prevede di acquisire 47 aerei A321XLR entro il 2030 Si tratta di aerei a lungo raggio Ma sulla base del CEO della compagnia, J\u00f3zsef V\u00e1radi, non hanno intenzione di lanciare voli transatlantici con l&#8217;aiuto di quegli aerei.<\/p>\n<p>Ci\u00f2 potrebbe essere dovuto alle cattive relazioni USA-Ungheria, grazie alla posizione del governo ungherese sulla guerra in Ucraina. Il governo Orb\u00e1n non vorrebbe fornire armi all\u2019Ucraina e si concentra sull\u2019importanza del cessate il fuoco e dei colloqui di pace nelle campagne elettorali del 2024.<\/p>\n<p>Orb\u00e1n afferma regolarmente che senza la loro vittoria (e la vittoria delle \u201cforze pro-pace\u201d) alle elezioni, la NATO e l\u2019UE si unirebbero alla guerra contro la Russia in Ucraina e suggerisce che gli ungheresi verrebbero sacrificati per l\u2019Ucraina sul fronte orientale. L\u2019amministrazione Biden e molti leader europei sono pazzi nel sentire o leggere quelle dichiarazioni.<\/p>\n<figure id=\"attachment_545884\" aria-describedby=\"caption-attachment-545884\" style=\"width: 600px\" class=\"wp-caption aligncenter\"><img loading=\"lazy\" decoding=\"async\" class=\"wp-image-545884\" src=\"https:\/\/contentf5.dailynewshungary.com\/wp-content\/uploads\/2023\/02\/Orban-Zelensky-Ukraine.webp\" alt=\"zelenskij orb\u00e1n\" width=\"600\" height=\"433\" srcset=\"https:\/\/contentf5.dailynewshungary.com\/wp-content\/uploads\/2023\/02\/Orban-Zelensky-Ukraine.webp 839w, https:\/\/contentf5.dailynewshungary.com\/wp-content\/uploads\/2023\/02\/Orban-Zelensky-Ukraine-768x555.webp 768w, https:\/\/contentf5.dailynewshungary.com\/wp-content\/uploads\/2023\/02\/Orban-Zelensky-Ukraine-307x222.webp 307w, https:\/\/contentf5.dailynewshungary.com\/wp-content\/uploads\/2023\/02\/Orban-Zelensky-Ukraine-248x179.webp 248w, https:\/\/contentf5.dailynewshungary.com\/wp-content\/uploads\/2023\/02\/Orban-Zelensky-Ukraine-202x146.webp 202w, https:\/\/contentf5.dailynewshungary.com\/wp-content\/uploads\/2023\/02\/Orban-Zelensky-Ukraine-50x36.webp 50w, https:\/\/contentf5.dailynewshungary.com\/wp-content\/uploads\/2023\/02\/Orban-Zelensky-Ukraine-104x75.webp 104w\" sizes=\"auto, (max-width: 600px) 100vw, 600px\"><figcaption id=\"caption-attachment-545884\" class=\"wp-caption-text\">Orb\u00e1n e Zelenskyj. Foto: Facebook.com\/orbanviktor<\/figcaption><\/figure>\n<h2>Primo aereo atterrato in India<\/h2>\n<p>Questo \u00e8 probabilmente il motivo per cui Wizz Air prevede di espandersi in Oriente Il CEO V\u00e1radi ha affermato che miravano ad aprire nuove rotte verso l&#8217;Asia centrale e l&#8217;India, e il loro primo volo \u00e8 atterrato nel subcontinente, anche se non era intenzionale.<\/p>\n<p>Secondo il <a href=\"https:\/\/www.facebook.com\/budflyer\/posts\/pfbid0313DaXphMKkEntWNXg7DpnnJGUA943Vi7MPyVwtvu54qEVAyS6vUcE7iBsKSsC3qkl?__cft__[0]=AZWFLAzdwJSmqoQLUb-dVKPFV672jbX5XrSH_7z9365KkLyPYUt9L7GFWTNqMWz9U_N4uE4waevgFxIuCKJjFZCBmNlj8HTAiE_OJrBsdE6zBNc-h7Aysy-NDh-748nTtThoLur1yLAzYWyLzTGKUPEKTGHdziB8uTxzwRsTavcRt82ooLlau8zsxjXcCGU5kuFysF-hofPVKLTeEqNY1Ku53F56MgIJGpR3IpyRLGiTLxVSOXC7McMCEpYGvMT9r9I&amp;__tn__=%2CO%2CP-R\" target=\"_blank\" rel=\"noopener\"><strong>Budflyer<\/strong><\/a>, una pagina Facebook ungherese di notizie di viaggio, a causa del tempo intenso, il volo Wizz Air 5W7105 \u00e8 stato dirottato su Trivandrum, in India. Nel frattempo, il volo China Eastern Airlines MU235 \u00e8 stato dirottato su Colombo, Sri Lanka, e i voli maldiviani Q2245 e Q2165 sono stati dirottati sull&#8217;aeroporto di Kadhdhoo, mentre il Q2707 da Cochin \u00e8 stato dirottato su Gan.<\/p>\n<p>Questo significa che un volo Wizz Air ha gi\u00e0 toccato terra indiana Ecco una foto del velivolo Wizz:<\/p>\n<p><iframe loading=\"lazy\" style=\"border: none; overflow: hidden;\" src=\"https:\/\/www.facebook.com\/plugins\/post.php?href=https%3A%2F%2Fwww.facebook.com%2Fphoto.php%3Ffbid%3D958162259647423%26set%3Dp.958162259647423%26type%3D3&amp;show_text=false&amp;width=500&amp;is_preview=true\" width=\"500\" height=\"303\" frameborder=\"0\" scrolling=\"no\" allowfullscreen=\"allowfullscreen\"><\/iframe><\/p>\n<p>E un video del diversivo:<\/p>\n<p><iframe loading=\"lazy\" style=\"border: none; overflow: hidden;\" src=\"https:\/\/www.facebook.com\/plugins\/video.php?height=476&amp;href=https%3A%2F%2Fwww.facebook.com%2Faviatorsmaldivess%2Fvideos%2F1648545329216837%2F&amp;show_text=false&amp;width=417&amp;t=0\" width=\"417\" height=\"476\" frameborder=\"0\" scrolling=\"no\" allowfullscreen=\"allowfullscreen\"><\/iframe><\/p>\n<p><strong>Leggi anche:<\/strong><\/p>\n<ul>\n<li>Voli diretti regolari tra Tashkent e Budapest lanciati presto. Leggi di pi\u00f9 <a href=\"https:\/\/dailynewshungary.com\/it\/presto-verranno-lanciati-voli-diretti-regolari-tra-tashkent-e-budapest\/\"><strong>QUI<\/strong><\/a><\/li>\n<li><a href=\"https:\/\/dailynewshungary.com\/it\/questa-strada-di-budapest-e-una-delle-20-piu-belle-del-mondo\/\"><strong>QUESTO<\/strong> <\/a>La strada di Budapest \u00e8 una delle 20 pi\u00f9 belle del mondo<\/li>\n<\/ul>\n","protected":false},"excerpt":{"rendered":"<p>Un aereo della Wizz Air \u00e8 atterrato all&#8217;aeroporto internazionale di Trivandrum, in India, Questa \u00e8 stata la prima volta che l&#8217;aereo della compagnia aerea economica ungherese ha toccato il suolo del subcontinente. Wizz Air non va in America Noi scritto in precedenza che Wizz Air prevede di acquisire 47 aerei A321XLR entro il 2030 Si [&hellip;]<\/p>\n","protected":false},"author":18,"featured_media":658535,"comment_status":"open","ping_status":"open","sticky":false,"template":"","format":"standard","meta":{"_display_image":"yes","footnotes":""},"categories":[1207],"tags":[1495,1191,1210,1069],"class_list":["post-658534","post","type-post","status-publish","format-standard","has-post-thumbnail","hentry","category-societa-in-ungheria","tag-aria-frizzante","tag-india","tag-meteo","tag-ungheria"],"blocksy_meta":[],"author_username":"johnwoods","telegram_post":"","public_post_metadata":{"breaking_news":"","important":"","csempe":"","center_tile":"","disable_thumbnail":"","target_lang":"","_featured_image_style":"hidden","telegram_post":"","_xlat_group_id":""},"public_rank_math_data":{"title":"%titolo% %sep% %nomesito%","description":"Un aereo Wizz Air \u00e8 atterrato all'aeroporto internazionale di Trivandrum, in India Quella \u00e8 stata la prima volta che la compagnia aerea economica ungherese \u00e8 arrivata nel paese.","focus_keyword":"India","canonical_url":"","robots":"","primary_category":"1207","breadcrumb_title":"","facebook_title":"","facebook_description":"","facebook_image":"","facebook_image_id":"","twitter_title":"","twitter_description":"","twitter_image":"","twitter_image_id":"","twitter_card_type":"","twitter_use_facebook":"","advanced_robots":"","pillar_content":"","seo_score":"82","contentai_score":"","rich_snippet":""},"_links":{"self":[{"href":"https:\/\/dailynewshungary.com\/it\/wp-json\/wp\/v2\/posts\/658534","targetHints":{"allow":["GET"]}}],"collection":[{"href":"https:\/\/dailynewshungary.com\/it\/wp-json\/wp\/v2\/posts"}],"about":[{"href":"https:\/\/dailynewshungary.com\/it\/wp-json\/wp\/v2\/types\/post"}],"author":[{"embeddable":true,"href":"https:\/\/dailynewshungary.com\/it\/wp-json\/wp\/v2\/users\/18"}],"replies":[{"embeddable":true,"href":"https:\/\/dailynewshungary.com\/it\/wp-json\/wp\/v2\/comments?post=658534"}],"version-history":[{"count":0,"href":"https:\/\/dailynewshungary.com\/it\/wp-json\/wp\/v2\/posts\/658534\/revisions"}],"wp:featuredmedia":[{"embeddable":true,"href":"https:\/\/dailynewshungary.com\/it\/wp-json\/wp\/v2\/media\/658535"}],"wp:attachment":[{"href":"https:\/\/dailynewshungary.com\/it\/wp-json\/wp\/v2\/media?parent=658534"}],"wp:term":[{"taxonomy":"category","embeddable":true,"href":"https:\/\/dailynewshungary.com\/it\/wp-json\/wp\/v2\/categories?post=658534"},{"taxonomy":"post_tag","embeddable":true,"href":"https:\/\/dailynewshungary.com\/it\/wp-json\/wp\/v2\/tags?post=658534"}],"curies":[{"name":"wp","href":"https:\/\/api.w.org\/{rel}","templated":true}]}}