{"id":659254,"date":"2024-05-05T11:34:18","date_gmt":"2024-05-05T09:34:18","guid":{"rendered":"https:\/\/dailynewshungary.com\/it\/gli-investitori-tedeschi-stufi-delle-politiche-di-orban-lasceranno-lungheria\/"},"modified":"2024-05-05T11:34:18","modified_gmt":"2024-05-05T09:34:18","slug":"gli-investitori-tedeschi-stufi-delle-politiche-di-orban-lasceranno-lungheria","status":"publish","type":"post","link":"https:\/\/dailynewshungary.com\/it\/gli-investitori-tedeschi-stufi-delle-politiche-di-orban-lasceranno-lungheria\/","title":{"rendered":"Gli investitori tedeschi stufi delle politiche di Orb\u00e1n: lasceranno l\u2019Ungheria?"},"content":{"rendered":"<p><strong>Secondo Bloomberg, gli investitori tedeschi in Ungheria sono scontenti delle politiche del Primo Ministro Orb\u00e1n. Dicono che il governo ungherese sta cercando di estromettere le societ\u00e0 straniere in diverse aree di business. Inoltre, le normative in continua evoluzione non forniscono un contesto favorevole per i loro piani a lungo termine. Audi, Mercedes, BMW e Rheinmetall se ne andranno a lungo termine?<\/strong><\/p>\n<p>Secondo il<a href=\"https:\/\/www.atv.hu\/belfold\/20240504\/bloomberg-nemet-befektetok-orban-politika-fidesz-magyar-peter\" target=\"_blank\" rel=\"noopener\"><strong> atv.hu<\/strong><\/a>\u2018sintesi dell\u2019 articolo di Bloomberg nel numero, la \u201clove affair\u201d tra la leadership politica ungherese e gli investitori tedeschi potrebbe finire E questo potrebbe minare i piani di sviluppo economico del gabinetto Orb\u00e1n.<\/p>\n<h2>Inizia la guerra fredda tra il governo ungherese e gli investitori tedeschi?<\/h2>\n<p>Basato sull&#8217;americano <a href=\"https:\/\/www.bloomberg.com\/news\/newsletters\/2024-05-03\/german-investors-sour-on-orban-s-hungary?srnd=economics-v2\" target=\"_blank\" rel=\"noopener\"><strong>notiziario<\/strong><\/a>(dopo la caduta del comunismo nell\u2019Europa centrale e orientale, esisteva un rapporto speciale tra la capitale tedesca e i governi ungheresi.<\/p>\n<p>Pertanto, le case automobilistiche tedesche come <a href=\"https:\/\/www.facebook.com\/audiofficial\" target=\"_blank\" rel=\"noopener\"><strong>Audi<\/strong><\/a>, <a href=\"https:\/\/www.facebook.com\/MercedesBenz\" target=\"_blank\" rel=\"noopener\"><strong>Mercedes-Benz<\/strong><\/a>, <a href=\"https:\/\/www.facebook.com\/BMW\" target=\"_blank\" rel=\"noopener\"><strong>BMW X400 \u00e8 stata la prima volta in casa del suo amico, ma anche la sua famiglia \u00e8 stata la prima volta in casa<\/strong><\/a>, e il produttore di armi Rheinmetall venne in Ungheria e trov\u00f2 condizioni favorevoli per generare enormi profitti grazie alla forza lavoro ungherese laboriosa e addestrata e alle condizioni favorevoli create dai governi ungheresi.<\/p>\n<p>Tuttavia, il governo Orb\u00e1n ultimamente cerca di cacciare le societ\u00e0 straniere da una \u201c\u201d in continua espansione dell\u2019economia ungherese. Ed \u00e8 ci\u00f2 che non piace agli investitori tedeschi.<\/p>\n<p>\u201cLa situazione per gli investitori stranieri in Ungheria \u00e8 \u2018spaventosa\u2019, afferma\u201d il vicepresidente della German Eastern Business Association con sede a Berlino.<\/p>\n<figure id=\"attachment_596304\" aria-describedby=\"caption-attachment-596304\" style=\"width: 600px\" class=\"wp-caption aligncenter\"><img loading=\"lazy\" decoding=\"async\" class=\"wp-image-596304\" src=\"https:\/\/contentf5.dailynewshungary.com\/wp-content\/uploads\/2024\/04\/pm-viktor-orban-cpac.jpg\" alt=\"pm viktor orb\u00e1n cpac\" width=\"600\" height=\"400\" srcset=\"https:\/\/contentf5.dailynewshungary.com\/wp-content\/uploads\/2024\/04\/pm-viktor-orban-cpac.jpg 1280w, https:\/\/contentf5.dailynewshungary.com\/wp-content\/uploads\/2024\/04\/pm-viktor-orban-cpac-768x512.jpg 768w, https:\/\/contentf5.dailynewshungary.com\/wp-content\/uploads\/2024\/04\/pm-viktor-orban-cpac-333x222.jpg 333w, https:\/\/contentf5.dailynewshungary.com\/wp-content\/uploads\/2024\/04\/pm-viktor-orban-cpac-248x165.jpg 248w, https:\/\/contentf5.dailynewshungary.com\/wp-content\/uploads\/2024\/04\/pm-viktor-orban-cpac-1030x686.jpg 1030w, https:\/\/contentf5.dailynewshungary.com\/wp-content\/uploads\/2024\/04\/pm-viktor-orban-cpac-113x75.jpg 113w, https:\/\/contentf5.dailynewshungary.com\/wp-content\/uploads\/2024\/04\/pm-viktor-orban-cpac-480x320.jpg 480w\" sizes=\"auto, (max-width: 600px) 100vw, 600px\"><figcaption id=\"caption-attachment-596304\" class=\"wp-caption-text\">Trump sar\u00e0 il nuovo amico di Orb\u00e1n invece dei tedeschi? I conservatori americani sono venuti in Ungheria, Trump ha inviato un videomessaggio elogiando Orb\u00e1n. Foto: MTI\/Kosztics\u00e1k Szil\u00e1rd<\/figcaption><\/figure>\n<h2>Di cosa si lamentano?<\/h2>\n<p>Gli investitori tedeschi sono particolarmente \u201cpissed off\u201d a causa del contesto legislativo in continua evoluzione, delle tasse extra e della pressione normativa Ad esempio, il governo ungherese ha avviato quest&#8217;anno una \u201ccold war\u201d con la catena di vendita al dettaglio tedesca Spar. Riguardo all&#8217;ultima \u201cround\u201d di quella \u201cwar\u201d in cui abbiamo scritto <a href=\"https:\/\/dailynewshungary.com\/it\/spar-che-lascia-lungheria-ecco-la-reazione-ufficiale\/\"><strong>QUESTO<\/strong> <\/a>articolo.<\/p>\n<p>Bloomberg ritiene che i tempi per entrare in conflitto con gli investitori tedeschi potrebbero essere migliori Questo perch\u00e9 l&#8217;economia ungherese \u00e8 in difficolt\u00e0 (<a href=\"https:\/\/dailynewshungary.com\/it\/sorprendente-le-aziende-tedesche-spingono-per-leuro-in-ungheria-il-primo-ministro-orban-lo-introdurra\/\"><strong>QUI<\/strong><\/a>), e gli investimenti tedeschi sono crollati di un terzo tra il 2021 e il 2024, infine, c&#8217;\u00e8 una stella nascente che conquista i cuori degli elettori dell&#8217;opposizione (e persino di Fidesz) P\u00e9ter Magyar potrebbe persino minacciare il sistema granitico-solido di Orb\u00e1n nel lungo periodo.<\/p>\n<figure id=\"attachment_593868\" aria-describedby=\"caption-attachment-593868\" style=\"width: 600px\" class=\"wp-caption aligncenter\"><img loading=\"lazy\" decoding=\"async\" class=\"wp-image-593868\" src=\"https:\/\/contentf5.dailynewshungary.com\/wp-content\/uploads\/2024\/04\/peter-magyar-demonstration-budapest3.jpg\" alt=\"P\u00e9ter Magyar dimostrazione investitori tedeschi\" width=\"600\" height=\"338\" srcset=\"https:\/\/contentf5.dailynewshungary.com\/wp-content\/uploads\/2024\/04\/peter-magyar-demonstration-budapest3.jpg 1280w, https:\/\/contentf5.dailynewshungary.com\/wp-content\/uploads\/2024\/04\/peter-magyar-demonstration-budapest3-768x432.jpg 768w, https:\/\/contentf5.dailynewshungary.com\/wp-content\/uploads\/2024\/04\/peter-magyar-demonstration-budapest3-370x208.jpg 370w, https:\/\/contentf5.dailynewshungary.com\/wp-content\/uploads\/2024\/04\/peter-magyar-demonstration-budapest3-1030x579.jpg 1030w, https:\/\/contentf5.dailynewshungary.com\/wp-content\/uploads\/2024\/04\/peter-magyar-demonstration-budapest3-133x75.jpg 133w, https:\/\/contentf5.dailynewshungary.com\/wp-content\/uploads\/2024\/04\/peter-magyar-demonstration-budapest3-480x270.jpg 480w\" sizes=\"auto, (max-width: 600px) 100vw, 600px\"><figcaption id=\"caption-attachment-593868\" class=\"wp-caption-text\">Una delle proteste di massa di P\u00e9ter Magyar a Budapest PrtSc: YouTube\/Telex<\/figcaption><\/figure>\n<h2>Dobrev-Scholz \u201csummit\u201d \u00e8 un brutto segno per Orb\u00e1n<\/h2>\n<p>C\u2019\u00e8 un ulteriore segnale che le relazioni politiche tedesco-ungheresi affrontano questioni. <a href=\"https:\/\/www.facebook.com\/dobrevklara\" target=\"_blank\" rel=\"noopener\"><strong>Kl\u00e1ra Dobrev<\/strong><\/a>, il primo ministro ombra della Coalizione Democratica dell&#8217;ex Primo Ministro Gyurcs\u00e1ny, ha incontrato il cancelliere tedesco Olaf Scholz.<\/p>\n<p>Ha condiviso una foto con il cancelliere che ha incontrato il primo ministro Orb\u00e1n a porte chiuse prima ma non ha pubblicato un comunicato su ci\u00f2 di cui hanno parlato. Nel frattempo, Dobrev ha detto che erano d&#8217;accordo che non sarebbero mai diventati alleati con poteri basati sull&#8217;odio e sulla divisione. \u201cPerch\u00e9 stanno minacciando l&#8217;unit\u00e0 dell&#8217;Europa, mettendo in pericolo la democrazia e tutto ci\u00f2 per cui noi socialdemocratici lottiamo per il\u201d, ha concluso Dobrev.<\/p>\n<p><iframe loading=\"lazy\" style=\"border: none; overflow: hidden;\" src=\"https:\/\/www.facebook.com\/plugins\/post.php?href=https%3A%2F%2Fwww.facebook.com%2Fdobrevklara%2Fposts%2Fpfbid0JCYnAoEoqpaYyjVsmnr7N7cPTy9mn6TY7dZ3n5VCetDUPQ6SXJfY5FyjALeL6XjWl&amp;show_text=false&amp;width=500&amp;is_preview=true\" width=\"500\" height=\"340\" frameborder=\"0\" scrolling=\"no\" allowfullscreen=\"allowfullscreen\"><\/iframe><\/p>\n<h2>Macron non ha incontrato i leader dell&#8217;opposizione \u201ccome quella\u201d<\/h2>\n<p>Questa non \u00e8 la prima volta che il leader europeo della lista del partito di DK e la moglie di Gyurcs\u00e1ny incontrano Scholz nel 2022, i<a href=\"https:\/\/infostart.hu\/belfold\/2024\/05\/04\/a-nemet-kancellarral-talalkozott-dobrev-klara\" target=\"_blank\" rel=\"noopener\"><strong>nfostart.hu ha scritto<\/strong><\/a>.<\/p>\n<p>Gli incontri di Scholz con Dobrev mostrano chiaramente che il rapporto tedesco-ungherese potrebbe essere migliore, Ad esempio, il presidente Macron ha visitato l&#8217;Ungheria prima delle elezioni generali del 2022 ma ha incontrato i leader dell&#8217;opposizione solo presso l&#8217;ambasciata francese a Budapest, e si sono seduti su un divano, simbolo che i leader francesi non li consideravano i leader dell&#8217;Ungheria.<\/p>\n<p><iframe loading=\"lazy\" style=\"border: none; overflow: hidden;\" src=\"https:\/\/www.facebook.com\/plugins\/post.php?href=https%3A%2F%2Fwww.facebook.com%2Fmarkizaypeter%2Fposts%2Fpfbid033tzCt87WvQf3yLknKgmCXJctu8KwrijYLzZtbvDULgkaFr7KpYpkFi7ADGvHmbf1l&amp;show_text=false&amp;width=500&amp;is_preview=true\" width=\"500\" height=\"281\" frameborder=\"0\" scrolling=\"no\" allowfullscreen=\"allowfullscreen\"><\/iframe><\/p>\n<h2>Cooperazione franco-ungherese invece di continuare la \u2018storia d\u2019 amore&#8217; con la Germania?<\/h2>\n<p>La sua politica \u00e8 stata vantaggiosa per lui Dopo le elezioni generali del 2022, sono diventati alleati con Orb\u00e1n nell&#8217;Unione Europea. I media hanno scritto di franco-ungherese <a href=\"https:\/\/dailynewshungary.com\/it\/la-francia-assumera-il-ruolo-della-germania-nella-fornitura-del-sistema-di-controllo-paks-ii-2\/\"><strong>imprese congiunte<\/strong><\/a>e l&#8217;Ungheria ha inviato una missione militare a <a href=\"https:\/\/dailynewshungary.com\/it\/corteggiare-macron-orban-aiuta-il-ciad-uno-dei-paesi-piu-poveri-e-meno-democratici-del-mondo\/\"><strong>Ciad<\/strong><\/a>, uno degli ultimi bastioni dell&#8217;ex colonia francese nordafricana.<\/p>\n<p>\u00c8 interessante notare che G\u00e1sp\u00e1r Orb\u00e1n, l&#8217;unico figlio del primo ministro Orb\u00e1n, era stato membro di quella missione. Cercava costantemente di nascondersi dietro colonne e cappelli dalle telecamere, ma i media riuscivano a scattargli alcune foto nel paese africano devastato dalla guerra. Abbiamo trattato la questione <a href=\"https:\/\/dailynewshungary.com\/it\/vsquare-lunico-figlio-del-primo-ministro-orban-il-capitano-gaspar-potrebbe-creare-un-nuovo-servizio-super-segreto-ungherese\/\"><strong>QUI<\/strong><\/a>.<\/p>\n<p><strong>Leggi anche:<\/strong><\/p>\n<ul>\n<li>Il ministro dell&#8217;economia ungherese Nagy incontra la controparte tedesca a Berlino Dettagli <a href=\"https:\/\/dailynewshungary.com\/it\/il-ministro-delleconomia-ungherese-nagy-incontra-la-controparte-tedesca-a-berlino\/\"><strong>QUESTO<\/strong> <\/a>articolo<\/li>\n<li>Cerimonia inaugurale per il gigante della difesa Rheinmetall in Ungheria click <a href=\"https:\/\/dailynewshungary.com\/it\/cerimonia-inaugurale-per-il-gigante-della-difesa-rheinmetall-in-ungheria-foto\/\"><strong>QUI<\/strong> <\/a>per le foto e i dettagli<\/li>\n<\/ul>\n<p><em>Immagine in primo piano: Viktor Orb\u00e1n e Olaf Scholz nell&#8217;ottobre 2022 a Berlino Volti preoccupati.<\/em><\/p>\n","protected":false},"excerpt":{"rendered":"<p>Secondo Bloomberg, gli investitori tedeschi in Ungheria sono scontenti delle politiche del Primo Ministro Orb\u00e1n. Dicono che il governo ungherese sta cercando di estromettere le societ\u00e0 straniere in diverse aree di business. Inoltre, le normative in continua evoluzione non forniscono un contesto favorevole per i loro piani a lungo termine. Audi, Mercedes, BMW e Rheinmetall [&hellip;]<\/p>\n","protected":false},"author":18,"featured_media":659255,"comment_status":"open","ping_status":"open","sticky":false,"template":"","format":"standard","meta":{"_display_image":"yes","footnotes":""},"categories":[1314],"tags":[1093,1105,1079,1260,1069],"class_list":["post-659254","post","type-post","status-publish","format-standard","has-post-thumbnail","hentry","category-economia-in-ungheria","tag-coalizione-democratica","tag-germania","tag-governo-ungherese","tag-investimenti","tag-ungheria"],"blocksy_meta":[],"author_username":"johnwoods","telegram_post":"","public_post_metadata":{"breaking_news":"","important":"","csempe":"","center_tile":"","disable_thumbnail":"","target_lang":"","_featured_image_style":"hidden","telegram_post":"","_xlat_group_id":""},"public_rank_math_data":{"title":"%titolo% %sep% %nomesito%","description":"Gli investitori tedeschi sono stufi delle politiche di Orb\u00e1n, delle tasse extra che devono pagare, della legislazione imprevedibile e della pressione del governo","focus_keyword":"Investitori tedeschi","canonical_url":"","robots":"","primary_category":"1314","breadcrumb_title":"","facebook_title":"","facebook_description":"","facebook_image":"","facebook_image_id":"","twitter_title":"","twitter_description":"","twitter_image":"","twitter_image_id":"","twitter_card_type":"","twitter_use_facebook":"","advanced_robots":"","pillar_content":"","seo_score":"83","contentai_score":"","rich_snippet":""},"_links":{"self":[{"href":"https:\/\/dailynewshungary.com\/it\/wp-json\/wp\/v2\/posts\/659254","targetHints":{"allow":["GET"]}}],"collection":[{"href":"https:\/\/dailynewshungary.com\/it\/wp-json\/wp\/v2\/posts"}],"about":[{"href":"https:\/\/dailynewshungary.com\/it\/wp-json\/wp\/v2\/types\/post"}],"author":[{"embeddable":true,"href":"https:\/\/dailynewshungary.com\/it\/wp-json\/wp\/v2\/users\/18"}],"replies":[{"embeddable":true,"href":"https:\/\/dailynewshungary.com\/it\/wp-json\/wp\/v2\/comments?post=659254"}],"version-history":[{"count":0,"href":"https:\/\/dailynewshungary.com\/it\/wp-json\/wp\/v2\/posts\/659254\/revisions"}],"wp:featuredmedia":[{"embeddable":true,"href":"https:\/\/dailynewshungary.com\/it\/wp-json\/wp\/v2\/media\/659255"}],"wp:attachment":[{"href":"https:\/\/dailynewshungary.com\/it\/wp-json\/wp\/v2\/media?parent=659254"}],"wp:term":[{"taxonomy":"category","embeddable":true,"href":"https:\/\/dailynewshungary.com\/it\/wp-json\/wp\/v2\/categories?post=659254"},{"taxonomy":"post_tag","embeddable":true,"href":"https:\/\/dailynewshungary.com\/it\/wp-json\/wp\/v2\/tags?post=659254"}],"curies":[{"name":"wp","href":"https:\/\/api.w.org\/{rel}","templated":true}]}}