{"id":659800,"date":"2024-04-19T08:34:45","date_gmt":"2024-04-19T06:34:45","guid":{"rendered":"https:\/\/dailynewshungary.com\/it\/kiraly-thermal-bath-liconica-spa-potrebbe-riacquistare-il-suo-sfarzo-con-laiuto-turco-foto\/"},"modified":"2024-04-19T08:34:45","modified_gmt":"2024-04-19T06:34:45","slug":"kiraly-thermal-bath-liconica-spa-potrebbe-riacquistare-il-suo-sfarzo-con-laiuto-turco-foto","status":"publish","type":"post","link":"https:\/\/dailynewshungary.com\/it\/kiraly-thermal-bath-liconica-spa-potrebbe-riacquistare-il-suo-sfarzo-con-laiuto-turco-foto\/","title":{"rendered":"Kir\u00e1ly Thermal Bath: l\u2019iconica spa potrebbe riacquistare il suo sfarzo con l\u2019aiuto turco FOTO"},"content":{"rendered":"<p><strong>Il bagno termale Kir\u00e1ly a Buda vanta una ricca storia che dura da quasi 500 anni, considerato un tesoro nazionale, eppure langue in uno stato di rovina cos\u00ec terribile da rimanere chiuso ai visitatori per anni. Ora, le terme potrebbero finalmente subire un tanto necessario ringiovanimento.<\/strong><\/p>\n<p>Il Bagno Termale di Kir\u00e1ly \u00e8 uno degli edifici iconici del secondo distretto La sua costruzione inizi\u00f2 nel 1565 ad opera del Pasci\u00e0 di Buda, Arslan, durante l&#8217;occupazione turca dell&#8217;Ungheria Il bagno fu strategicamente costruito all&#8217;interno delle mura della citt\u00e0, permettendo ai turchi di concedersi il lusso del bagno termale anche durante i periodi di assedio.<\/p>\n<p>\u00c8 interessante notare che le terme non hanno mai avuto una fonte diretta di acqua calda; invece, l&#8217;acqua termale proviene dal bagno Luk\u00e1cs, confluendo nell&#8217;edificio dell&#8217;era turca. Tuttavia, l&#8217;alto contenuto di minerali dell&#8217;acqua ha portato a una grave corrosione, rendendo l&#8217;impianto idraulico vittima della ruggine.<\/p>\n<p>Nel 1700, le terme subirono un ampliamento, acquisendo il nome dai suoi proprietari, la famiglia K\u00f6nig (K\u00f6nig significa \u201cking\u201d in tedesco, o \u201ckir\u00e1ly\u201d in ungherese) Durante la seconda guerra mondiale, le terme subirono ingenti danni, e quindi dovettero essere completamente rinnovate nel 1950.<\/p>\n<p><a href=\"https:\/\/telex.hu\/belfold\/2024\/04\/17\/kiraly-furdo-felujitas-bgyh-ii-kerulet-gul-baba-alapitvany\" target=\"_blank\" rel=\"noopener\">Rapporti Telex<\/a> che l&#8217;edificio, che attualmente versa in uno stato deplorevole, potrebbe ora essere sottoposto al tanto necessario restyling.<\/p>\n<p>Il Bagno Termale Kir\u00e1ly, cos\u00ec com&#8217;\u00e8 oggi:<\/p>\n<div id=\"gallery-4\" class=\"gallery galleryid-595463 gallery-columns-2 gallery-size-medium\">\n<figure class=\"gallery-item\">\n<div class=\"gallery-icon landscape\">\n\t\t\t\t<a href=\"https:\/\/dailynewshungary.com\/it\/kiraly-thermal-bath-liconica-spa-potrebbe-riacquistare-il-suo-sfarzo-con-laiuto-turco-foto\/\"><img loading=\"lazy\" decoding=\"async\" width=\"768\" height=\"512\" src=\"https:\/\/contentf5.dailynewshungary.com\/wp-content\/uploads\/2024\/04\/kiraly-thermal-bath-budapest.jpg\" class=\"attachment-medium size-medium\" alt=\"bagno termale Kiraly Budapest\" aria-describedby=\"gallery-4-595466\" srcset=\"https:\/\/contentf5.dailynewshungary.com\/wp-content\/uploads\/2024\/04\/kiraly-thermal-bath-budapest.jpg 851w, https:\/\/contentf5.dailynewshungary.com\/wp-content\/uploads\/2024\/04\/kiraly-thermal-bath-budapest-768x512.jpg 768w, https:\/\/contentf5.dailynewshungary.com\/wp-content\/uploads\/2024\/04\/kiraly-thermal-bath-budapest-333x222.jpg 333w, https:\/\/contentf5.dailynewshungary.com\/wp-content\/uploads\/2024\/04\/kiraly-thermal-bath-budapest-248x165.jpg 248w, https:\/\/contentf5.dailynewshungary.com\/wp-content\/uploads\/2024\/04\/kiraly-thermal-bath-budapest-113x75.jpg 113w, https:\/\/contentf5.dailynewshungary.com\/wp-content\/uploads\/2024\/04\/kiraly-thermal-bath-budapest-480x320.jpg 480w\" sizes=\"auto, (max-width: 768px) 100vw, 768px\"><\/a>\n\t\t\t<\/div><figcaption class=\"wp-caption-text gallery-caption\" id=\"gallery-4-595466\">\n\t\t\t\tFoto: Kir\u00e1ly F\u00fcrd \/kiralyfurdo.hu<br \/>\n\t\t\t\t<\/figcaption><\/figure>\n<figure class=\"gallery-item\">\n<div class=\"gallery-icon landscape\">\n\t\t\t\t<a href=\"https:\/\/dailynewshungary.com\/it\/kiraly-thermal-bath-liconica-spa-potrebbe-riacquistare-il-suo-sfarzo-con-laiuto-turco-foto\/\"><img loading=\"lazy\" decoding=\"async\" width=\"768\" height=\"512\" src=\"https:\/\/contentf5.dailynewshungary.com\/wp-content\/uploads\/2024\/04\/kiraly-thermal-bath-interior.jpg\" class=\"attachment-medium size-medium\" alt=\"interno bagno termale Kiraly\" aria-describedby=\"gallery-4-595467\" srcset=\"https:\/\/contentf5.dailynewshungary.com\/wp-content\/uploads\/2024\/04\/kiraly-thermal-bath-interior.jpg 851w, https:\/\/contentf5.dailynewshungary.com\/wp-content\/uploads\/2024\/04\/kiraly-thermal-bath-interior-768x512.jpg 768w, https:\/\/contentf5.dailynewshungary.com\/wp-content\/uploads\/2024\/04\/kiraly-thermal-bath-interior-333x222.jpg 333w, https:\/\/contentf5.dailynewshungary.com\/wp-content\/uploads\/2024\/04\/kiraly-thermal-bath-interior-248x165.jpg 248w, https:\/\/contentf5.dailynewshungary.com\/wp-content\/uploads\/2024\/04\/kiraly-thermal-bath-interior-113x75.jpg 113w, https:\/\/contentf5.dailynewshungary.com\/wp-content\/uploads\/2024\/04\/kiraly-thermal-bath-interior-480x320.jpg 480w\" sizes=\"auto, (max-width: 768px) 100vw, 768px\"><\/a>\n\t\t\t<\/div><figcaption class=\"wp-caption-text gallery-caption\" id=\"gallery-4-595467\">\n\t\t\t\tFoto: Kir\u00e1ly F\u00fcrd \/kiralyfurdo.hu<br \/>\n\t\t\t\t<\/figcaption><\/figure>\n<figure class=\"gallery-item\">\n<div class=\"gallery-icon landscape\">\n\t\t\t\t<a href=\"https:\/\/dailynewshungary.com\/it\/kiraly-thermal-bath-liconica-spa-potrebbe-riacquistare-il-suo-sfarzo-con-laiuto-turco-foto\/\"><img loading=\"lazy\" decoding=\"async\" width=\"768\" height=\"512\" src=\"https:\/\/contentf5.dailynewshungary.com\/wp-content\/uploads\/2024\/04\/kiraly-thermal-bath-2.jpg\" class=\"attachment-medium size-medium\" alt=\"bagno termale di Kiraly 2\" aria-describedby=\"gallery-4-595469\" srcset=\"https:\/\/contentf5.dailynewshungary.com\/wp-content\/uploads\/2024\/04\/kiraly-thermal-bath-2.jpg 800w, https:\/\/contentf5.dailynewshungary.com\/wp-content\/uploads\/2024\/04\/kiraly-thermal-bath-2-768x512.jpg 768w, https:\/\/contentf5.dailynewshungary.com\/wp-content\/uploads\/2024\/04\/kiraly-thermal-bath-2-333x222.jpg 333w, https:\/\/contentf5.dailynewshungary.com\/wp-content\/uploads\/2024\/04\/kiraly-thermal-bath-2-248x165.jpg 248w, https:\/\/contentf5.dailynewshungary.com\/wp-content\/uploads\/2024\/04\/kiraly-thermal-bath-2-113x75.jpg 113w, https:\/\/contentf5.dailynewshungary.com\/wp-content\/uploads\/2024\/04\/kiraly-thermal-bath-2-480x320.jpg 480w\" sizes=\"auto, (max-width: 768px) 100vw, 768px\"><\/a>\n\t\t\t<\/div><figcaption class=\"wp-caption-text gallery-caption\" id=\"gallery-4-595469\">\n\t\t\t\tFoto: Kir\u00e1ly F\u00fcrd \/kiralyfurdo.hu<br \/>\n\t\t\t\t<\/figcaption><\/figure>\n<figure class=\"gallery-item\">\n<div class=\"gallery-icon landscape\">\n\t\t\t\t<a href=\"https:\/\/dailynewshungary.com\/it\/kiraly-thermal-bath-liconica-spa-potrebbe-riacquistare-il-suo-sfarzo-con-laiuto-turco-foto\/\"><img loading=\"lazy\" decoding=\"async\" width=\"768\" height=\"512\" src=\"https:\/\/contentf5.dailynewshungary.com\/wp-content\/uploads\/2024\/04\/kiraly-thermal-bath-building.jpg\" class=\"attachment-medium size-medium\" alt=\"edificio termale Kir\u00e1ly\" aria-describedby=\"gallery-4-595471\" srcset=\"https:\/\/contentf5.dailynewshungary.com\/wp-content\/uploads\/2024\/04\/kiraly-thermal-bath-building.jpg 800w, https:\/\/contentf5.dailynewshungary.com\/wp-content\/uploads\/2024\/04\/kiraly-thermal-bath-building-768x512.jpg 768w, https:\/\/contentf5.dailynewshungary.com\/wp-content\/uploads\/2024\/04\/kiraly-thermal-bath-building-333x222.jpg 333w, https:\/\/contentf5.dailynewshungary.com\/wp-content\/uploads\/2024\/04\/kiraly-thermal-bath-building-248x165.jpg 248w, https:\/\/contentf5.dailynewshungary.com\/wp-content\/uploads\/2024\/04\/kiraly-thermal-bath-building-113x75.jpg 113w, https:\/\/contentf5.dailynewshungary.com\/wp-content\/uploads\/2024\/04\/kiraly-thermal-bath-building-480x320.jpg 480w\" sizes=\"auto, (max-width: 768px) 100vw, 768px\"><\/a>\n\t\t\t<\/div><figcaption class=\"wp-caption-text gallery-caption\" id=\"gallery-4-595471\">\n\t\t\t\tFoto: Kir\u00e1ly F\u00fcrd \/kiralyfurdo.hu<br \/>\n\t\t\t\t<\/figcaption><\/figure>\n<figure class=\"gallery-item\">\n<div class=\"gallery-icon landscape\">\n\t\t\t\t<a href=\"https:\/\/dailynewshungary.com\/it\/kiraly-thermal-bath-liconica-spa-potrebbe-riacquistare-il-suo-sfarzo-con-laiuto-turco-foto\/\"><img loading=\"lazy\" decoding=\"async\" width=\"768\" height=\"432\" src=\"https:\/\/contentf5.dailynewshungary.com\/wp-content\/uploads\/2024\/04\/kiraly-termal-bath.jpg\" class=\"attachment-medium size-medium\" alt=\"bagno termale Kir\u00e1ly\" aria-describedby=\"gallery-4-595472\" srcset=\"https:\/\/contentf5.dailynewshungary.com\/wp-content\/uploads\/2024\/04\/kiraly-termal-bath.jpg 1024w, https:\/\/contentf5.dailynewshungary.com\/wp-content\/uploads\/2024\/04\/kiraly-termal-bath-768x432.jpg 768w, https:\/\/contentf5.dailynewshungary.com\/wp-content\/uploads\/2024\/04\/kiraly-termal-bath-370x208.jpg 370w, https:\/\/contentf5.dailynewshungary.com\/wp-content\/uploads\/2024\/04\/kiraly-termal-bath-133x75.jpg 133w, https:\/\/contentf5.dailynewshungary.com\/wp-content\/uploads\/2024\/04\/kiraly-termal-bath-480x270.jpg 480w\" sizes=\"auto, (max-width: 768px) 100vw, 768px\"><\/a>\n\t\t\t<\/div><figcaption class=\"wp-caption-text gallery-caption\" id=\"gallery-4-595472\">\n\t\t\t\tFoto: Kir\u00e1ly F\u00fcrd \/kiralyfurdo.hu<br \/>\n\t\t\t\t<\/figcaption><\/figure>\n<\/p><\/div>\n<h2>Il percorso per rinnovare il bagno termale di Kir\u00e1ly \u00e8 stato lungo<\/h2>\n<p>L&#8217;ultima volta che la spa \u00e8 stata completamente rinnovata \u00e8 avvenuta quasi settant&#8217;anni fa Nonostante le valutazioni indicassero la necessit\u00e0 di importanti lavori di ristrutturazione gi\u00e0 nel 2003, la spa ha continuato a funzionare con permessi temporanei fino al 2020, mentre le sue condizioni sono peggiorate.<\/p>\n<p>\u00c8 stata indetta una gara per la ristrutturazione dell&#8217;edificio, inizialmente prevista per l&#8217;inizio nel 2019. tuttavia, la pandemia di COVID-19 ha interrotto completamente questi piani, con conseguente chiusura del bagno termale di Kir\u00e1ly ai visitatori.<\/p>\n<p>Ora, per\u00f2, c&#8217;\u00e8 una rinnovata speranza che il Bagno Termale Kir\u00e1ly possa ritrovare il suo antico splendore Ildik\u00f3 Sz Collinsts, direttore generale di Budapest Spas cPlc, e Gergely 1rsi, sindaco del 2\u00b0 distretto, hanno annunciato marted\u00ec che lo Stato, in collaborazione con la Fondazione turco-ungherese G\u00fcl Baba, coprir\u00e0 i costi della ristrutturazione.<\/p>\n<figure id=\"attachment_595473\" aria-describedby=\"caption-attachment-595473\" style=\"width: 1024px\" class=\"wp-caption aligncenter\"><img loading=\"lazy\" decoding=\"async\" class=\"size-full wp-image-595473\" src=\"https:\/\/contentf5.dailynewshungary.com\/wp-content\/uploads\/2024\/04\/thermal-bath-renovation-press.jpg\" alt=\"pressa per ristrutturazione vasca termale\" width=\"1024\" height=\"683\" srcset=\"https:\/\/contentf5.dailynewshungary.com\/wp-content\/uploads\/2024\/04\/thermal-bath-renovation-press.jpg 1024w, https:\/\/contentf5.dailynewshungary.com\/wp-content\/uploads\/2024\/04\/thermal-bath-renovation-press-768x512.jpg 768w, https:\/\/contentf5.dailynewshungary.com\/wp-content\/uploads\/2024\/04\/thermal-bath-renovation-press-333x222.jpg 333w, https:\/\/contentf5.dailynewshungary.com\/wp-content\/uploads\/2024\/04\/thermal-bath-renovation-press-248x165.jpg 248w, https:\/\/contentf5.dailynewshungary.com\/wp-content\/uploads\/2024\/04\/thermal-bath-renovation-press-112x75.jpg 112w, https:\/\/contentf5.dailynewshungary.com\/wp-content\/uploads\/2024\/04\/thermal-bath-renovation-press-480x320.jpg 480w\" sizes=\"auto, (max-width: 1024px) 100vw, 1024px\"><figcaption id=\"caption-attachment-595473\" class=\"wp-caption-text\">Conferenza stampa con Gergely orsorsi, Ildik\u00f3 Sz versot e Zsolt Gunther, capo progettista dell&#8217;appaltatore di ristrutturazione<br \/>Foto: Gergely (Gergely) (Macchina) (Facebook)<\/figcaption><\/figure>\n<p>Di conseguenza, la direzione delle terme ha gi\u00e0 rivisto i costi di ristrutturazione stimati da 6-7 miliardi di fiorini a 4,5 miliardi di fiorini, lavorando a stretto contatto con lo studio di architettura che ha vinto la gara nel 2017.<\/p>\n<div dir=\"auto\">I piani previsti per la nuova spa:<\/div>\n<div id=\"gallery-5\" class=\"gallery galleryid-595463 gallery-columns-2 gallery-size-large\">\n<figure class=\"gallery-item\">\n<div class=\"gallery-icon landscape\">\n\t\t\t\t<a href=\"https:\/\/dailynewshungary.com\/it\/kiraly-thermal-bath-liconica-spa-potrebbe-riacquistare-il-suo-sfarzo-con-laiuto-turco-foto\/\"><img loading=\"lazy\" decoding=\"async\" width=\"1024\" height=\"768\" src=\"https:\/\/contentf5.dailynewshungary.com\/wp-content\/uploads\/2024\/04\/kiraly-bath-renovated-exterior-plan.jpg\" class=\"attachment-large size-large\" alt=\"piano esterno rinnovato del bagno Kiraly\" aria-describedby=\"gallery-5-595474\" srcset=\"https:\/\/contentf5.dailynewshungary.com\/wp-content\/uploads\/2024\/04\/kiraly-bath-renovated-exterior-plan.jpg 1024w, https:\/\/contentf5.dailynewshungary.com\/wp-content\/uploads\/2024\/04\/kiraly-bath-renovated-exterior-plan-768x576.jpg 768w, https:\/\/contentf5.dailynewshungary.com\/wp-content\/uploads\/2024\/04\/kiraly-bath-renovated-exterior-plan-296x222.jpg 296w, https:\/\/contentf5.dailynewshungary.com\/wp-content\/uploads\/2024\/04\/kiraly-bath-renovated-exterior-plan-100x75.jpg 100w, https:\/\/contentf5.dailynewshungary.com\/wp-content\/uploads\/2024\/04\/kiraly-bath-renovated-exterior-plan-960x720.jpg 960w, https:\/\/contentf5.dailynewshungary.com\/wp-content\/uploads\/2024\/04\/kiraly-bath-renovated-exterior-plan-480x360.jpg 480w\" sizes=\"auto, (max-width: 1024px) 100vw, 1024px\"><\/a>\n\t\t\t<\/div><figcaption class=\"wp-caption-text gallery-caption\" id=\"gallery-5-595474\">\n\t\t\t\tFoto: Gergely (Gergely) (Macchina) (Facebook)<br \/>\n\t\t\t\t<\/figcaption><\/figure>\n<figure class=\"gallery-item\">\n<div class=\"gallery-icon landscape\">\n\t\t\t\t<a href=\"https:\/\/dailynewshungary.com\/it\/kiraly-thermal-bath-liconica-spa-potrebbe-riacquistare-il-suo-sfarzo-con-laiuto-turco-foto\/\"><img loading=\"lazy\" decoding=\"async\" width=\"1024\" height=\"724\" src=\"https:\/\/contentf5.dailynewshungary.com\/wp-content\/uploads\/2024\/04\/kiraly-bath-renovation-plan.jpg\" class=\"attachment-large size-large\" alt=\"piano di ristrutturazione del bagno Kiraly\" aria-describedby=\"gallery-5-595475\" srcset=\"https:\/\/contentf5.dailynewshungary.com\/wp-content\/uploads\/2024\/04\/kiraly-bath-renovation-plan.jpg 1024w, https:\/\/contentf5.dailynewshungary.com\/wp-content\/uploads\/2024\/04\/kiraly-bath-renovation-plan-768x543.jpg 768w, https:\/\/contentf5.dailynewshungary.com\/wp-content\/uploads\/2024\/04\/kiraly-bath-renovation-plan-314x222.jpg 314w, https:\/\/contentf5.dailynewshungary.com\/wp-content\/uploads\/2024\/04\/kiraly-bath-renovation-plan-106x75.jpg 106w, https:\/\/contentf5.dailynewshungary.com\/wp-content\/uploads\/2024\/04\/kiraly-bath-renovation-plan-480x339.jpg 480w\" sizes=\"auto, (max-width: 1024px) 100vw, 1024px\"><\/a>\n\t\t\t<\/div><figcaption class=\"wp-caption-text gallery-caption\" id=\"gallery-5-595475\">\n\t\t\t\tFoto: Gergely (Gergely) (Macchina) (Facebook)<br \/>\n\t\t\t\t<\/figcaption><\/figure>\n<figure class=\"gallery-item\">\n<div class=\"gallery-icon landscape\">\n\t\t\t\t<a href=\"https:\/\/dailynewshungary.com\/it\/kiraly-thermal-bath-liconica-spa-potrebbe-riacquistare-il-suo-sfarzo-con-laiuto-turco-foto\/\"><img loading=\"lazy\" decoding=\"async\" width=\"512\" height=\"362\" src=\"https:\/\/contentf5.dailynewshungary.com\/wp-content\/uploads\/2024\/04\/kiraly-thermal-bath-renovation.jpg\" class=\"attachment-large size-large\" alt=\"ristrutturazione del bagno termale di Kir\u00e1ly\" aria-describedby=\"gallery-5-595476\" srcset=\"https:\/\/contentf5.dailynewshungary.com\/wp-content\/uploads\/2024\/04\/kiraly-thermal-bath-renovation.jpg 512w, https:\/\/contentf5.dailynewshungary.com\/wp-content\/uploads\/2024\/04\/kiraly-thermal-bath-renovation-314x222.jpg 314w, https:\/\/contentf5.dailynewshungary.com\/wp-content\/uploads\/2024\/04\/kiraly-thermal-bath-renovation-106x75.jpg 106w, https:\/\/contentf5.dailynewshungary.com\/wp-content\/uploads\/2024\/04\/kiraly-thermal-bath-renovation-480x339.jpg 480w\" sizes=\"auto, (max-width: 512px) 100vw, 512px\"><\/a>\n\t\t\t<\/div><figcaption class=\"wp-caption-text gallery-caption\" id=\"gallery-5-595476\">\n\t\t\t\tFoto: Gergely (Gergely) (Macchina) (Facebook)<br \/>\n\t\t\t\t<\/figcaption><\/figure>\n<figure class=\"gallery-item\">\n<div class=\"gallery-icon landscape\">\n\t\t\t\t<a href=\"https:\/\/dailynewshungary.com\/it\/kiraly-thermal-bath-liconica-spa-potrebbe-riacquistare-il-suo-sfarzo-con-laiuto-turco-foto\/\"><img loading=\"lazy\" decoding=\"async\" width=\"1024\" height=\"724\" src=\"https:\/\/contentf5.dailynewshungary.com\/wp-content\/uploads\/2024\/04\/kiraly-bath-renovation.jpg\" class=\"attachment-large size-large\" alt=\"ristrutturazione del bagno termale di Kir\u00e1ly\" aria-describedby=\"gallery-5-595477\" srcset=\"https:\/\/contentf5.dailynewshungary.com\/wp-content\/uploads\/2024\/04\/kiraly-bath-renovation.jpg 1024w, https:\/\/contentf5.dailynewshungary.com\/wp-content\/uploads\/2024\/04\/kiraly-bath-renovation-768x543.jpg 768w, https:\/\/contentf5.dailynewshungary.com\/wp-content\/uploads\/2024\/04\/kiraly-bath-renovation-314x222.jpg 314w, https:\/\/contentf5.dailynewshungary.com\/wp-content\/uploads\/2024\/04\/kiraly-bath-renovation-106x75.jpg 106w, https:\/\/contentf5.dailynewshungary.com\/wp-content\/uploads\/2024\/04\/kiraly-bath-renovation-480x339.jpg 480w\" sizes=\"auto, (max-width: 1024px) 100vw, 1024px\"><\/a>\n\t\t\t<\/div><figcaption class=\"wp-caption-text gallery-caption\" id=\"gallery-5-595477\">\n\t\t\t\tFoto: Gergely (Gergely) (Macchina) (Facebook)<br \/>\n\t\t\t\t<\/figcaption><\/figure>\n<figure class=\"gallery-item\">\n<div class=\"gallery-icon landscape\">\n\t\t\t\t<a href=\"https:\/\/dailynewshungary.com\/it\/kiraly-thermal-bath-liconica-spa-potrebbe-riacquistare-il-suo-sfarzo-con-laiuto-turco-foto\/\"><img loading=\"lazy\" decoding=\"async\" width=\"1024\" height=\"724\" src=\"https:\/\/contentf5.dailynewshungary.com\/wp-content\/uploads\/2024\/04\/thermal-bath-renovation-plan.jpg\" class=\"attachment-large size-large\" alt=\"piano di ristrutturazione del bagno termale\" aria-describedby=\"gallery-5-595478\" srcset=\"https:\/\/contentf5.dailynewshungary.com\/wp-content\/uploads\/2024\/04\/thermal-bath-renovation-plan.jpg 1024w, https:\/\/contentf5.dailynewshungary.com\/wp-content\/uploads\/2024\/04\/thermal-bath-renovation-plan-768x543.jpg 768w, https:\/\/contentf5.dailynewshungary.com\/wp-content\/uploads\/2024\/04\/thermal-bath-renovation-plan-314x222.jpg 314w, https:\/\/contentf5.dailynewshungary.com\/wp-content\/uploads\/2024\/04\/thermal-bath-renovation-plan-106x75.jpg 106w, https:\/\/contentf5.dailynewshungary.com\/wp-content\/uploads\/2024\/04\/thermal-bath-renovation-plan-480x339.jpg 480w\" sizes=\"auto, (max-width: 1024px) 100vw, 1024px\"><\/a>\n\t\t\t<\/div><figcaption class=\"wp-caption-text gallery-caption\" id=\"gallery-5-595478\">\n\t\t\t\tFoto: Gergely (Gergely) (Macchina) (Facebook)<br \/>\n\t\t\t\t<\/figcaption><\/figure>\n<\/p><\/div>\n<h2>Relazioni ungherese-turche, sviluppo urbano e Adnan Polat<\/h2>\n<p>Telex evidenzia il nome di Adnan Polat in connessione con il progetto di ristrutturazione del bagno termale di Kir\u00e1ly Polat \u00e8 un rappresentante dell&#8217;Associazione ungherese-turca G\u00fcl Baba, incaricata della missione nazionale turca, e funge da presidente della Fondazione Tomba G\u00fcl Baba, sostenuta dallo Stato ungherese e finanziata dal Ministero degli Affari Esteri.<\/p>\n<p>La famiglia dell&#8217;uomo d&#8217;affari <a href=\"https:\/\/telex.hu\/gazdasag\/2020\/11\/11\/adnan-polat-kerim-orban-viktor-rahel-tiborcz-istvan-naperomu-ingatlan\" target=\"_blank\" rel=\"noopener\">fatto notizia<\/a> nel 2020 quando hanno ricevuto la cittadinanza ungherese e le carte d&#8217;identit\u00e0, insieme ad altri oligarchi turchi, detengono partecipazioni sostanziali nel mercato delle centrali elettriche ungheresi e vantano investimenti immobiliari significativi, compresi interessi legati agli appalti militari ungheresi.<\/p>\n<p>Telex sostiene che Polat e la sua famiglia sono anche coinvolti in progetti di sviluppo della citt\u00e0 nella regione di K\u00f6zv\u00e1g\u00f3h\u00edd a Pest, un&#8217;impresa che il governo ha classificato come di massima importanza per l&#8217;economia nazionale La famiglia \u00e8 anche coinvolta nel progetto Duna Pearl, uno sviluppo di unit\u00e0 abitative sulla riva del Danubio nel cuore della citt\u00e0, a \u00dajlip\u00f3tv\u00e1ros.<\/p>\n<p><strong>Leggi anche:<\/strong><\/p>\n<p>Marina City: inizia il nuovo quartiere cittadino di Budapest sul Danubio! PIANI VISIVI <a href=\"https:\/\/dailynewshungary.com\/it\/marina-city-inizia-il-nuovo-quartiere-cittadino-di-budapest-sul-danubio-piani-visivi\/\" target=\"_blank\" rel=\"noopener\">QUI<\/a><\/p>\n<p>Magnifico: presto aprir\u00e0 il mercato nel rinnovato centro commerciale di Budapest! &#8216;Out FOTO <a href=\"https:\/\/dailynewshungary.com\/it\/magnifico-presto-aprira-il-mercato-nel-rinnovato-centro-commerciale-di-budapest-out-foto\/\" target=\"_blank\" rel=\"noopener\">QUI<\/a><\/p>\n","protected":false},"excerpt":{"rendered":"<p>Il bagno termale Kir\u00e1ly a Buda vanta una ricca storia che dura da quasi 500 anni, considerato un tesoro nazionale, eppure langue in uno stato di rovina cos\u00ec terribile da rimanere chiuso ai visitatori per anni. Ora, le terme potrebbero finalmente subire un tanto necessario ringiovanimento. Il Bagno Termale di Kir\u00e1ly \u00e8 uno degli edifici [&hellip;]<\/p>\n","protected":false},"author":81,"featured_media":659801,"comment_status":"open","ping_status":"open","sticky":false,"template":"","format":"standard","meta":{"_display_image":"yes","footnotes":""},"categories":[1304],"tags":[1292,1158,1187,1127,1223,1188,1069],"class_list":["post-659800","post","type-post","status-publish","format-standard","has-post-thumbnail","hentry","category-cultura-in-ungheria","tag-bagni","tag-budapest","tag-costruzione","tag-galleria-fotografica","tag-storia","tag-sviluppo","tag-ungheria"],"blocksy_meta":[],"author_username":"busidora","telegram_post":"","public_post_metadata":{"breaking_news":"","important":"","csempe":"","center_tile":"","disable_thumbnail":"","target_lang":"","_featured_image_style":"hidden","telegram_post":"","_xlat_group_id":""},"public_rank_math_data":{"title":"%titolo% %sep% %nomesito%","description":"","focus_keyword":"bagno termale Kir\u00e1ly","canonical_url":"","robots":"","primary_category":"1304","breadcrumb_title":"","facebook_title":"","facebook_description":"","facebook_image":"","facebook_image_id":"","twitter_title":"","twitter_description":"","twitter_image":"","twitter_image_id":"","twitter_card_type":"","twitter_use_facebook":"","advanced_robots":"","pillar_content":"","seo_score":"","contentai_score":"","rich_snippet":""},"_links":{"self":[{"href":"https:\/\/dailynewshungary.com\/it\/wp-json\/wp\/v2\/posts\/659800","targetHints":{"allow":["GET"]}}],"collection":[{"href":"https:\/\/dailynewshungary.com\/it\/wp-json\/wp\/v2\/posts"}],"about":[{"href":"https:\/\/dailynewshungary.com\/it\/wp-json\/wp\/v2\/types\/post"}],"author":[{"embeddable":true,"href":"https:\/\/dailynewshungary.com\/it\/wp-json\/wp\/v2\/users\/81"}],"replies":[{"embeddable":true,"href":"https:\/\/dailynewshungary.com\/it\/wp-json\/wp\/v2\/comments?post=659800"}],"version-history":[{"count":0,"href":"https:\/\/dailynewshungary.com\/it\/wp-json\/wp\/v2\/posts\/659800\/revisions"}],"wp:featuredmedia":[{"embeddable":true,"href":"https:\/\/dailynewshungary.com\/it\/wp-json\/wp\/v2\/media\/659801"}],"wp:attachment":[{"href":"https:\/\/dailynewshungary.com\/it\/wp-json\/wp\/v2\/media?parent=659800"}],"wp:term":[{"taxonomy":"category","embeddable":true,"href":"https:\/\/dailynewshungary.com\/it\/wp-json\/wp\/v2\/categories?post=659800"},{"taxonomy":"post_tag","embeddable":true,"href":"https:\/\/dailynewshungary.com\/it\/wp-json\/wp\/v2\/tags?post=659800"}],"curies":[{"name":"wp","href":"https:\/\/api.w.org\/{rel}","templated":true}]}}