{"id":660125,"date":"2024-04-10T10:07:19","date_gmt":"2024-04-10T08:07:19","guid":{"rendered":"https:\/\/dailynewshungary.com\/it\/vendite-di-veicoli-elettrici-in-ungheria-contro-il-resto-del-mondo\/"},"modified":"2024-04-10T10:07:19","modified_gmt":"2024-04-10T08:07:19","slug":"vendite-di-veicoli-elettrici-in-ungheria-contro-il-resto-del-mondo","status":"publish","type":"post","link":"https:\/\/dailynewshungary.com\/it\/vendite-di-veicoli-elettrici-in-ungheria-contro-il-resto-del-mondo\/","title":{"rendered":"Vendite di veicoli elettrici in Ungheria contro il resto del mondo"},"content":{"rendered":"<p style=\"text-align: center;\"><span style=\"color: #808080;\"><em><strong>Contenuti sponsorizzati<\/strong><\/em><\/span><\/p>\n<p><strong>Nel 2023, le vendite globali di veicoli elettrici hanno raggiunto un traguardo significativo di 10 milioni di vendite (40 milioni), con i consumatori cinesi che hanno acquistato pi\u00f9 di 2 milioni e i consumatori degli Stati Uniti che ne hanno acquistato 1 milione per la prima volta Con la nuova tecnologia delle batterie in arrivo, il flusso sull&#8217;effetto che ne deriva \u00e8 il calo dei prezzi per l&#8217;acquisto di veicoli (di solito pi\u00f9 costosi dei veicoli a benzina o diesel), un&#8217;autonomia di guida pi\u00f9 lunga e tempi di ricarica pi\u00f9 rapidi Con il governo ungherese che sostiene <a href=\"https:\/\/dailynewshungary.com\/it\/ungheria-ben-posizionata-nella-concorrenza-per-gli-investimenti-in-ricerca-e-sviluppo-di-auto-elettriche\/\">ricerca e sviluppo di veicoli elettrici<\/a> e infrastrutture, quali sono le vendite attuali in Ungheria rispetto al resto del mondo? cosa succeder\u00e0 in futuro?<\/strong><\/p>\n<h2><b>Vendite EV storiche e attuali in Ungheria<\/b><\/h2>\n<p><span style=\"font-weight: 400;\">Le entrate previste per il 2024 da <\/span><a href=\"https:\/\/www.statista.com\/outlook\/mmo\/electric-vehicles\/hungary\" target=\"_blank\" rel=\"noopener\"><span style=\"font-weight: 400;\">Sono previste vendite di EV ungheresi<\/span><\/a><span style=\"font-weight: 400;\"> per raggiungere 808,3 milioni di dollari (USD) con un tasso di crescita annuale composto del 13,15% nei prossimi quattro anni Ci\u00f2 \u00e8 stato stimolato dalla produzione locale, dagli incentivi governativi sul lato della domanda e dell&#8217;offerta di veicoli elettrici e dagli investimenti nelle infrastrutture di ricarica. Si prevede che questa crescita raggiunger\u00e0 un volume di mercato di 1,325 miliardi di dollari (USD) entro il 2028. <\/span><a href=\"https:\/\/dailynewshungary.com\/it\/il-marchio-cinese-di-auto-elettriche-sara-disponibile-in-ungheria-prima-nella-regione\/\"><span style=\"font-weight: 400;\">Produttore cinese BYD<\/span><\/a><span style=\"font-weight: 400;\"> ha inoltre selezionato l&#8217;Ungheria per il suo primo stabilimento di assemblaggio di automobili in Europa.<\/span><\/p>\n<p><span style=\"font-weight: 400;\">Secondo il Ministero dell&#8217;Interno a marzo 2023, in Ungheria ci sono quasi 70.000 veicoli immatricolati in verde di cui 38.000 sono EV (batteria o veicoli elettrici ibridi) Il Ministero dell&#8217;Interno ha emesso 4.279 targhe verdi nel primo trimestre del 2023, che rappresentano un aumento del 13,5% rispetto allo stesso periodo dell&#8217;anno scorso. Le targhe verdi garantiscono ai proprietari un parcheggio gratuito a Budapest e in alcune delle principali citt\u00e0 rurali.<\/span><\/p>\n<figure id=\"attachment_270276\" aria-describedby=\"caption-attachment-270276\" style=\"width: 1024px\" class=\"wp-caption aligncenter\"><img loading=\"lazy\" decoding=\"async\" class=\"size-large wp-image-270276\" src=\"https:\/\/dailynewshungary.com\/wp-content\/uploads\/2019\/09\/electric-car-1024x576.jpg\" alt=\"vendite ev di auto elettriche\" width=\"1024\" height=\"576\" srcset=\"https:\/\/contentf5.dailynewshungary.com\/wp-content\/uploads\/2019\/09\/electric-car-1024x576.jpg 1024w, https:\/\/contentf5.dailynewshungary.com\/wp-content\/uploads\/2019\/09\/electric-car-300x169.jpg 300w, https:\/\/contentf5.dailynewshungary.com\/wp-content\/uploads\/2019\/09\/electric-car-768x432.jpg 768w, https:\/\/contentf5.dailynewshungary.com\/wp-content\/uploads\/2019\/09\/electric-car-800x450.jpg 800w, https:\/\/contentf5.dailynewshungary.com\/wp-content\/uploads\/2019\/09\/electric-car-1160x652.jpg 1160w\" sizes=\"auto, (max-width: 1024px) 100vw, 1024px\"><figcaption id=\"caption-attachment-270276\" class=\"wp-caption-text\">Foto: Alp\u00e1r Kat\u00f3 \u00a9<\/figcaption><\/figure>\n<h2><b>Vendite mondiali di veicoli elettrici<\/b><\/h2>\n<p><span style=\"font-weight: 400;\">Nel corso del 2023 <\/span><a href=\"https:\/\/www.savvy.com.au\/car-loans\/global-electric-vehicle-sales\/\" target=\"_blank\" rel=\"noopener\"><span style=\"font-weight: 400;\">vendite globali di EV<\/span><\/a><span style=\"font-weight: 400;\"> ha raggiunto i 9,97 milioni, con una quota di mercato mondiale che dovrebbe raggiungere il 17,5% nel 2024. Ci\u00f2 ha mostrato una crescita annualizzata del 28% nei principali mercati da parte di PwC nella revisione delle vendite di veicoli elettrici del 2024. La crescita delle vendite di veicoli elettrici \u00e8 continuata in tutti i principali mercati (Europa occidentale, Cina e Stati Uniti) con 2,025 milioni di unit\u00e0 vendute nel dicembre 2023, con un aumento su base annua del 26%.<\/span><\/p>\n<p><span style=\"font-weight: 400;\">Sebbene la nuova tecnologia delle batterie stia implementando promettendo di eliminare l\u2019ansia da autonomia con batterie da oltre 1.000 km, i governi di tutto il mondo stanno stringendo le viti su incentivi, agevolazioni fiscali e altre spese che incoraggiano l\u2019adozione dei veicoli elettrici.<\/span><\/p>\n<p><span style=\"font-weight: 400;\">In Europa, il governo tedesco ha revocato i 4.500 euro per gli acquisti di veicoli elettrici prima della scadenza di dicembre 2024, e i funzionari francesi hanno tolto il sussidio di 7.000 euro per i veicoli importati dall\u2019estero. Anche i governi dell\u2019UE e del Regno Unito stanno cercando di imporre una tariffa del 10% sui veicoli elettrici cinesi pi\u00f9 economici. Ci\u00f2 nonostante pi\u00f9 della met\u00e0 (5,36 milioni su 10,32 milioni) delle auto immatricolate in Europa occidentale nel 2023 fossero veicoli elettrici.<\/span><\/p>\n<p><span style=\"font-weight: 400;\">Pertanto, le vendite di PHEV in Europa occidentale sono diminuite del 13%; La Germania ha registrato un calo del 52% poich\u00e9 i consumatori non potevano pi\u00f9 avvalersi del sussidio.<\/span><\/p>\n<h2><b>Ungheria: un leader mondiale nei veicoli elettrici?<\/b><\/h2>\n<p><span style=\"font-weight: 400;\">L&#8217;Ungheria sembra muoversi verso i veicoli elettrici proprio mentre il resto del mondo sembra rifuggire dalla tecnologia verde Il calo dei prezzi, gli incentivi governativi per produttori e consumatori e una tecnologia migliore potrebbero consentire agli ungheresi di abbracciare la transizione verde pi\u00f9 velocemente rispetto alle loro controparti occidentali.<\/span><\/p>\n<div>\n<div><em>Disclaimer: l&#8217;autore (i) dell&#8217;articolo (i) sponsorizzato (i) \u00e8 l&#8217;unico responsabile per qualsiasi opinione espressa o offerta fatta Queste opinioni non riflettono necessariamente la posizione ufficiale di&nbsp;<a href=\"https:\/\/dailynewshungary.com\/\" target=\"_blank\" rel=\"noopener\" data-saferedirecturl=\"https:\/\/www.google.com\/url?q=https:\/\/dailynewshungary.com\/&amp;source=gmail&amp;ust=1712822482016000&amp;usg=AOvVaw1gkLeVm4SRw5-7anwQ7H0X\">Notizie quotidiane Ungheria<\/a>, e la redazione non pu\u00f2 essere ritenuta responsabile della loro veridicit\u00e0.<\/em><\/div>\n<div><\/div>\n<div><em>Immagine in primo piano: <a href=\"https:\/\/depositphotos.com\/editorial\/toronto-ontario-canada-september-2022-new-hybrid-cars-stock-parking-609044686.html\" target=\"_blank\" rel=\"noopener\">depositphotos.com<\/a><\/em><\/div>\n<\/div>\n","protected":false},"excerpt":{"rendered":"<p>Contenuti sponsorizzati Nel 2023, le vendite globali di veicoli elettrici hanno raggiunto un traguardo significativo di 10 milioni di vendite (40 milioni), con i consumatori cinesi che hanno acquistato pi\u00f9 di 2 milioni e i consumatori degli Stati Uniti che ne hanno acquistato 1 milione per la prima volta Con la nuova tecnologia delle batterie [&hellip;]<\/p>\n","protected":false},"author":2,"featured_media":660126,"comment_status":"open","ping_status":"open","sticky":false,"template":"","format":"standard","meta":{"_display_image":"","footnotes":""},"categories":[1314],"tags":[1090,1069,1199],"class_list":["post-660125","post","type-post","status-publish","format-standard","has-post-thumbnail","hentry","category-economia-in-ungheria","tag-auto-elettrica","tag-ungheria","tag-utile"],"blocksy_meta":[],"author_username":"alk","telegram_post":"","public_post_metadata":{"breaking_news":"","important":"","csempe":"","center_tile":"","disable_thumbnail":"","target_lang":"","_featured_image_style":"","telegram_post":"","_xlat_group_id":""},"public_rank_math_data":{"title":"%titolo% %sep% %nomesito%","description":"","focus_keyword":"Vendite EV","canonical_url":"","robots":"","primary_category":"1314","breadcrumb_title":"","facebook_title":"","facebook_description":"","facebook_image":"","facebook_image_id":"","twitter_title":"","twitter_description":"","twitter_image":"","twitter_image_id":"","twitter_card_type":"","twitter_use_facebook":"","advanced_robots":"","pillar_content":"","seo_score":"80","contentai_score":"","rich_snippet":""},"_links":{"self":[{"href":"https:\/\/dailynewshungary.com\/it\/wp-json\/wp\/v2\/posts\/660125","targetHints":{"allow":["GET"]}}],"collection":[{"href":"https:\/\/dailynewshungary.com\/it\/wp-json\/wp\/v2\/posts"}],"about":[{"href":"https:\/\/dailynewshungary.com\/it\/wp-json\/wp\/v2\/types\/post"}],"author":[{"embeddable":true,"href":"https:\/\/dailynewshungary.com\/it\/wp-json\/wp\/v2\/users\/2"}],"replies":[{"embeddable":true,"href":"https:\/\/dailynewshungary.com\/it\/wp-json\/wp\/v2\/comments?post=660125"}],"version-history":[{"count":0,"href":"https:\/\/dailynewshungary.com\/it\/wp-json\/wp\/v2\/posts\/660125\/revisions"}],"wp:featuredmedia":[{"embeddable":true,"href":"https:\/\/dailynewshungary.com\/it\/wp-json\/wp\/v2\/media\/660126"}],"wp:attachment":[{"href":"https:\/\/dailynewshungary.com\/it\/wp-json\/wp\/v2\/media?parent=660125"}],"wp:term":[{"taxonomy":"category","embeddable":true,"href":"https:\/\/dailynewshungary.com\/it\/wp-json\/wp\/v2\/categories?post=660125"},{"taxonomy":"post_tag","embeddable":true,"href":"https:\/\/dailynewshungary.com\/it\/wp-json\/wp\/v2\/tags?post=660125"}],"curies":[{"name":"wp","href":"https:\/\/api.w.org\/{rel}","templated":true}]}}