{"id":660139,"date":"2024-04-09T20:44:03","date_gmt":"2024-04-09T18:44:03","guid":{"rendered":"https:\/\/dailynewshungary.com\/it\/atterraggio-di-emergenza-a-budapest-rilevato-fumo-nella-cabina-di-pilotaggio-di-un-volo-air-france-da-parigi\/"},"modified":"2024-04-09T20:44:03","modified_gmt":"2024-04-09T18:44:03","slug":"atterraggio-di-emergenza-a-budapest-rilevato-fumo-nella-cabina-di-pilotaggio-di-un-volo-air-france-da-parigi","status":"publish","type":"post","link":"https:\/\/dailynewshungary.com\/it\/atterraggio-di-emergenza-a-budapest-rilevato-fumo-nella-cabina-di-pilotaggio-di-un-volo-air-france-da-parigi\/","title":{"rendered":"Atterraggio di emergenza a Budapest: rilevato fumo nella cabina di pilotaggio di un volo Air France da Parigi"},"content":{"rendered":"<p><strong>G4Media ha riferito di un recente atterraggio di emergenza, che ha coinvolto un volo da Parigi a Bucarest, che doveva atterrare luned\u00ec a mezzanotte ma \u00e8 invece atterrato inaspettatamente a Budapest.<\/strong><\/p>\n<p>Lucian M\u00eendru invece, giornalista, <a href=\"https:\/\/www.g4media.ro\/zborul-paris-bucuresti-care-trebuia-sa-aterizeze-luni-la-miezul-noptii-a-ajuns-la-budapesta-avionul-se-afla-in-continuare-in-ungaria.html\" target=\"_blank\" rel=\"noopener\">segnalato<\/a> un evento di emergenza durante la discesa dell&#8217;aereo su Budapest Circa 20-30 minuti dopo la chiamata di emergenza, l&#8217;aereo \u00e8 atterrato all&#8217;aeroporto Liszt Ferenc, come affermato nel suo post su Facebook. Ha ottenuto queste informazioni da un passeggero a bordo dell&#8217;aereo.<\/p>\n<p>Secondo il rapporto sull&#8217;atterraggio di emergenza, al momento del ritocco, i piloti informarono i passeggeri della loro posizione e della deviazione a causa di un problema tecnico non specificato, in seguito fu rivelato che fu rilevato del fumo nella cabina di pilotaggio.<\/p>\n<p>L&#8217;aeroporto di Budapest ha emesso quanto segue <a href=\"https:\/\/transtelex.ro\/kozelet\/2024\/04\/09\/repulogep-kenyszerleszallas\" target=\"_blank\" rel=\"noopener\">dichiarazione<\/a> per quanto riguarda l&#8217;atterraggio di emergenza:<\/p>\n<blockquote>\n<p>\u201cAir France Il volo AF1088 Parigi Bucarest \u00e8 stato interrotto a causa del fumo in cabina ed \u00e8 atterrato alle 22:34 di luned\u00ec all&#8217;aeroporto internazionale Liszt Ferenc L&#8217;aereo \u00e8 stato ispezionato dai vigili del fuoco sul posto e questa mattina torner\u00e0 a Parigi senza passeggeri La compagnia aerea ha inviato un volo di soccorso per far salire i passeggeri, che marted\u00ec proseguir\u00e0 per Bucarest nella mattinata.\u201d<\/p>\n<\/blockquote>\n<p>Leggi anche:<\/p>\n<ul>\n<li>Primo Ministro Orb\u00e1n: <a href=\"https:\/\/dailynewshungary.com\/it\/ultime-notizie-laeroporto-di-budapest-sara-nuovamente-di-proprieta-della-maggioranza-per-stato-entro-pochi-giorni\/\">L&#8217;aeroporto di Budapest sar\u00e0 nuovamente di propriet\u00e0 della maggioranza statale &#8220;entro pochi giorni&#8221;<\/a><\/li>\n<li><a href=\"https:\/\/dailynewshungary.com\/it\/annunciato-un-nuovo-volo-diretto-da-budapest-verso-una-delle-citta-piu-belle-deuropa\/\">Annunciato un nuovo volo diretto da Budapest verso una delle citt\u00e0 pi\u00f9 belle d&#8217;Europa<\/a><\/li>\n<\/ul>\n<p style=\"text-align: center;\"><b data-stringify-type=\"bold\"><i data-stringify-type=\"italic\">Ottieni la nostra raccolta di notizie quotidiane, <\/i><\/b><b data-stringify-type=\"bold\"><i data-stringify-type=\"italic\"><a class=\"c-link\" href=\"https:\/\/dailynewshungary.com\/newsletter\/\" target=\"_blank\" rel=\"noopener noreferrer\" data-stringify-link=\"https:\/\/dailynewshungary.com\/newsletter\/\" data-sk=\"tooltip_parent\">iscriviti e iscriviti qui ai tuoi amici alla nostra newsletter<\/a><\/i><\/b><\/p>\n","protected":false},"excerpt":{"rendered":"<p>G4Media ha riferito di un recente atterraggio di emergenza, che ha coinvolto un volo da Parigi a Bucarest, che doveva atterrare luned\u00ec a mezzanotte ma \u00e8 invece atterrato inaspettatamente a Budapest. Lucian M\u00eendru invece, giornalista, segnalato un evento di emergenza durante la discesa dell&#8217;aereo su Budapest Circa 20-30 minuti dopo la chiamata di emergenza, l&#8217;aereo [&hellip;]<\/p>\n","protected":false},"author":2,"featured_media":660140,"comment_status":"open","ping_status":"open","sticky":false,"template":"","format":"standard","meta":{"_display_image":"yes","footnotes":""},"categories":[1207],"tags":[1170,1068,1141,1397,1171,1069],"class_list":["post-660139","post","type-post","status-publish","format-standard","has-post-thumbnail","hentry","category-societa-in-ungheria","tag-aeroporto","tag-aeroporto-di-budapest","tag-francia","tag-incidente","tag-romania","tag-ungheria"],"blocksy_meta":[],"author_username":"alk","telegram_post":"","public_post_metadata":{"breaking_news":"","important":"","csempe":"","center_tile":"","disable_thumbnail":"","target_lang":"","_featured_image_style":"hidden","telegram_post":"","_xlat_group_id":""},"public_rank_math_data":{"title":"%titolo% %sep% %nomesito%","description":"","focus_keyword":"atterraggio d'emergenza","canonical_url":"","robots":"","primary_category":"1207","breadcrumb_title":"","facebook_title":"","facebook_description":"","facebook_image":"","facebook_image_id":"","twitter_title":"","twitter_description":"","twitter_image":"","twitter_image_id":"","twitter_card_type":"","twitter_use_facebook":"","advanced_robots":"","pillar_content":"","seo_score":"","contentai_score":"","rich_snippet":""},"_links":{"self":[{"href":"https:\/\/dailynewshungary.com\/it\/wp-json\/wp\/v2\/posts\/660139","targetHints":{"allow":["GET"]}}],"collection":[{"href":"https:\/\/dailynewshungary.com\/it\/wp-json\/wp\/v2\/posts"}],"about":[{"href":"https:\/\/dailynewshungary.com\/it\/wp-json\/wp\/v2\/types\/post"}],"author":[{"embeddable":true,"href":"https:\/\/dailynewshungary.com\/it\/wp-json\/wp\/v2\/users\/2"}],"replies":[{"embeddable":true,"href":"https:\/\/dailynewshungary.com\/it\/wp-json\/wp\/v2\/comments?post=660139"}],"version-history":[{"count":0,"href":"https:\/\/dailynewshungary.com\/it\/wp-json\/wp\/v2\/posts\/660139\/revisions"}],"wp:featuredmedia":[{"embeddable":true,"href":"https:\/\/dailynewshungary.com\/it\/wp-json\/wp\/v2\/media\/660140"}],"wp:attachment":[{"href":"https:\/\/dailynewshungary.com\/it\/wp-json\/wp\/v2\/media?parent=660139"}],"wp:term":[{"taxonomy":"category","embeddable":true,"href":"https:\/\/dailynewshungary.com\/it\/wp-json\/wp\/v2\/categories?post=660139"},{"taxonomy":"post_tag","embeddable":true,"href":"https:\/\/dailynewshungary.com\/it\/wp-json\/wp\/v2\/tags?post=660139"}],"curies":[{"name":"wp","href":"https:\/\/api.w.org\/{rel}","templated":true}]}}