{"id":661020,"date":"2024-03-14T17:34:02","date_gmt":"2024-03-14T16:34:02","guid":{"rendered":"https:\/\/dailynewshungary.com\/it\/direttore-politico-di-orban-non-e-nellinteresse-dellungheria-seguire-la-strategia-delloccidente\/"},"modified":"2024-03-14T17:34:02","modified_gmt":"2024-03-14T16:34:02","slug":"direttore-politico-di-orban-non-e-nellinteresse-dellungheria-seguire-la-strategia-delloccidente","status":"publish","type":"post","link":"https:\/\/dailynewshungary.com\/it\/direttore-politico-di-orban-non-e-nellinteresse-dellungheria-seguire-la-strategia-delloccidente\/","title":{"rendered":"Direttore politico di Orb\u00e1n: Non \u00e8 nell\u2019interesse dell\u2019Ungheria seguire la strategia dell\u2019Occidente"},"content":{"rendered":"<p><strong>Non \u00e8 nell&#8217;interesse dell&#8217;Ungheria seguire la strategia dell&#8217;Occidente di un ritorno ai blocchi geopolitici, ha detto il direttore politico del primo ministro in una presentazione dell&#8217;edizione in lingua inglese del suo libro sulla strategia ungherese, Hussar Cut: The Hungarian Strategy for Connectivity (Husz\u00e1rv\u00e1g\u00e1s: A konnektivit\u00e0s magyar strat\u00e9gi\u00e1ja), mercoled\u00ec sera.<\/strong><\/p>\n<p><strong><a href=\"https:\/\/www.facebook.com\/orbanbalazsandras\/?locale=hu_HU\" target=\"_blank\" rel=\"noopener\">Bal\u00e1zs Orb\u00e1n<\/a><\/strong> la fine del mondo unipolare ha aperto la porta ai paesi pi\u00f9 piccoli per sviluppare e perseguire le proprie strategie nel loro cammino verso il successo.<\/p>\n<p>Ha avvertito che nel mutevole ordine mondiale, certe forze politiche stanno lavorando per dividere nuovamente il mondo in blocchi Questo, ha detto, limiterebbe il margine di manovra dei paesi pi\u00f9 piccoli, in quanto sarebbero in grado solo di mantenere legami politici, economici e culturali con gli altri paesi del loro blocco Questo, ha aggiunto, andava contro gli interessi dell&#8217;Ungheria come economia aperta, orientata all&#8217;esportazione, costruita su \u201cconoscenza e ambizione\u201d.<\/p>\n<h2>La strategia dell&#8217;Ungheria<\/h2>\n<p>Lancio del libro di ieri:<\/p>\n<p><iframe loading=\"lazy\" style=\"border: none; overflow: hidden;\" src=\"https:\/\/www.facebook.com\/plugins\/post.php?href=https%3A%2F%2Fwww.facebook.com%2Forbanbalazsandras%2Fposts%2Fpfbid0CJanTASwfU5SnKEoxYwn4PRJBsNv1JuM8vHrhwnMuh4b7yTnoggBcMsspDtL9f3ql&amp;show_text=false&amp;width=500\" width=\"500\" height=\"375\" frameborder=\"0\" scrolling=\"no\" allowfullscreen=\"allowfullscreen\"><\/iframe><\/p>\n<p>La priorit\u00e0 dell&#8217;Ungheria, ha affermato Orb\u00e1n, \u00e8 quella di introdurre nuovi rami industriali, identificare i settori di successo per le aziende ungheresi e perseguire una politica estera basata non sull&#8217;ideologia, ma sugli interessi nazionali.<\/p>\n<p>Il mondo sta attraversando cambiamenti che l\u2019Ungheria pu\u00f2 utilizzare per trasformare le sue capacit\u00e0 in vantaggi, ha affermato Orb\u00e1n.<\/p>\n<p>Ha detto che in soli due decenni, il mondo ha perso la fiducia nel neoliberismo, che molti hanno attribuito al rafforzamento dei paesi BRICS, alla divisione in Occidente e ai conflitti causati dalle religioni.<\/p>\n<p>Il libro di Orb\u00e1n:<\/p>\n<figure id=\"attachment_590657\" aria-describedby=\"caption-attachment-590657\" style=\"width: 2048px\" class=\"wp-caption alignnone\"><img loading=\"lazy\" decoding=\"async\" class=\"size-full wp-image-590657\" src=\"https:\/\/contentf5.dailynewshungary.com\/wp-content\/uploads\/2024\/03\/balazs-orban-huszarvagas-book.jpg\" alt=\"libro di Bal\u00e1zs orb\u00e1n husz\u00e1rv\u00e1g\u00e1s\" width=\"2048\" height=\"1152\" srcset=\"https:\/\/contentf5.dailynewshungary.com\/wp-content\/uploads\/2024\/03\/balazs-orban-huszarvagas-book.jpg 2048w, https:\/\/contentf5.dailynewshungary.com\/wp-content\/uploads\/2024\/03\/balazs-orban-huszarvagas-book-768x432.jpg 768w, https:\/\/contentf5.dailynewshungary.com\/wp-content\/uploads\/2024\/03\/balazs-orban-huszarvagas-book-1536x864.jpg 1536w, https:\/\/contentf5.dailynewshungary.com\/wp-content\/uploads\/2024\/03\/balazs-orban-huszarvagas-book-370x208.jpg 370w, https:\/\/contentf5.dailynewshungary.com\/wp-content\/uploads\/2024\/03\/balazs-orban-huszarvagas-book-1920x1080.jpg 1920w, https:\/\/contentf5.dailynewshungary.com\/wp-content\/uploads\/2024\/03\/balazs-orban-huszarvagas-book-1030x579.jpg 1030w, https:\/\/contentf5.dailynewshungary.com\/wp-content\/uploads\/2024\/03\/balazs-orban-huszarvagas-book-133x75.jpg 133w, https:\/\/contentf5.dailynewshungary.com\/wp-content\/uploads\/2024\/03\/balazs-orban-huszarvagas-book-480x270.jpg 480w\" sizes=\"auto, (max-width: 2048px) 100vw, 2048px\"><figcaption id=\"caption-attachment-590657\" class=\"wp-caption-text\">Fonte: Facebook\/Orb\u00e1n Bal\u00e1zs<\/figcaption><\/figure>\n<p><strong>Leggi anche:<\/strong><\/p>\n<ul>\n<li><a href=\"https:\/\/dailynewshungary.com\/it\/zelenskyj-lungheria-sta-giocando-un-gioco-pericoloso\/\">Zelenskyj: L&#8217;Ungheria sta giocando un gioco pericoloso<\/a><\/li>\n<li><a href=\"https:\/\/dailynewshungary.com\/it\/lungheria-sosterra-il-presidente-rumeno-per-il-capo-della-nato\/\">L&#8217;Ungheria sosterr\u00e0 il presidente rumeno per il capo della NATO?<\/a><\/li>\n<\/ul>\n","protected":false},"excerpt":{"rendered":"<p>Non \u00e8 nell&#8217;interesse dell&#8217;Ungheria seguire la strategia dell&#8217;Occidente di un ritorno ai blocchi geopolitici, ha detto il direttore politico del primo ministro in una presentazione dell&#8217;edizione in lingua inglese del suo libro sulla strategia ungherese, Hussar Cut: The Hungarian Strategy for Connectivity (Husz\u00e1rv\u00e1g\u00e1s: A konnektivit\u00e0s magyar strat\u00e9gi\u00e1ja), mercoled\u00ec sera. Bal\u00e1zs Orb\u00e1n la fine del mondo [&hellip;]<\/p>\n","protected":false},"author":33,"featured_media":661021,"comment_status":"open","ping_status":"open","sticky":false,"template":"","format":"standard","meta":{"_display_image":"yes","footnotes":""},"categories":[1185],"tags":[1103,1069],"class_list":["post-661020","post","type-post","status-publish","format-standard","has-post-thumbnail","hentry","category-politica-in-ungheria","tag-libro","tag-ungheria"],"blocksy_meta":[],"author_username":"ugyelet","telegram_post":"","public_post_metadata":{"breaking_news":"","important":"","csempe":"","center_tile":"","disable_thumbnail":"","target_lang":"","_featured_image_style":"hidden","telegram_post":"","_xlat_group_id":""},"public_rank_math_data":{"title":"%titolo% %sep% %nomesito%","description":"Non \u00e8 nell'interesse dell'Ungheria seguire la strategia dell'Occidente di un ritorno ai blocchi geopolitici, ha detto il direttore politico del primo ministro.","focus_keyword":"Ungheria","canonical_url":"","robots":"","primary_category":"1185","breadcrumb_title":"","facebook_title":"","facebook_description":"","facebook_image":"","facebook_image_id":"","twitter_title":"","twitter_description":"","twitter_image":"","twitter_image_id":"","twitter_card_type":"","twitter_use_facebook":"","advanced_robots":"","pillar_content":"","seo_score":"72","contentai_score":"","rich_snippet":""},"_links":{"self":[{"href":"https:\/\/dailynewshungary.com\/it\/wp-json\/wp\/v2\/posts\/661020","targetHints":{"allow":["GET"]}}],"collection":[{"href":"https:\/\/dailynewshungary.com\/it\/wp-json\/wp\/v2\/posts"}],"about":[{"href":"https:\/\/dailynewshungary.com\/it\/wp-json\/wp\/v2\/types\/post"}],"author":[{"embeddable":true,"href":"https:\/\/dailynewshungary.com\/it\/wp-json\/wp\/v2\/users\/33"}],"replies":[{"embeddable":true,"href":"https:\/\/dailynewshungary.com\/it\/wp-json\/wp\/v2\/comments?post=661020"}],"version-history":[{"count":0,"href":"https:\/\/dailynewshungary.com\/it\/wp-json\/wp\/v2\/posts\/661020\/revisions"}],"wp:featuredmedia":[{"embeddable":true,"href":"https:\/\/dailynewshungary.com\/it\/wp-json\/wp\/v2\/media\/661021"}],"wp:attachment":[{"href":"https:\/\/dailynewshungary.com\/it\/wp-json\/wp\/v2\/media?parent=661020"}],"wp:term":[{"taxonomy":"category","embeddable":true,"href":"https:\/\/dailynewshungary.com\/it\/wp-json\/wp\/v2\/categories?post=661020"},{"taxonomy":"post_tag","embeddable":true,"href":"https:\/\/dailynewshungary.com\/it\/wp-json\/wp\/v2\/tags?post=661020"}],"curies":[{"name":"wp","href":"https:\/\/api.w.org\/{rel}","templated":true}]}}