{"id":661100,"date":"2024-03-12T13:34:08","date_gmt":"2024-03-12T12:34:08","guid":{"rendered":"https:\/\/dailynewshungary.com\/it\/il-capo-di-rosatom-negozia-in-ungheria\/"},"modified":"2024-03-12T13:34:08","modified_gmt":"2024-03-12T12:34:08","slug":"il-capo-di-rosatom-negozia-in-ungheria","status":"publish","type":"post","link":"https:\/\/dailynewshungary.com\/it\/il-capo-di-rosatom-negozia-in-ungheria\/","title":{"rendered":"Il capo di Rosatom negozia in Ungheria"},"content":{"rendered":"<p><strong>I primi pali di fondazione in cemento per l&#8217;espansione della centrale nucleare di Paks saranno messi a terra entro la fine dell&#8217;anno, ha detto marted\u00ec P\u00e9ter Szijj\u00e1rt\u00f3.<\/strong><\/p>\n<p>Una dichiarazione del ministero ha citato il ministro degli Esteri in una conferenza stampa congiunta con Alexei Likhachev, capo della <a href=\"https:\/\/www.rosatom.ru\/en\/index.html\" target=\"_blank\" rel=\"noopener\">Societ\u00e0 russa per l&#8217;energia nucleare Rosatom<\/a>, che una pietra miliare altrettanto importante \u00e8 il completamento della prima trappola di fusione prodotta in Russia.<\/p>\n<p>La consegna della trappola per fusione da 700 tonnellate \u00e8 prevista in autunno, mentre la produzione del serbatoio del reattore inizier\u00e0 ad aprile, ha affermato.<\/p>\n<p>Sono in corso i lavori per il consolidamento del suolo su 17 ettari, con 8.000 su 75.000 pali gi\u00e0 in opera Un&#8217;azienda tedesca sta realizzando questo lavoro, il cui completamento \u00e8 previsto entro la prossima estate.<\/p>\n<p>Szijj\u00e1rt\u00f3 ha detto che il progetto sta procedendo a un buon ritmo costante, in modo inevitabile ed \u00e8 possibile che i due nuovi blocchi vengano agganciati alla griglia entro l&#8217;inizio del prossimo decennio, ha detto.<\/p>\n<p>Il ministro ha aggiunto che l&#8217;espansione di Paks \u00e8 stata un vero e proprio progetto di tratta internazionale che coinvolge subappaltatori tedeschi, francesi, austriaci, svedesi e americani.<\/p>\n<p>Leggi altre notizie su <a href=\"https:\/\/dailynewshungary.com\/it\/la-grande-rapina-al-treno-britannico-come-una-banda-di-15-uomini-rubo-26-milioni-di-sterline-nel-1963\/\">Progetto della centrale nucleare di Paks<\/a>.<\/p>\n<ul>\n<li>leggi anche: <a href=\"https:\/\/dailynewshungary.com\/it\/lambasciata-russa-a-budapest-rilascia-una-dichiarazione-di-guerra\/\">L&#8217;ambasciata russa a Budapest rilascia una dichiarazione di guerra<\/a><\/li>\n<\/ul>\n","protected":false},"excerpt":{"rendered":"<p>I primi pali di fondazione in cemento per l&#8217;espansione della centrale nucleare di Paks saranno messi a terra entro la fine dell&#8217;anno, ha detto marted\u00ec P\u00e9ter Szijj\u00e1rt\u00f3. Una dichiarazione del ministero ha citato il ministro degli Esteri in una conferenza stampa congiunta con Alexei Likhachev, capo della Societ\u00e0 russa per l&#8217;energia nucleare Rosatom, che una [&hellip;]<\/p>\n","protected":false},"author":2,"featured_media":661101,"comment_status":"open","ping_status":"open","sticky":false,"template":"","format":"standard","meta":{"_display_image":"","footnotes":""},"categories":[1314],"tags":[1099,1300,1079,1212,1178,1069],"class_list":["post-661100","post","type-post","status-publish","format-standard","has-post-thumbnail","hentry","category-economia-in-ungheria","tag-crisi-energetica-in-ungheria","tag-energia","tag-governo-ungherese","tag-progetto-paks","tag-russia","tag-ungheria"],"blocksy_meta":[],"author_username":"alk","telegram_post":"","public_post_metadata":{"breaking_news":"","important":"","csempe":"","center_tile":"","disable_thumbnail":"","target_lang":"","_featured_image_style":"","telegram_post":"","_xlat_group_id":""},"public_rank_math_data":{"title":"%titolo% %sep% %nomesito%","description":"","focus_keyword":"rosatom","canonical_url":"","robots":"","primary_category":"1314","breadcrumb_title":"","facebook_title":"","facebook_description":"","facebook_image":"","facebook_image_id":"","twitter_title":"","twitter_description":"","twitter_image":"","twitter_image_id":"","twitter_card_type":"","twitter_use_facebook":"","advanced_robots":"","pillar_content":"","seo_score":"63","contentai_score":"","rich_snippet":""},"_links":{"self":[{"href":"https:\/\/dailynewshungary.com\/it\/wp-json\/wp\/v2\/posts\/661100","targetHints":{"allow":["GET"]}}],"collection":[{"href":"https:\/\/dailynewshungary.com\/it\/wp-json\/wp\/v2\/posts"}],"about":[{"href":"https:\/\/dailynewshungary.com\/it\/wp-json\/wp\/v2\/types\/post"}],"author":[{"embeddable":true,"href":"https:\/\/dailynewshungary.com\/it\/wp-json\/wp\/v2\/users\/2"}],"replies":[{"embeddable":true,"href":"https:\/\/dailynewshungary.com\/it\/wp-json\/wp\/v2\/comments?post=661100"}],"version-history":[{"count":0,"href":"https:\/\/dailynewshungary.com\/it\/wp-json\/wp\/v2\/posts\/661100\/revisions"}],"wp:featuredmedia":[{"embeddable":true,"href":"https:\/\/dailynewshungary.com\/it\/wp-json\/wp\/v2\/media\/661101"}],"wp:attachment":[{"href":"https:\/\/dailynewshungary.com\/it\/wp-json\/wp\/v2\/media?parent=661100"}],"wp:term":[{"taxonomy":"category","embeddable":true,"href":"https:\/\/dailynewshungary.com\/it\/wp-json\/wp\/v2\/categories?post=661100"},{"taxonomy":"post_tag","embeddable":true,"href":"https:\/\/dailynewshungary.com\/it\/wp-json\/wp\/v2\/tags?post=661100"}],"curies":[{"name":"wp","href":"https:\/\/api.w.org\/{rel}","templated":true}]}}