{"id":661163,"date":"2024-03-10T17:47:19","date_gmt":"2024-03-10T16:47:19","guid":{"rendered":"https:\/\/dailynewshungary.com\/it\/gli-industriali-italiani-confindustria-vedono-in-ungheria-un-grande-potenziale\/"},"modified":"2024-03-10T17:47:19","modified_gmt":"2024-03-10T16:47:19","slug":"gli-industriali-italiani-confindustria-vedono-in-ungheria-un-grande-potenziale","status":"publish","type":"post","link":"https:\/\/dailynewshungary.com\/it\/gli-industriali-italiani-confindustria-vedono-in-ungheria-un-grande-potenziale\/","title":{"rendered":"Gli industriali italiani Confindustria vedono in Ungheria un grande potenziale"},"content":{"rendered":"<p><strong>Il 7 marzo, i leader della regione Europa orientale di Confindustria si sono incontrati presso la sede di UniCredit a Budapest, In conferenza stampa, hanno discusso della loro cooperazione con VOSZ, degli obiettivi, delle opportunit\u00e0 in Ungheria, e del futuro.<\/strong><\/p>\n<h2>Confindustria<\/h2>\n<p>Confindustria \u00e8 la pi\u00f9 importante associazione che rappresenta le aziende manifatturiere e di servizi in Italia \u00c8 in grado di fornire una forte rappresentanza per 150.000 aziende Insieme, queste aziende impiegano pi\u00f9 di 5 milioni di lavoratori e rappresentano circa un terzo del PIL italiano.<\/p>\n<p>L&#8217;organizzazione \u00e8 attiva in patria e all&#8217;estero Nel 2021 \u00e8 stata costituita a Budapest Confindustria Ungheria, che conta attualmente 35 membri a livello nazionale.<\/p>\n<h2>Cooperazione tra VOSZ e Confindustria Ungheria<\/h2>\n<p>Questo incontro dell&#8217;Europa dell&#8217;Est \u00e8 stato presieduto dalla Dott.ssa Maria Luisa Meroni, Presidente di Confindustria dell&#8217;Europa dell&#8217;Est, responsabile della cooperazione, delle operazioni e del collegamento con il continente per gli 11 paesi della regione (Albania, Bielorussia, Bosnia ed Erzegovina, Bulgaria, Macedonia del Nord, Montenegro, Polonia, Romania, Serbia, Slovenia e Ungheria). L&#8217;evento del Consiglio \u00e8 stato utilizzato anche per firmare un Memorandum d&#8217;Intesa con il <a href=\"https:\/\/vosz.hu\/vosz-info\/a-legjelentosebb-olasz-munkaadoi-szervezettel-kezdett-egyuttmukodest-a-vosz\" target=\"_blank\" rel=\"noopener\">Associazione nazionale ungherese degli imprenditori e dei datori di lavoro (VOSZ)<\/a>.<\/p>\n<p>Da parte italiana, la delegazione era rappresentata da Maria Luisa Meroni, Presidente del <a href=\"https:\/\/confindustriaest.eu\/rappresentanze-internazionali\/\" target=\"_blank\" rel=\"noopener\">Confindustria Europa dell&#8217;Est (CEE)<\/a>; Francesca Moizi, Vicedirettore della CEE; Roberto Massucco, Presidente di Confindustria Ungheria (CU); Alessandro Farina, Vicepresidente, e Janina Mathiasz, Direttore. Il Dott. Patrik Kov\u00e1cs e Tam\u00e1s Barab\u00e1s, co-presidenti di VOSZ, rappresentavano la parte ungherese.<\/p>\n<div id=\"gallery-2\" class=\"gallery galleryid-589495 gallery-columns-2 gallery-size-thumbnail\">\n<figure class=\"gallery-item\">\n<div class=\"gallery-icon landscape\">\n\t\t\t\t<a href=\"https:\/\/dailynewshungary.com\/italian-industrialists-confindustria-sees-great-potential-in-hungary\/confindustria-ungheria-4\/\"><img loading=\"lazy\" decoding=\"async\" width=\"282\" height=\"188\" src=\"https:\/\/contentf5.dailynewshungary.com\/wp-content\/uploads\/2024\/03\/Confindustria-Ungheria-4.jpeg\" class=\"attachment-thumbnail size-thumbnail\" alt=\"Cooperazione tra VOSZ e Confindustria Ungheria Foto: Confinindustria\" aria-describedby=\"gallery-2-589499\" srcset=\"https:\/\/contentf5.dailynewshungary.com\/wp-content\/uploads\/2024\/03\/Confindustria-Ungheria-4.jpeg 1200w, https:\/\/contentf5.dailynewshungary.com\/wp-content\/uploads\/2024\/03\/Confindustria-Ungheria-4-768x512.jpeg 768w, https:\/\/contentf5.dailynewshungary.com\/wp-content\/uploads\/2024\/03\/Confindustria-Ungheria-4-333x222.jpeg 333w, https:\/\/contentf5.dailynewshungary.com\/wp-content\/uploads\/2024\/03\/Confindustria-Ungheria-4-248x165.jpeg 248w, https:\/\/contentf5.dailynewshungary.com\/wp-content\/uploads\/2024\/03\/Confindustria-Ungheria-4-1030x687.jpeg 1030w, https:\/\/contentf5.dailynewshungary.com\/wp-content\/uploads\/2024\/03\/Confindustria-Ungheria-4-113x75.jpeg 113w, https:\/\/contentf5.dailynewshungary.com\/wp-content\/uploads\/2024\/03\/Confindustria-Ungheria-4-480x320.jpeg 480w\" sizes=\"auto, (max-width: 282px) 100vw, 282px\"><\/a>\n\t\t\t<\/div><figcaption class=\"wp-caption-text gallery-caption\" id=\"gallery-2-589499\">\n\t\t\t\tCooperazione tra VOSZ e Confindustria Ungheria Foto: Confinindustria<br \/>\n\t\t\t\t<\/figcaption><\/figure>\n<figure class=\"gallery-item\">\n<div class=\"gallery-icon landscape\">\n\t\t\t\t<a href=\"https:\/\/dailynewshungary.com\/italian-industrialists-confindustria-sees-great-potential-in-hungary\/confindustria-ungheria-5\/\"><img loading=\"lazy\" decoding=\"async\" width=\"282\" height=\"188\" src=\"https:\/\/contentf5.dailynewshungary.com\/wp-content\/uploads\/2024\/03\/Confindustria-Ungheria-5.jpeg\" class=\"attachment-thumbnail size-thumbnail\" alt=\"Cooperazione tra VOSZ e Confindustria Ungheria\" aria-describedby=\"gallery-2-589500\" srcset=\"https:\/\/contentf5.dailynewshungary.com\/wp-content\/uploads\/2024\/03\/Confindustria-Ungheria-5.jpeg 1200w, https:\/\/contentf5.dailynewshungary.com\/wp-content\/uploads\/2024\/03\/Confindustria-Ungheria-5-768x512.jpeg 768w, https:\/\/contentf5.dailynewshungary.com\/wp-content\/uploads\/2024\/03\/Confindustria-Ungheria-5-333x222.jpeg 333w, https:\/\/contentf5.dailynewshungary.com\/wp-content\/uploads\/2024\/03\/Confindustria-Ungheria-5-248x165.jpeg 248w, https:\/\/contentf5.dailynewshungary.com\/wp-content\/uploads\/2024\/03\/Confindustria-Ungheria-5-1030x687.jpeg 1030w, https:\/\/contentf5.dailynewshungary.com\/wp-content\/uploads\/2024\/03\/Confindustria-Ungheria-5-113x75.jpeg 113w, https:\/\/contentf5.dailynewshungary.com\/wp-content\/uploads\/2024\/03\/Confindustria-Ungheria-5-480x320.jpeg 480w\" sizes=\"auto, (max-width: 282px) 100vw, 282px\"><\/a>\n\t\t\t<\/div><figcaption class=\"wp-caption-text gallery-caption\" id=\"gallery-2-589500\">\n\t\t\t\tCooperazione tra VOSZ e Confindustria Ungheria Foto: Confinindustria<br \/>\n\t\t\t\t<\/figcaption><\/figure>\n<\/p><\/div>\n<p>Secondo il <a href=\"https:\/\/economia.hu\/vosz-collaborazione-con-confindustria-ungheria-e-confindustria-est-europa\/\" target=\"_blank\" rel=\"noopener\">Sito web di notizie di Economia<\/a>, Meroni ha evidenziato all&#8217;incontro:<\/p>\n<blockquote>\n<p>\u201cConfindustria pu\u00f2 essere un partner eccellente per VOSZ, poich\u00e9 l&#8217;organizzazione italiana considera lo sviluppo delle piccole e medie imprese come il suo compito principale e pu\u00f2 fornire assistenza nella ricerca di partner e nelle ricerche di mercato.\u201d<\/p>\n<\/blockquote>\n<p>Dott. Roberto Massucco, Presidente, ha affermato di credere negli effetti positivi della cooperazione da entrambe le parti, come<\/p>\n<blockquote>\n<p>L&#8217;Italia \u00e8 il secondo partner commerciale dell&#8217;Ungheria nell&#8217;UE e VOSZ pu\u00f2 aiutare le aziende italiane a comprendere meglio il potenziale dell&#8217;economia ungherese e contribuire a costruire alleanze attraverso il suo networking.<\/p>\n<\/blockquote>\n<div id=\"gallery-3\" class=\"gallery galleryid-589495 gallery-columns-3 gallery-size-thumbnail\">\n<figure class=\"gallery-item\">\n<div class=\"gallery-icon landscape\">\n\t\t\t\t<a href=\"https:\/\/dailynewshungary.com\/italian-industrialists-confindustria-sees-great-potential-in-hungary\/confindustria-ungheria-2\/\"><img loading=\"lazy\" decoding=\"async\" width=\"266\" height=\"200\" src=\"https:\/\/contentf5.dailynewshungary.com\/wp-content\/uploads\/2024\/03\/Confindustria-Ungheria-2.jpeg\" class=\"attachment-thumbnail size-thumbnail\" alt=\"Confindutria Europa dell'Est tiene una conferenza stampa a Budapest, Ungheria Foto: Confindustria\" aria-describedby=\"gallery-3-589497\" srcset=\"https:\/\/contentf5.dailynewshungary.com\/wp-content\/uploads\/2024\/03\/Confindustria-Ungheria-2.jpeg 1199w, https:\/\/contentf5.dailynewshungary.com\/wp-content\/uploads\/2024\/03\/Confindustria-Ungheria-2-768x576.jpeg 768w, https:\/\/contentf5.dailynewshungary.com\/wp-content\/uploads\/2024\/03\/Confindustria-Ungheria-2-296x222.jpeg 296w, https:\/\/contentf5.dailynewshungary.com\/wp-content\/uploads\/2024\/03\/Confindustria-Ungheria-2-1030x773.jpeg 1030w, https:\/\/contentf5.dailynewshungary.com\/wp-content\/uploads\/2024\/03\/Confindustria-Ungheria-2-100x75.jpeg 100w, https:\/\/contentf5.dailynewshungary.com\/wp-content\/uploads\/2024\/03\/Confindustria-Ungheria-2-960x720.jpeg 960w, https:\/\/contentf5.dailynewshungary.com\/wp-content\/uploads\/2024\/03\/Confindustria-Ungheria-2-480x360.jpeg 480w\" sizes=\"auto, (max-width: 266px) 100vw, 266px\"><\/a>\n\t\t\t<\/div><figcaption class=\"wp-caption-text gallery-caption\" id=\"gallery-3-589497\">\n\t\t\t\tConfindutria Europa dell&#8217;Est tiene una conferenza stampa a Budapest, Ungheria Foto: Confindustria<br \/>\n\t\t\t\t<\/figcaption><\/figure>\n<figure class=\"gallery-item\">\n<div class=\"gallery-icon portrait\">\n\t\t\t\t<a href=\"https:\/\/dailynewshungary.com\/italian-industrialists-confindustria-sees-great-potential-in-hungary\/confindustria-ungheria\/\"><img loading=\"lazy\" decoding=\"async\" width=\"150\" height=\"200\" src=\"https:\/\/contentf5.dailynewshungary.com\/wp-content\/uploads\/2024\/03\/Confindustria-Ungheria.jpeg\" class=\"attachment-thumbnail size-thumbnail\" alt=\"Confindustria Ungheria\" aria-describedby=\"gallery-3-589501\" srcset=\"https:\/\/contentf5.dailynewshungary.com\/wp-content\/uploads\/2024\/03\/Confindustria-Ungheria.jpeg 675w, https:\/\/contentf5.dailynewshungary.com\/wp-content\/uploads\/2024\/03\/Confindustria-Ungheria-167x222.jpeg 167w, https:\/\/contentf5.dailynewshungary.com\/wp-content\/uploads\/2024\/03\/Confindustria-Ungheria-56x75.jpeg 56w, https:\/\/contentf5.dailynewshungary.com\/wp-content\/uploads\/2024\/03\/Confindustria-Ungheria-480x640.jpeg 480w\" sizes=\"auto, (max-width: 150px) 100vw, 150px\"><\/a>\n\t\t\t<\/div><figcaption class=\"wp-caption-text gallery-caption\" id=\"gallery-3-589501\">\n\t\t\t\tConfindutria Europa dell&#8217;Est tiene una conferenza stampa a Budapest, Ungheria Foto: Confindustria<br \/>\n\t\t\t\t<\/figcaption><\/figure>\n<figure class=\"gallery-item\">\n<div class=\"gallery-icon landscape\">\n\t\t\t\t<a href=\"https:\/\/dailynewshungary.com\/italian-industrialists-confindustria-sees-great-potential-in-hungary\/confindustria-ungheria-3\/\"><img loading=\"lazy\" decoding=\"async\" width=\"267\" height=\"200\" src=\"https:\/\/contentf5.dailynewshungary.com\/wp-content\/uploads\/2024\/03\/Confindustria-Ungheria-3.jpeg\" class=\"attachment-thumbnail size-thumbnail\" alt=\"Confindustria Ungheria\" aria-describedby=\"gallery-3-589498\" srcset=\"https:\/\/contentf5.dailynewshungary.com\/wp-content\/uploads\/2024\/03\/Confindustria-Ungheria-3.jpeg 1200w, https:\/\/contentf5.dailynewshungary.com\/wp-content\/uploads\/2024\/03\/Confindustria-Ungheria-3-768x576.jpeg 768w, https:\/\/contentf5.dailynewshungary.com\/wp-content\/uploads\/2024\/03\/Confindustria-Ungheria-3-296x222.jpeg 296w, https:\/\/contentf5.dailynewshungary.com\/wp-content\/uploads\/2024\/03\/Confindustria-Ungheria-3-1030x773.jpeg 1030w, https:\/\/contentf5.dailynewshungary.com\/wp-content\/uploads\/2024\/03\/Confindustria-Ungheria-3-100x75.jpeg 100w, https:\/\/contentf5.dailynewshungary.com\/wp-content\/uploads\/2024\/03\/Confindustria-Ungheria-3-960x720.jpeg 960w, https:\/\/contentf5.dailynewshungary.com\/wp-content\/uploads\/2024\/03\/Confindustria-Ungheria-3-480x360.jpeg 480w\" sizes=\"auto, (max-width: 267px) 100vw, 267px\"><\/a>\n\t\t\t<\/div><figcaption class=\"wp-caption-text gallery-caption\" id=\"gallery-3-589498\">\n\t\t\t\tConfindutria Europa dell&#8217;Est tiene una conferenza stampa a Budapest, Ungheria Foto: Confindustria<br \/>\n\t\t\t\t<\/figcaption><\/figure>\n<\/p><\/div>\n<h2>Confidustria Ungheria\/Ungheria<\/h2>\n<p>All&#8217;inizio della conferenza stampa, il Presidente di Confidustria Ungheria, Roberto Massucco, ha dato il benvenuto ai partecipanti e ha affermato che, oltre alla rappresentanza che hanno fatto al Governo ungherese, forniscono molto aiuto alle imprese italiane interessate ad insediarsi nel Paese e organizzano eventi per rafforzare la cooperazione imprenditoriale italo-ungherese. Ha aggiunto che organizzano anche seminari di formazione e informazione per i propri soci e cercano di aiutare il settore delle PMI, prevalentemente italiano, attraverso la comunicazione congiunta.<\/p>\n<blockquote>\n<p>Massucco ha sottolineato che l&#8217;Ungheria potrebbe essere un&#8217;importante destinazione di investimento per <a href=\"https:\/\/dailynewshungary.com\/tag\/italy\/\">Italia<\/a>, data la buona posizione del Paese, il basso regime fiscale offerto dal Governo alle imprese e l&#8217;economia prevedibile e stabile.<\/p>\n<\/blockquote>\n<p>\u00c8 fiducioso che presto potrebbero essere annunciati investimenti italiani pi\u00f9 grandi, il che aiuterebbe anche a sviluppare la rappresentanza qui.<\/p>\n<div id=\"gallery-4\" class=\"gallery galleryid-589495 gallery-columns-3 gallery-size-thumbnail\">\n<figure class=\"gallery-item\">\n<div class=\"gallery-icon portrait\">\n\t\t\t\t<a href=\"https:\/\/dailynewshungary.com\/italian-industrialists-confindustria-sees-great-potential-in-hungary\/confindustria-ungheria\/\"><img loading=\"lazy\" decoding=\"async\" width=\"150\" height=\"200\" src=\"https:\/\/contentf5.dailynewshungary.com\/wp-content\/uploads\/2024\/03\/Confindustria-Ungheria.jpeg\" class=\"attachment-thumbnail size-thumbnail\" alt=\"Confindustria Ungheria\" aria-describedby=\"gallery-4-589501\" srcset=\"https:\/\/contentf5.dailynewshungary.com\/wp-content\/uploads\/2024\/03\/Confindustria-Ungheria.jpeg 675w, https:\/\/contentf5.dailynewshungary.com\/wp-content\/uploads\/2024\/03\/Confindustria-Ungheria-167x222.jpeg 167w, https:\/\/contentf5.dailynewshungary.com\/wp-content\/uploads\/2024\/03\/Confindustria-Ungheria-56x75.jpeg 56w, https:\/\/contentf5.dailynewshungary.com\/wp-content\/uploads\/2024\/03\/Confindustria-Ungheria-480x640.jpeg 480w\" sizes=\"auto, (max-width: 150px) 100vw, 150px\"><\/a>\n\t\t\t<\/div><figcaption class=\"wp-caption-text gallery-caption\" id=\"gallery-4-589501\">\n\t\t\t\tConfindutria Europa dell&#8217;Est tiene una conferenza stampa a Budapest, Ungheria Foto: Confindustria<br \/>\n\t\t\t\t<\/figcaption><\/figure>\n<figure class=\"gallery-item\">\n<div class=\"gallery-icon landscape\">\n\t\t\t\t<a href=\"https:\/\/dailynewshungary.com\/italian-industrialists-confindustria-sees-great-potential-in-hungary\/confindustria-ungheria-2\/\"><img loading=\"lazy\" decoding=\"async\" width=\"266\" height=\"200\" src=\"https:\/\/contentf5.dailynewshungary.com\/wp-content\/uploads\/2024\/03\/Confindustria-Ungheria-2.jpeg\" class=\"attachment-thumbnail size-thumbnail\" alt=\"Confindutria Europa dell'Est tiene una conferenza stampa a Budapest, Ungheria Foto: Confindustria\" aria-describedby=\"gallery-4-589497\" srcset=\"https:\/\/contentf5.dailynewshungary.com\/wp-content\/uploads\/2024\/03\/Confindustria-Ungheria-2.jpeg 1199w, https:\/\/contentf5.dailynewshungary.com\/wp-content\/uploads\/2024\/03\/Confindustria-Ungheria-2-768x576.jpeg 768w, https:\/\/contentf5.dailynewshungary.com\/wp-content\/uploads\/2024\/03\/Confindustria-Ungheria-2-296x222.jpeg 296w, https:\/\/contentf5.dailynewshungary.com\/wp-content\/uploads\/2024\/03\/Confindustria-Ungheria-2-1030x773.jpeg 1030w, https:\/\/contentf5.dailynewshungary.com\/wp-content\/uploads\/2024\/03\/Confindustria-Ungheria-2-100x75.jpeg 100w, https:\/\/contentf5.dailynewshungary.com\/wp-content\/uploads\/2024\/03\/Confindustria-Ungheria-2-960x720.jpeg 960w, https:\/\/contentf5.dailynewshungary.com\/wp-content\/uploads\/2024\/03\/Confindustria-Ungheria-2-480x360.jpeg 480w\" sizes=\"auto, (max-width: 266px) 100vw, 266px\"><\/a>\n\t\t\t<\/div><figcaption class=\"wp-caption-text gallery-caption\" id=\"gallery-4-589497\">\n\t\t\t\tConfindutria Europa dell&#8217;Est tiene una conferenza stampa a Budapest, Ungheria Foto: Confindustria<br \/>\n\t\t\t\t<\/figcaption><\/figure>\n<figure class=\"gallery-item\">\n<div class=\"gallery-icon landscape\">\n\t\t\t\t<a href=\"https:\/\/dailynewshungary.com\/italian-industrialists-confindustria-sees-great-potential-in-hungary\/confindustria-ungheria-3\/\"><img loading=\"lazy\" decoding=\"async\" width=\"267\" height=\"200\" src=\"https:\/\/contentf5.dailynewshungary.com\/wp-content\/uploads\/2024\/03\/Confindustria-Ungheria-3.jpeg\" class=\"attachment-thumbnail size-thumbnail\" alt=\"Confindustria Ungheria\" aria-describedby=\"gallery-4-589498\" srcset=\"https:\/\/contentf5.dailynewshungary.com\/wp-content\/uploads\/2024\/03\/Confindustria-Ungheria-3.jpeg 1200w, https:\/\/contentf5.dailynewshungary.com\/wp-content\/uploads\/2024\/03\/Confindustria-Ungheria-3-768x576.jpeg 768w, https:\/\/contentf5.dailynewshungary.com\/wp-content\/uploads\/2024\/03\/Confindustria-Ungheria-3-296x222.jpeg 296w, https:\/\/contentf5.dailynewshungary.com\/wp-content\/uploads\/2024\/03\/Confindustria-Ungheria-3-1030x773.jpeg 1030w, https:\/\/contentf5.dailynewshungary.com\/wp-content\/uploads\/2024\/03\/Confindustria-Ungheria-3-100x75.jpeg 100w, https:\/\/contentf5.dailynewshungary.com\/wp-content\/uploads\/2024\/03\/Confindustria-Ungheria-3-960x720.jpeg 960w, https:\/\/contentf5.dailynewshungary.com\/wp-content\/uploads\/2024\/03\/Confindustria-Ungheria-3-480x360.jpeg 480w\" sizes=\"auto, (max-width: 267px) 100vw, 267px\"><\/a>\n\t\t\t<\/div><figcaption class=\"wp-caption-text gallery-caption\" id=\"gallery-4-589498\">\n\t\t\t\tConfindutria Europa dell&#8217;Est tiene una conferenza stampa a Budapest, Ungheria Foto: Confindustria<br \/>\n\t\t\t\t<\/figcaption><\/figure>\n<\/p><\/div>\n<p>Il presidente Meroni ha anche sottolineato l&#8217;importanza dell&#8217;Ungheria nella regione, motivo per cui Budapest \u00e8 stata scelta come sede di quest&#8217;anno, ha detto<\/p>\n<blockquote>\n<p>si aspetta inoltre che la cooperazione con VOSZ dia loro una voce pi\u00f9 forte nei negoziati con il governo e che siano in grado di negoziare condizioni pi\u00f9 favorevoli. Ha sottolineato che i prezzi dell&#8217;energia ungherese stanno attualmente colpendo molto duramente l&#8217;industria e sperano che il governo prenda decisioni positive al riguardo.<\/p>\n<\/blockquote>\n<p>Alla conferenza stampa \u00e8 seguito un confronto informale con altri rappresentanti delle imprese italiane, diplomatici e diversi membri di Confindustria Ungheria.<\/p>\n<ul>\n<li>Leggi anche: <a href=\"https:\/\/dailynewshungary.com\/pilgrimage-announced-in-hungary-on-anniversary-of-papal-visit\/\">Pellegrinaggio annunciato in Ungheria in occasione dell&#8217;anniversario della visita papale<\/a><\/li>\n<\/ul>\n","protected":false},"excerpt":{"rendered":"<p>Il 7 marzo, i leader della regione Europa orientale di Confindustria si sono incontrati presso la sede di UniCredit a Budapest, In conferenza stampa, hanno discusso della loro cooperazione con VOSZ, degli obiettivi, delle opportunit\u00e0 in Ungheria, e del futuro. Confindustria Confindustria \u00e8 la pi\u00f9 importante associazione che rappresenta le aziende manifatturiere e di servizi [&hellip;]<\/p>\n","protected":false},"author":2,"featured_media":661164,"comment_status":"open","ping_status":"open","sticky":false,"template":"","format":"standard","meta":{"_display_image":"","footnotes":""},"categories":[1314],"tags":[1260,1267,1069],"class_list":["post-661163","post","type-post","status-publish","format-standard","has-post-thumbnail","hentry","category-economia-in-ungheria","tag-investimenti","tag-italia","tag-ungheria"],"blocksy_meta":[],"author_username":"alk","telegram_post":"","public_post_metadata":{"breaking_news":"","important":"","csempe":"","center_tile":"","disable_thumbnail":"","target_lang":"","_featured_image_style":"","telegram_post":"","_xlat_group_id":""},"public_rank_math_data":{"title":"%titolo% %sep% %nomesito%","description":"L'Italia \u00e8 un importante partner economico per l'Ungheria e Confindustria Ungheria vuole attrarre pi\u00f9 investitori sul mercato ungherese: ","focus_keyword":"confindustria","canonical_url":"","robots":"","primary_category":"1314","breadcrumb_title":"","facebook_title":"","facebook_description":"","facebook_image":"","facebook_image_id":"","twitter_title":"","twitter_description":"","twitter_image":"","twitter_image_id":"","twitter_card_type":"","twitter_use_facebook":"","advanced_robots":"","pillar_content":"","seo_score":"81","contentai_score":"","rich_snippet":""},"_links":{"self":[{"href":"https:\/\/dailynewshungary.com\/it\/wp-json\/wp\/v2\/posts\/661163","targetHints":{"allow":["GET"]}}],"collection":[{"href":"https:\/\/dailynewshungary.com\/it\/wp-json\/wp\/v2\/posts"}],"about":[{"href":"https:\/\/dailynewshungary.com\/it\/wp-json\/wp\/v2\/types\/post"}],"author":[{"embeddable":true,"href":"https:\/\/dailynewshungary.com\/it\/wp-json\/wp\/v2\/users\/2"}],"replies":[{"embeddable":true,"href":"https:\/\/dailynewshungary.com\/it\/wp-json\/wp\/v2\/comments?post=661163"}],"version-history":[{"count":0,"href":"https:\/\/dailynewshungary.com\/it\/wp-json\/wp\/v2\/posts\/661163\/revisions"}],"wp:featuredmedia":[{"embeddable":true,"href":"https:\/\/dailynewshungary.com\/it\/wp-json\/wp\/v2\/media\/661164"}],"wp:attachment":[{"href":"https:\/\/dailynewshungary.com\/it\/wp-json\/wp\/v2\/media?parent=661163"}],"wp:term":[{"taxonomy":"category","embeddable":true,"href":"https:\/\/dailynewshungary.com\/it\/wp-json\/wp\/v2\/categories?post=661163"},{"taxonomy":"post_tag","embeddable":true,"href":"https:\/\/dailynewshungary.com\/it\/wp-json\/wp\/v2\/tags?post=661163"}],"curies":[{"name":"wp","href":"https:\/\/api.w.org\/{rel}","templated":true}]}}