{"id":661405,"date":"2024-03-03T10:34:17","date_gmt":"2024-03-03T09:34:17","guid":{"rendered":"https:\/\/dailynewshungary.com\/it\/il-primo-ministro-orban-ha-incontrato-il-suo-alleato-nei-balcani\/"},"modified":"2024-03-03T10:34:17","modified_gmt":"2024-03-03T09:34:17","slug":"il-primo-ministro-orban-ha-incontrato-il-suo-alleato-nei-balcani","status":"publish","type":"post","link":"https:\/\/dailynewshungary.com\/it\/il-primo-ministro-orban-ha-incontrato-il-suo-alleato-nei-balcani\/","title":{"rendered":"Il primo ministro Orb\u00e1n ha incontrato il suo alleato nei Balcani"},"content":{"rendered":"<p><strong>Sabato il primo ministro Viktor Orb\u00e1n si \u00e8 recato a Belgrado per colloqui con il presidente Aleksandar Vucic, ha detto il capo della stampa di Orb\u00e1n.<\/strong><\/p>\n<p>Discuteranno della guerra in Ucraina, dell&#8217;integrazione europea dei Balcani occidentali e della sovranit\u00e0 nazionale, ha detto Bertalan Havasi.<\/p>\n<h2 class=\"titleNews\"><span id=\"ctl00_ContentPlaceHolder1_ctrlNewsControl_lbNewsTitle\">Orb\u00e1n incontra il presidente del Congo ad Antalya<\/span><\/h2>\n<div>\n<p>Sabato il primo ministro Viktor Orb\u00e1n ha avuto un colloquio con Felix Antoine Tshisekedi, presidente del Congo, ad Antalya, secondo le informazioni del capo della stampa del primo ministro.<\/p>\n<p>I colloqui si sono concentrati sull&#8217;ulteriore sviluppo dei legami bilaterali, per quanto riguarda la promozione degli investimenti ungheresi in Congo, ha affermato Bertalan Havasi.<\/p>\n<p>Durante i colloqui, Orb\u00e1n ha osservato che il programma Hungary Helps ha aiutato il Congo con un totale di 2,4 milioni di dollari in 14 progetti sanitari, educativi e assistenziali dal 2018.<\/p>\n<p><strong>Leggi anche:<\/strong><\/p>\n<ul>\n<li>L&#8217;unico figlio del Primo Ministro Orb\u00e1n, il Capitano Orb\u00e1n, presta servizio in un paese africano. Leggi di pi\u00f9 <a href=\"https:\/\/dailynewshungary.com\/it\/unico-figlio-del-primo-ministro-orban-il-capitano-orban-presta-servizio-in-un-paese-africano\/\"><strong>QUI<\/strong><\/a><\/li>\n<\/ul>\n<\/div>\n<div><\/div>\n","protected":false},"excerpt":{"rendered":"<p>Sabato il primo ministro Viktor Orb\u00e1n si \u00e8 recato a Belgrado per colloqui con il presidente Aleksandar Vucic, ha detto il capo della stampa di Orb\u00e1n. Discuteranno della guerra in Ucraina, dell&#8217;integrazione europea dei Balcani occidentali e della sovranit\u00e0 nazionale, ha detto Bertalan Havasi. Orb\u00e1n incontra il presidente del Congo ad Antalya Sabato il primo [&hellip;]<\/p>\n","protected":false},"author":50,"featured_media":661406,"comment_status":"open","ping_status":"open","sticky":false,"template":"","format":"standard","meta":{"_display_image":"yes","footnotes":""},"categories":[1190],"tags":[1338,1131,1317,1083],"class_list":["post-661405","post","type-post","status-publish","format-standard","has-post-thumbnail","hentry","category-notizie-flash","tag-africa","tag-balcani","tag-serbia","tag-viktor-orban"],"blocksy_meta":[],"author_username":"dnh","telegram_post":"","public_post_metadata":{"breaking_news":"","important":"","csempe":"","center_tile":"","disable_thumbnail":"","target_lang":"","_featured_image_style":"hidden","telegram_post":"","_xlat_group_id":""},"public_rank_math_data":{"title":"%titolo% %sep% %nomesito%","description":"Sabato il primo ministro Viktor Orb\u00e1n si \u00e8 recato a Belgrado per colloqui con il presidente Aleksandar Vucic, ha detto il capo della stampa di Orb\u00e1n.","focus_keyword":"Orb\u00e1n","canonical_url":"","robots":"","primary_category":"1190","breadcrumb_title":"","facebook_title":"","facebook_description":"","facebook_image":"","facebook_image_id":"","twitter_title":"","twitter_description":"","twitter_image":"","twitter_image_id":"","twitter_card_type":"","twitter_use_facebook":"","advanced_robots":"","pillar_content":"","seo_score":"68","contentai_score":"","rich_snippet":""},"_links":{"self":[{"href":"https:\/\/dailynewshungary.com\/it\/wp-json\/wp\/v2\/posts\/661405","targetHints":{"allow":["GET"]}}],"collection":[{"href":"https:\/\/dailynewshungary.com\/it\/wp-json\/wp\/v2\/posts"}],"about":[{"href":"https:\/\/dailynewshungary.com\/it\/wp-json\/wp\/v2\/types\/post"}],"author":[{"embeddable":true,"href":"https:\/\/dailynewshungary.com\/it\/wp-json\/wp\/v2\/users\/50"}],"replies":[{"embeddable":true,"href":"https:\/\/dailynewshungary.com\/it\/wp-json\/wp\/v2\/comments?post=661405"}],"version-history":[{"count":0,"href":"https:\/\/dailynewshungary.com\/it\/wp-json\/wp\/v2\/posts\/661405\/revisions"}],"wp:featuredmedia":[{"embeddable":true,"href":"https:\/\/dailynewshungary.com\/it\/wp-json\/wp\/v2\/media\/661406"}],"wp:attachment":[{"href":"https:\/\/dailynewshungary.com\/it\/wp-json\/wp\/v2\/media?parent=661405"}],"wp:term":[{"taxonomy":"category","embeddable":true,"href":"https:\/\/dailynewshungary.com\/it\/wp-json\/wp\/v2\/categories?post=661405"},{"taxonomy":"post_tag","embeddable":true,"href":"https:\/\/dailynewshungary.com\/it\/wp-json\/wp\/v2\/tags?post=661405"}],"curies":[{"name":"wp","href":"https:\/\/api.w.org\/{rel}","templated":true}]}}