{"id":661629,"date":"2024-02-25T21:04:54","date_gmt":"2024-02-25T20:04:54","guid":{"rendered":"https:\/\/dailynewshungary.com\/it\/oggi-e-il-giorno-della-memoria-delle-vittime-del-comunismo-in-ungheria\/"},"modified":"2024-02-25T21:04:54","modified_gmt":"2024-02-25T20:04:54","slug":"oggi-e-il-giorno-della-memoria-delle-vittime-del-comunismo-in-ungheria","status":"publish","type":"post","link":"https:\/\/dailynewshungary.com\/it\/oggi-e-il-giorno-della-memoria-delle-vittime-del-comunismo-in-ungheria\/","title":{"rendered":"Oggi \u00e8 il giorno della memoria delle vittime del comunismo in Ungheria"},"content":{"rendered":"<p><strong>Domenica i funzionari hanno commemorato la giornata commemorativa delle vittime del comunismo.<\/strong><\/p>\n<p>Intervenendo a una cerimonia presso il Museo della Casa del Terrore a Budapest, il segretario di stato del ministero degli Interni Bence Retvari ha affermato che la violenza \u00e8 un aspetto fondamentale del comunismo e \u201cla sinistra guarda sempre dall&#8217;altra parte quando si tratta di violenza\u201d.<\/p>\n<p>\u201cLa nebbia rossa \u00e8 scesa per la prima volta sul nostro paese nel 1919,\u201d mietendo pi\u00f9 di 500 vittime, secondo alcune fonti, ha detto.<\/p>\n<p>Durante la seconda dittatura comunista, 700.000-800.000 persone furono portate nei campi Gulag, di cui 300.000 non tornarono mai pi\u00f9, ha detto Retvari. Sono stati avviati un milione di procedimenti penali, con principalmente membri dei contadini e della classe operaia processati, ha aggiunto, rendendo omaggio alle 1.200 persone giustiziate e alle 200.000 fuggite dal paese nel 1956.<\/p>\n<p>La violenza \u00e8 un aspetto fondamentale del comunismo, ha detto, sottolineando che un anno fa gruppi di estrema sinistra Antifa avevano aggredito i passanti per le strade di Budapest. \u201cGli estremisti pensano di poter ricorrere alla violenza per sconvolgere l&#8217;ordine sociale, ha detto il segretario di Stato.<\/p>\n<figure id=\"attachment_587772\" aria-describedby=\"caption-attachment-587772\" style=\"width: 1024px\" class=\"wp-caption aligncenter\"><img loading=\"lazy\" decoding=\"async\" class=\"size-full wp-image-587772\" src=\"https:\/\/contentf5.dailynewshungary.com\/wp-content\/uploads\/2024\/02\/Some-of-the-victims.jpg\" alt=\"Alcune delle vittime\" width=\"1024\" height=\"683\" srcset=\"https:\/\/contentf5.dailynewshungary.com\/wp-content\/uploads\/2024\/02\/Some-of-the-victims.jpg 1024w, https:\/\/contentf5.dailynewshungary.com\/wp-content\/uploads\/2024\/02\/Some-of-the-victims-768x512.jpg 768w, https:\/\/contentf5.dailynewshungary.com\/wp-content\/uploads\/2024\/02\/Some-of-the-victims-333x222.jpg 333w, https:\/\/contentf5.dailynewshungary.com\/wp-content\/uploads\/2024\/02\/Some-of-the-victims-248x165.jpg 248w, https:\/\/contentf5.dailynewshungary.com\/wp-content\/uploads\/2024\/02\/Some-of-the-victims-112x75.jpg 112w, https:\/\/contentf5.dailynewshungary.com\/wp-content\/uploads\/2024\/02\/Some-of-the-victims-480x320.jpg 480w\" sizes=\"auto, (max-width: 1024px) 100vw, 1024px\"><figcaption id=\"caption-attachment-587772\" class=\"wp-caption-text\">Alcune foto delle vittime nella Casa del Terrore a Budapest Foto: MTI<\/figcaption><\/figure>\n<p>Ha detto che se i comunisti non sono riusciti a prendere il potere, \u201c cercano di fare una deviazione, prima prendendo il potere ideologico\u201d Le vittime del comunismo devono essere ricordate in modo che la storia \u201c diventi radicata nel nostro DNA dell&#8217;Europa centrale, e per avvertire gli europei occidentali che le idee di estrema sinistra devono essere respinte\u201d, ha aggiunto.<\/p>\n<p>Retvari ha detto che alcuni politici tendono a guardare dall&#8217;altra parte della\u201d quando si tratta di attacchi Antifa o quando altri politici usano la violenza.<\/p>\n<p>I moderati rifiutano la violenza, e coloro che la difendono sono sempre forze politiche estremiste, ha detto.<\/p>\n<p>Maria Schmidt, direttrice del Museo della Casa del Terrore, ha detto che coloro che sono nati durante la caduta del comunismo nel 1989-90 e ora sono genitori stessi hanno il dovere di trasmettere ai propri figli la conoscenza di come vivevano i loro nonni e bisnonni.<\/p>\n<p>Ha detto che questo non \u00e8 stato facile, perch\u00e9 alcuni avevano ancora interesse a impedire ai bambini di apprendere la verit\u00e0 sulle dittature comuniste. Il giorno della memoria \u00e8 necessario per continuare a ripetere la verit\u00e0 sulla tragedia della dittatura comunista, ha aggiunto.<\/p>\n<p>R\u00e9ka F\u00f6ldv\u00e1ry Kiss, capo del Comitato nazionale per la memoria, ha affermato che la giornata commemorativa non riguardava solo la tragedia personale del politico indipendente B\u00e9la Kov\u00e1cs, arrestato e deportato nell&#8217;Unione Sovietica nel 1947, ma anche il confronto con il fatto che se i comunisti prendono il potere, allora chiunque pu\u00f2 finire per esserne una vittima.<\/p>\n<p>F\u00f6ldv\u00e1ry Kiss, J\u00e1nos Latorcai, vicepresidente del parlamento, L\u00e1szl\u00f3 G\u00e9za S\u00f6mj\u00e9ni, capo della Freedom Fighters Foundation, e Csongor Cs\u00e1ky, capo dell&#8217;Associazione R\u00e1k\u00f3czi, hanno deposto una corona di fiori presso il Monumento dei Martiri Nazionali.<\/p>\n<p>In base a un decreto parlamentare, il 25 febbraio \u00e8 stato osservato come giorno commemorativo dei martiri del comunismo dal 2000 In questo giorno del 1947, il leader del Partito Indipendente dei Piccoli Proprietari B\u00e9la Kov\u00e1cs \u00e8 stato illegalmente detenuto e deportato in Unione Sovietica.<\/p>\n<p><strong>Leggi anche:<\/strong><\/p>\n<ul>\n<li>Orb\u00e1 non consente la divulgazione degli ex agenti dello stato comunista ungherese. Leggi di pi\u00f9 <a href=\"https:\/\/dailynewshungary.com\/it\/orban-non-consente-la-divulgazione-degli-ex-agenti-dello-stato-comunista-ungherese-2\/\"><strong>QUI<\/strong><\/a><\/li>\n<li>Media russi: rivoluzione del 1956 organizzata dalle potenze occidentali in Ungheria Dettagli in <a href=\"https:\/\/dailynewshungary.com\/it\/media-russi-rivoluzione-ungherese-del-1956-organizzata-dalle-potenze-occidentali-2\/\"><strong>QUESTO<\/strong> <\/a>articolo<\/li>\n<\/ul>\n","protected":false},"excerpt":{"rendered":"<p>Domenica i funzionari hanno commemorato la giornata commemorativa delle vittime del comunismo. Intervenendo a una cerimonia presso il Museo della Casa del Terrore a Budapest, il segretario di stato del ministero degli Interni Bence Retvari ha affermato che la violenza \u00e8 un aspetto fondamentale del comunismo e \u201cla sinistra guarda sempre dall&#8217;altra parte quando si [&hellip;]<\/p>\n","protected":false},"author":50,"featured_media":661630,"comment_status":"open","ping_status":"open","sticky":false,"template":"","format":"standard","meta":{"_display_image":"","footnotes":""},"categories":[1185],"tags":[1327,1773,1244],"class_list":["post-661629","post","type-post","status-publish","format-standard","has-post-thumbnail","hentry","category-politica-in-ungheria","tag-commemorazione","tag-comunismo","tag-storia-ungherese"],"blocksy_meta":[],"author_username":"dnh","telegram_post":"","public_post_metadata":{"breaking_news":"","important":"","csempe":"","center_tile":"","disable_thumbnail":"","target_lang":"","_featured_image_style":"","telegram_post":"","_xlat_group_id":""},"public_rank_math_data":{"title":"%titolo% %sep% %nomesito%","description":"Domenica i funzionari hanno commemorato la giornata commemorativa per le vittime del comunismo Ecco cosa hanno detto sul comunismo","focus_keyword":"comunismo","canonical_url":"","robots":"","primary_category":"1185","breadcrumb_title":"","facebook_title":"","facebook_description":"","facebook_image":"","facebook_image_id":"","twitter_title":"","twitter_description":"","twitter_image":"","twitter_image_id":"","twitter_card_type":"","twitter_use_facebook":"","advanced_robots":"","pillar_content":"","seo_score":"65","contentai_score":"","rich_snippet":""},"_links":{"self":[{"href":"https:\/\/dailynewshungary.com\/it\/wp-json\/wp\/v2\/posts\/661629","targetHints":{"allow":["GET"]}}],"collection":[{"href":"https:\/\/dailynewshungary.com\/it\/wp-json\/wp\/v2\/posts"}],"about":[{"href":"https:\/\/dailynewshungary.com\/it\/wp-json\/wp\/v2\/types\/post"}],"author":[{"embeddable":true,"href":"https:\/\/dailynewshungary.com\/it\/wp-json\/wp\/v2\/users\/50"}],"replies":[{"embeddable":true,"href":"https:\/\/dailynewshungary.com\/it\/wp-json\/wp\/v2\/comments?post=661629"}],"version-history":[{"count":0,"href":"https:\/\/dailynewshungary.com\/it\/wp-json\/wp\/v2\/posts\/661629\/revisions"}],"wp:featuredmedia":[{"embeddable":true,"href":"https:\/\/dailynewshungary.com\/it\/wp-json\/wp\/v2\/media\/661630"}],"wp:attachment":[{"href":"https:\/\/dailynewshungary.com\/it\/wp-json\/wp\/v2\/media?parent=661629"}],"wp:term":[{"taxonomy":"category","embeddable":true,"href":"https:\/\/dailynewshungary.com\/it\/wp-json\/wp\/v2\/categories?post=661629"},{"taxonomy":"post_tag","embeddable":true,"href":"https:\/\/dailynewshungary.com\/it\/wp-json\/wp\/v2\/tags?post=661629"}],"curies":[{"name":"wp","href":"https:\/\/api.w.org\/{rel}","templated":true}]}}