{"id":662915,"date":"2024-01-21T13:34:53","date_gmt":"2024-01-21T12:34:53","guid":{"rendered":"https:\/\/dailynewshungary.com\/it\/il-ministro-delle-finanze-ungherese-ha-criticato-la-leadership-di-budapest-per-non-aver-pagato-le-tasse\/"},"modified":"2024-01-21T13:34:53","modified_gmt":"2024-01-21T12:34:53","slug":"il-ministro-delle-finanze-ungherese-ha-criticato-la-leadership-di-budapest-per-non-aver-pagato-le-tasse","status":"publish","type":"post","link":"https:\/\/dailynewshungary.com\/it\/il-ministro-delle-finanze-ungherese-ha-criticato-la-leadership-di-budapest-per-non-aver-pagato-le-tasse\/","title":{"rendered":"Il ministro delle finanze ungherese ha criticato la leadership di Budapest per non aver pagato le tasse"},"content":{"rendered":"<p><strong>Il ministro delle Finanze Mih\u00e1ly Varga, in un&#8217;intervista all&#8217;edizione online del quotidiano economico Vil\u00e1ggazdas\u00e1g, ha affermato che \u00e8 una tratta di una tratta di un&#8217;idea senza precedenti che mentre i residenti e le imprese di Budapest adempiono ai loro obblighi fiscali, il sindaco della citt\u00e0 li ignora.<\/strong><\/p>\n<p>Il contributo di solidariet\u00e0 \u00e8 pagato da 724 citt\u00e0, tra cui Budapest, la citt\u00e0 pi\u00f9 ricca dell&#8217;Ungheria, ha detto Varga nell&#8217;intervista pubblicata sabato, aggiungendo che la tassa era destinata ad aiutare le 1.800 localit\u00e0 che hanno una capacit\u00e0 fiscale pi\u00f9 modesta.<\/p>\n<p>Il ministro ha preso atto di una sentenza della K\u00faria, la corte suprema dell&#8217;Ungheria, che dichiara che Budapest non pu\u00f2 essere nemmeno parzialmente esentata dal suo obbligo di pagare le tasse Varga ha detto che se il consiglio comunale di Budapest non ha adempiuto ai suoi obblighi, il governo \u201c seguir\u00e0 le disposizioni legali date lungo le chiare decisioni prese dalla magistratura\u201d.<\/p>\n<p>Per quanto riguarda l&#8217;inflazione, <a href=\"https:\/\/www.facebook.com\/VargaMihalyKepviselo\" target=\"_blank\" rel=\"noopener\"><strong>Varga<\/strong> <\/a>ha affermato che il governo stima un tasso di inflazione medio annuo del 5,2% per il 2024. Ha affermato che tale tasso comporta ancora rischi, quindi \u00e8 fondamentale tenere a bada l\u2019inflazione e lottare per una crescita economica sostenibile.<\/p>\n<p>Il ministro ha detto che si aspetta di vedere una sostanziale crescita dei salari reali quest&#8217;anno insieme a un calo dei tassi di interesse, che porter\u00e0 ad un aumento delle vendite al dettaglio.<\/p>\n<p>Ha detto che le stime internazionali collocano l&#8217;Ungheria tra i paesi dell&#8217;UE in pi\u00f9 rapida crescita quest&#8217;anno, aggiungendo che il governo ha messo la crescita del PIL di quest&#8217;anno al 3,6%. Ha detto che considera un\u2019\u201d\u201crealistica il fatto che il governo paghi un altro premio pensionistico a novembre.<\/p>\n<p>Per quanto riguarda i fondi UE dell&#8217;Ungheria, ha detto che il paese ha ricevuto 520 miliardi di fiorini (1,4 miliardi di euro) di denaro UE entro il 17 gennaio e il governo sta ora lavorando per sbloccare i fondi rimanenti L&#8217;Ungheria lo scorso anno ha ricevuto 2.200 miliardi di fiorini di fondi UE e prevede di ricevere almeno 2.000 miliardi quest&#8217;anno, ha aggiunto.<\/p>\n<p>Nel frattempo, Varga ha affermato che le cifre del bilancio potrebbero essere mantenute, ma potrebbero essere modificate se si rendesse necessario nel corso dell&#8217;anno. Ha detto che il bilancio 2025 e le modifiche fiscali saranno approvati in primavera.<\/p>\n<p><strong>Leggi anche:<\/strong><\/p>\n<ul>\n<li>Il Parlamento europeo contesta legalmente i fondi UE versati all&#8217;Ungheria Leggi di pi\u00f9 <a href=\"https:\/\/dailynewshungary.com\/it\/parlamento-europeo-a-contestare-legalmente-i-fondi-ue-versati-allungheria\/\"><strong>QUI<\/strong><\/a><\/li>\n<li>Commissione europea <a href=\"https:\/\/dailynewshungary.com\/it\/la-commissione-europea-tratterra-20-miliardi-di-euro-finche-lungheria-non-soddisfera-tutti-i-requisiti\/\"><strong>trattenere<\/strong><\/a> 20 miliardi di euro finch\u00e9 l\u2019Ungheria non soddisfer\u00e0 tutti i requisiti<\/li>\n<\/ul>\n","protected":false},"excerpt":{"rendered":"<p>Il ministro delle Finanze Mih\u00e1ly Varga, in un&#8217;intervista all&#8217;edizione online del quotidiano economico Vil\u00e1ggazdas\u00e1g, ha affermato che \u00e8 una tratta di una tratta di un&#8217;idea senza precedenti che mentre i residenti e le imprese di Budapest adempiono ai loro obblighi fiscali, il sindaco della citt\u00e0 li ignora. Il contributo di solidariet\u00e0 \u00e8 pagato da 724 [&hellip;]<\/p>\n","protected":false},"author":50,"featured_media":662916,"comment_status":"open","ping_status":"open","sticky":false,"template":"","format":"standard","meta":{"_display_image":"yes","footnotes":""},"categories":[1185],"tags":[1158,1079,1318],"class_list":["post-662915","post","type-post","status-publish","format-standard","has-post-thumbnail","hentry","category-politica-in-ungheria","tag-budapest","tag-governo-ungherese","tag-tasse"],"blocksy_meta":[],"author_username":"dnh","telegram_post":"","public_post_metadata":{"breaking_news":"","important":"","csempe":"","center_tile":"","disable_thumbnail":"","target_lang":"","_featured_image_style":"hidden","telegram_post":"","_xlat_group_id":""},"public_rank_math_data":{"title":"%titolo% %sep% %nomesito%","description":"\u00c8 stato \"senza precedenti\" che mentre i residenti e le imprese di Budapest adempiono ai loro obblighi fiscali, il sindaco della citt\u00e0 \"li ignora\", ha detto","focus_keyword":"Budapest","canonical_url":"","robots":"","primary_category":"1185","breadcrumb_title":"","facebook_title":"","facebook_description":"","facebook_image":"","facebook_image_id":"","twitter_title":"","twitter_description":"","twitter_image":"","twitter_image_id":"","twitter_card_type":"","twitter_use_facebook":"","advanced_robots":"","pillar_content":"","seo_score":"68","contentai_score":"","rich_snippet":""},"_links":{"self":[{"href":"https:\/\/dailynewshungary.com\/it\/wp-json\/wp\/v2\/posts\/662915","targetHints":{"allow":["GET"]}}],"collection":[{"href":"https:\/\/dailynewshungary.com\/it\/wp-json\/wp\/v2\/posts"}],"about":[{"href":"https:\/\/dailynewshungary.com\/it\/wp-json\/wp\/v2\/types\/post"}],"author":[{"embeddable":true,"href":"https:\/\/dailynewshungary.com\/it\/wp-json\/wp\/v2\/users\/50"}],"replies":[{"embeddable":true,"href":"https:\/\/dailynewshungary.com\/it\/wp-json\/wp\/v2\/comments?post=662915"}],"version-history":[{"count":0,"href":"https:\/\/dailynewshungary.com\/it\/wp-json\/wp\/v2\/posts\/662915\/revisions"}],"wp:featuredmedia":[{"embeddable":true,"href":"https:\/\/dailynewshungary.com\/it\/wp-json\/wp\/v2\/media\/662916"}],"wp:attachment":[{"href":"https:\/\/dailynewshungary.com\/it\/wp-json\/wp\/v2\/media?parent=662915"}],"wp:term":[{"taxonomy":"category","embeddable":true,"href":"https:\/\/dailynewshungary.com\/it\/wp-json\/wp\/v2\/categories?post=662915"},{"taxonomy":"post_tag","embeddable":true,"href":"https:\/\/dailynewshungary.com\/it\/wp-json\/wp\/v2\/tags?post=662915"}],"curies":[{"name":"wp","href":"https:\/\/api.w.org\/{rel}","templated":true}]}}