{"id":663415,"date":"2024-01-07T13:34:53","date_gmt":"2024-01-07T12:34:53","guid":{"rendered":"https:\/\/dailynewshungary.com\/it\/governo-ungherese-dietro-la-comunita-ungherese-in-transcarpazia\/"},"modified":"2024-01-07T13:34:53","modified_gmt":"2024-01-07T12:34:53","slug":"governo-ungherese-dietro-la-comunita-ungherese-in-transcarpazia","status":"publish","type":"post","link":"https:\/\/dailynewshungary.com\/it\/governo-ungherese-dietro-la-comunita-ungherese-in-transcarpazia\/","title":{"rendered":"Governo ungherese dietro la comunit\u00e0 ungherese in Transcarpazia"},"content":{"rendered":"<p><strong>Gli ungheresi sostengono la comunit\u00e0 ungherese in Transcarpazia, nell&#8217;Ucraina occidentale, ha detto sabato un funzionario governativo a S\u00e1toralja\u00fajhely, nel nord-est dell&#8217;Ungheria, dove ha accolto le famiglie in un campo organizzato dall&#8217;Associazione R\u00e1k\u00f3czi.<\/strong><\/p>\n<p>Enti governativi, comuni, gruppi di aiuto e chiese dentro e fuori l&#8217;Ungheria si sono uniti per aiutare gli ungheresi della Transcarpazia, ha detto Mikl\u00f3s Panyi, segretario di stato presso l&#8217;Ufficio del Primo Ministro per le politiche e gli affari strategici.<\/p>\n<p>Il governo fornisce sostegno educativo, sussidi salariali, finanziamenti alle chiese e alle organizzazioni civili, nonch\u00e9 sussidi per le attivit\u00e0 umanitarie dei gruppi umanitari, ha osservato.<\/p>\n<p>Ha promesso il continuo sostegno del governo <a href=\"https:\/\/dailynewshungary.com\/it\/la-grande-rapina-al-treno-britannico-come-una-banda-di-15-uomini-rubo-26-milioni-di-sterline-nel-1963\/\"><strong>Ungheresi Transcarpazi<\/strong> <\/a>su tutta la linea.<\/p>\n<p>Completamente 200 genitori e bambini sono arrivati al campo di S\u00e1toralja\u00fajhely dall&#8217;Ucraina occidentale per prendersi una pausa dai pesi quotidiani della guerra.<\/p>\n<p>L&#8217;Associazione R\u00e1k\u00f3czi sta pianificando quest&#8217;anno 100 programmi incentrati sulla giovent\u00f9 ungherese, ha detto venerd\u00ec ai media pubblici Csongor Cs\u00e1ky, capo dell&#8217;Associazione R\u00e1k\u00f3czi.<\/p>\n<p><strong>Leggi anche:<\/strong><\/p>\n<ul>\n<li>18+ VIDEO: attacco terroristico nella regione ucraina popolata da ungheresi + Dettagli <a href=\"https:\/\/dailynewshungary.com\/it\/18-18-attacco-terroristico-nella-regione-ucraina-popolata-da-ungheresi-video-aggiornato\/\"><strong>QUI<\/strong><\/a><\/li>\n<li>Ministro degli esteri ungherese <a href=\"https:\/\/dailynewshungary.com\/it\/ministro-degli-esteri-ungherese-incontra-controparte-ucraina\/\"><strong>incontra<\/strong> <\/a>Controparte Ucraina<\/li>\n<\/ul>\n<p><iframe loading=\"lazy\" style=\"border: none; overflow: hidden;\" src=\"https:\/\/www.facebook.com\/plugins\/post.php?href=https%3A%2F%2Fwww.facebook.com%2Frakocziszovetseg%2Fposts%2Fpfbid0gUDg6wbdRVvwEZtRizKAJi7Bspq6g8kjQEnsjZHZNe6hZ5o5nxtsNFMxGmHwAj32l&amp;show_text=true&amp;width=500\" width=\"500\" height=\"665\" frameborder=\"0\" scrolling=\"no\" allowfullscreen=\"allowfullscreen\"><\/iframe><\/p>\n","protected":false},"excerpt":{"rendered":"<p>Gli ungheresi sostengono la comunit\u00e0 ungherese in Transcarpazia, nell&#8217;Ucraina occidentale, ha detto sabato un funzionario governativo a S\u00e1toralja\u00fajhely, nel nord-est dell&#8217;Ungheria, dove ha accolto le famiglie in un campo organizzato dall&#8217;Associazione R\u00e1k\u00f3czi. Enti governativi, comuni, gruppi di aiuto e chiese dentro e fuori l&#8217;Ungheria si sono uniti per aiutare gli ungheresi della Transcarpazia, ha detto [&hellip;]<\/p>\n","protected":false},"author":50,"featured_media":663416,"comment_status":"open","ping_status":"open","sticky":false,"template":"","format":"standard","meta":{"_display_image":"yes","footnotes":""},"categories":[1185],"tags":[1079,1077,1332,1081],"class_list":["post-663415","post","type-post","status-publish","format-standard","has-post-thumbnail","hentry","category-politica-in-ungheria","tag-governo-ungherese","tag-guerra-in-ucraina","tag-transcarpazia","tag-ucraina"],"blocksy_meta":[],"author_username":"dnh","telegram_post":"","public_post_metadata":{"breaking_news":"","important":"","csempe":"","center_tile":"","disable_thumbnail":"","target_lang":"","_featured_image_style":"hidden","telegram_post":"","_xlat_group_id":""},"public_rank_math_data":{"title":"%titolo% %sep% %nomesito%","description":"Gli ungheresi sostengono la comunit\u00e0 ungherese in Transcarpazia, nell'Ucraina occidentale, ha detto un funzionario governativo","focus_keyword":"Transcarpazia","canonical_url":"","robots":"","primary_category":"1185","breadcrumb_title":"","facebook_title":"","facebook_description":"","facebook_image":"","facebook_image_id":"","twitter_title":"","twitter_description":"","twitter_image":"","twitter_image_id":"","twitter_card_type":"","twitter_use_facebook":"","advanced_robots":"","pillar_content":"","seo_score":"61","contentai_score":"","rich_snippet":""},"_links":{"self":[{"href":"https:\/\/dailynewshungary.com\/it\/wp-json\/wp\/v2\/posts\/663415","targetHints":{"allow":["GET"]}}],"collection":[{"href":"https:\/\/dailynewshungary.com\/it\/wp-json\/wp\/v2\/posts"}],"about":[{"href":"https:\/\/dailynewshungary.com\/it\/wp-json\/wp\/v2\/types\/post"}],"author":[{"embeddable":true,"href":"https:\/\/dailynewshungary.com\/it\/wp-json\/wp\/v2\/users\/50"}],"replies":[{"embeddable":true,"href":"https:\/\/dailynewshungary.com\/it\/wp-json\/wp\/v2\/comments?post=663415"}],"version-history":[{"count":0,"href":"https:\/\/dailynewshungary.com\/it\/wp-json\/wp\/v2\/posts\/663415\/revisions"}],"wp:featuredmedia":[{"embeddable":true,"href":"https:\/\/dailynewshungary.com\/it\/wp-json\/wp\/v2\/media\/663416"}],"wp:attachment":[{"href":"https:\/\/dailynewshungary.com\/it\/wp-json\/wp\/v2\/media?parent=663415"}],"wp:term":[{"taxonomy":"category","embeddable":true,"href":"https:\/\/dailynewshungary.com\/it\/wp-json\/wp\/v2\/categories?post=663415"},{"taxonomy":"post_tag","embeddable":true,"href":"https:\/\/dailynewshungary.com\/it\/wp-json\/wp\/v2\/tags?post=663415"}],"curies":[{"name":"wp","href":"https:\/\/api.w.org\/{rel}","templated":true}]}}