{"id":663951,"date":"2023-12-20T09:35:24","date_gmt":"2023-12-20T08:35:24","guid":{"rendered":"https:\/\/dailynewshungary.com\/it\/il-procuratore-capo-avvia-la-sospensione-dellimmunita-di-due-legislatori\/"},"modified":"2023-12-20T09:35:24","modified_gmt":"2023-12-20T08:35:24","slug":"il-procuratore-capo-avvia-la-sospensione-dellimmunita-di-due-legislatori","status":"publish","type":"post","link":"https:\/\/dailynewshungary.com\/it\/il-procuratore-capo-avvia-la-sospensione-dellimmunita-di-due-legislatori\/","title":{"rendered":"Il procuratore capo avvia la sospensione dell\u2019immunit\u00e0 di due legislatori"},"content":{"rendered":"<p style=\"text-align: left;\"><strong>Il procuratore capo P\u00e9ter Polt ha avviato la sospensione dell&#8217;immunit\u00e0 parlamentare di due legislatori in relazione a un caso legale che coinvolge un&#8217;organizzazione di beneficenza con sede a Budapest e l&#8217;autorit\u00e0 fiscale nazionale NAV, ha detto marted\u00ec l&#8217;ufficio di Polt.<\/strong><\/p>\n<p style=\"text-align: left;\">Il caso riguarda un&#8217;indagine penale in corso nell&#8217;ambito della quale gli agenti della NAV hanno condotto una perquisizione su sospetta frode di bilancio su larga scala presso la sede dell&#8217;ente di beneficenza a Budapest nell&#8217;ottavo distretto nel febbraio 2022. Gli agenti della NAV hanno informato il leader dell&#8217;ente di beneficenza che, ai sensi della legge sui procedimenti penali, oltre agli agenti e al notaio della NAV, solo lui e il suo rappresentante legale sono stati autorizzati a essere presenti sul posto durante la perquisizione, ha affermato la procura in un comunicato.<\/p>\n<p>Nel comunicato si legge che il leader dell&#8217;organizzazione benefica \u00e8 per\u00f2 entrato nei locali accompagnato da giornalisti e ha invitato i due legislatori presenti sul posto, Zita Gurmai dell&#8217;eurodeputata socialista e Momentum Anna Don\u00e1th \u201c, a impedire agli agenti della NAV di condurre la loro procedura legale\u201d. I due politici hanno interrotto la loro azione solo quando gli agenti di polizia sono arrivati sulla scena\u201d, si legge nel comunicato.<\/p>\n<p>Secondo la dichiarazione, Gurmai e Don\u00e1th sono sospettati del reato \u201cdi violenza di gruppo contro funzionari di un&#8217;autorit\u00e0\u201d.<\/p>\n<p>NAV ha annunciato il 21 febbraio dello scorso anno che avrebbe condotto una ricerca di documenti presso gli uffici dell&#8217;organizzazione benefica evangelica Oltalom in Danko Street.<\/p>\n<p>Oltalom aveva dichiarato sul suo sito web dodici mesi prima che a causa di difficolt\u00e0 finanziarie doveva a NAV 246 milioni di fiorini (629.000 EUR) in imposte sui salari non pagate che includevano una penalit\u00e0 di 90 milioni di HUF per ritardo Il suo leader ha poi affermato che il motivo per cui doveva i soldi NAV era perch\u00e9 lo stato si era rifiutato di pagare all&#8217;ente di beneficenza ci\u00f2 che avrebbe dovuto ricevere in base a una sentenza del 2017 della Corte europea dei diritti dell&#8217;uomo.<\/p>\n<p>Leggi anche:<\/p>\n<ul>\n<li><a href=\"https:\/\/dailynewshungary.com\/it\/rapporto-la-democrazia-ungherese-nel-caos\/\" target=\"_blank\" rel=\"noopener\">Rapporto: La democrazia ungherese nel caos<\/a><\/li>\n<\/ul>\n<div id=\"gtx-trans\" style=\"position: absolute; left: 37px; top: 376.236px;\">\n<div class=\"gtx-trans-icon\"><\/div>\n<\/div>\n","protected":false},"excerpt":{"rendered":"<p>Il procuratore capo P\u00e9ter Polt ha avviato la sospensione dell&#8217;immunit\u00e0 parlamentare di due legislatori in relazione a un caso legale che coinvolge un&#8217;organizzazione di beneficenza con sede a Budapest e l&#8217;autorit\u00e0 fiscale nazionale NAV, ha detto marted\u00ec l&#8217;ufficio di Polt. Il caso riguarda un&#8217;indagine penale in corso nell&#8217;ambito della quale gli agenti della NAV hanno [&hellip;]<\/p>\n","protected":false},"author":33,"featured_media":663952,"comment_status":"open","ping_status":"open","sticky":false,"template":"","format":"standard","meta":{"_display_image":"yes","footnotes":""},"categories":[1185],"tags":[1450,1651,1069],"class_list":["post-663951","post","type-post","status-publish","format-standard","has-post-thumbnail","hentry","category-politica-in-ungheria","tag-diritto","tag-organizzazione","tag-ungheria"],"blocksy_meta":[],"author_username":"ugyelet","telegram_post":"","public_post_metadata":{"breaking_news":"","important":"","csempe":"","center_tile":"","disable_thumbnail":"","target_lang":"","_featured_image_style":"hidden","telegram_post":"","_xlat_group_id":""},"public_rank_math_data":{"title":"%titolo% %sep% %nomesito%","description":"Il procuratore capo P\u00e9ter Polt ha avviato la sospensione dell'immunit\u00e0 parlamentare di due legislatori in relazione a un caso legale","focus_keyword":"procuratore","canonical_url":"","robots":"","primary_category":"1185","breadcrumb_title":"","facebook_title":"","facebook_description":"","facebook_image":"","facebook_image_id":"","twitter_title":"","twitter_description":"","twitter_image":"","twitter_image_id":"","twitter_card_type":"","twitter_use_facebook":"","advanced_robots":"","pillar_content":"","seo_score":"57","contentai_score":"","rich_snippet":""},"_links":{"self":[{"href":"https:\/\/dailynewshungary.com\/it\/wp-json\/wp\/v2\/posts\/663951","targetHints":{"allow":["GET"]}}],"collection":[{"href":"https:\/\/dailynewshungary.com\/it\/wp-json\/wp\/v2\/posts"}],"about":[{"href":"https:\/\/dailynewshungary.com\/it\/wp-json\/wp\/v2\/types\/post"}],"author":[{"embeddable":true,"href":"https:\/\/dailynewshungary.com\/it\/wp-json\/wp\/v2\/users\/33"}],"replies":[{"embeddable":true,"href":"https:\/\/dailynewshungary.com\/it\/wp-json\/wp\/v2\/comments?post=663951"}],"version-history":[{"count":0,"href":"https:\/\/dailynewshungary.com\/it\/wp-json\/wp\/v2\/posts\/663951\/revisions"}],"wp:featuredmedia":[{"embeddable":true,"href":"https:\/\/dailynewshungary.com\/it\/wp-json\/wp\/v2\/media\/663952"}],"wp:attachment":[{"href":"https:\/\/dailynewshungary.com\/it\/wp-json\/wp\/v2\/media?parent=663951"}],"wp:term":[{"taxonomy":"category","embeddable":true,"href":"https:\/\/dailynewshungary.com\/it\/wp-json\/wp\/v2\/categories?post=663951"},{"taxonomy":"post_tag","embeddable":true,"href":"https:\/\/dailynewshungary.com\/it\/wp-json\/wp\/v2\/tags?post=663951"}],"curies":[{"name":"wp","href":"https:\/\/api.w.org\/{rel}","templated":true}]}}