{"id":664539,"date":"2023-12-05T12:34:25","date_gmt":"2023-12-05T11:34:25","guid":{"rendered":"https:\/\/dailynewshungary.com\/it\/il-ministro-promette-una-regolamentazione-culturale-trasparente\/"},"modified":"2023-12-05T12:34:25","modified_gmt":"2023-12-05T11:34:25","slug":"il-ministro-promette-una-regolamentazione-culturale-trasparente","status":"publish","type":"post","link":"https:\/\/dailynewshungary.com\/it\/il-ministro-promette-una-regolamentazione-culturale-trasparente\/","title":{"rendered":"Il ministro promette una regolamentazione culturale trasparente"},"content":{"rendered":"<p><strong>La nuova legislazione sugli affari culturali, che il governo prevede di sottoporre al parlamento la prossima estate, mira a creare un quadro semplice, trasparente e unificato per tutte le discipline, ha detto luned\u00ec il ministro della Cultura.<\/strong><\/p>\n<p>Alla sua audizione annuale davanti alla commissione culturale del parlamento, J\u00e1nos Cs\u00e1k ha affermato che quando ha assunto la direzione del ministero nel 2022, due terzi dei finanziamenti sono andati a Budapest. Il ministero ha iniziato a cambiare quella \u201c a piccoli passi\u201d e prevede di continuare quel lavoro in collaborazione con rappresentanti di varie discipline, ha detto.<\/p>\n<p>\u201cConservo quello che ho detto l&#8217;anno scorso: non abolir\u00f2 le istituzioni educative o di qualsiasi altro tipo, ma le esaminer\u00f2 tutte, ha detto\u201d.<\/p>\n<p>Ha detto che grazie ad un rinnovamento del sistema statistico, il ministero dispone ora di dati esatti sul funzionamento delle istituzioni.<\/p>\n<p><strong>Leggi anche:<\/strong><\/p>\n<ul>\n<li>Vecchia cartolina di Budapest (nuova mostra) nuova mostra alla Galleria Nazionale (Leggi di pi\u00f9 foto) <a href=\"https:\/\/dailynewshungary.com\/it\/vecchie-foto-da-cartolina-di-budapest-nuova-mostra-alla-galleria-nazionale\/\"><strong>QUI<\/strong><\/a><\/li>\n<li>Premiata Liget Budapest <a href=\"https:\/\/dailynewshungary.com\/it\/il-pluripremiato-liget-budapest-e-stato-presentato-al-museo-di-etnografia\/\"><strong>impresenziato<\/strong> <\/a>al Museo Etnografico<\/li>\n<\/ul>\n","protected":false},"excerpt":{"rendered":"<p>La nuova legislazione sugli affari culturali, che il governo prevede di sottoporre al parlamento la prossima estate, mira a creare un quadro semplice, trasparente e unificato per tutte le discipline, ha detto luned\u00ec il ministro della Cultura. Alla sua audizione annuale davanti alla commissione culturale del parlamento, J\u00e1nos Cs\u00e1k ha affermato che quando ha assunto [&hellip;]<\/p>\n","protected":false},"author":50,"featured_media":664540,"comment_status":"open","ping_status":"open","sticky":false,"template":"","format":"standard","meta":{"_display_image":"yes","footnotes":""},"categories":[1190],"tags":[1079],"class_list":["post-664539","post","type-post","status-publish","format-standard","has-post-thumbnail","hentry","category-notizie-flash","tag-governo-ungherese"],"blocksy_meta":[],"author_username":"dnh","telegram_post":"","public_post_metadata":{"breaking_news":"","important":"","csempe":"","center_tile":"","disable_thumbnail":"","target_lang":"","_featured_image_style":"hidden","telegram_post":"","_xlat_group_id":""},"public_rank_math_data":{"title":"%titolo% %sep% %nomesito%","description":"La nuova legislazione della cultura ungherese mira a creare un quadro semplice, trasparente e unificato per tutte le discipline","focus_keyword":"cultura","canonical_url":"","robots":"","primary_category":"1190","breadcrumb_title":"","facebook_title":"","facebook_description":"","facebook_image":"","facebook_image_id":"","twitter_title":"","twitter_description":"","twitter_image":"","twitter_image_id":"","twitter_card_type":"","twitter_use_facebook":"","advanced_robots":"","pillar_content":"","seo_score":"","contentai_score":"","rich_snippet":""},"_links":{"self":[{"href":"https:\/\/dailynewshungary.com\/it\/wp-json\/wp\/v2\/posts\/664539","targetHints":{"allow":["GET"]}}],"collection":[{"href":"https:\/\/dailynewshungary.com\/it\/wp-json\/wp\/v2\/posts"}],"about":[{"href":"https:\/\/dailynewshungary.com\/it\/wp-json\/wp\/v2\/types\/post"}],"author":[{"embeddable":true,"href":"https:\/\/dailynewshungary.com\/it\/wp-json\/wp\/v2\/users\/50"}],"replies":[{"embeddable":true,"href":"https:\/\/dailynewshungary.com\/it\/wp-json\/wp\/v2\/comments?post=664539"}],"version-history":[{"count":0,"href":"https:\/\/dailynewshungary.com\/it\/wp-json\/wp\/v2\/posts\/664539\/revisions"}],"wp:featuredmedia":[{"embeddable":true,"href":"https:\/\/dailynewshungary.com\/it\/wp-json\/wp\/v2\/media\/664540"}],"wp:attachment":[{"href":"https:\/\/dailynewshungary.com\/it\/wp-json\/wp\/v2\/media?parent=664539"}],"wp:term":[{"taxonomy":"category","embeddable":true,"href":"https:\/\/dailynewshungary.com\/it\/wp-json\/wp\/v2\/categories?post=664539"},{"taxonomy":"post_tag","embeddable":true,"href":"https:\/\/dailynewshungary.com\/it\/wp-json\/wp\/v2\/tags?post=664539"}],"curies":[{"name":"wp","href":"https:\/\/api.w.org\/{rel}","templated":true}]}}