{"id":665312,"date":"2023-11-13T18:04:44","date_gmt":"2023-11-13T17:04:44","guid":{"rendered":"https:\/\/dailynewshungary.com\/it\/feriti-ungheresi-intrappolati-nella-striscia-di-gaza\/"},"modified":"2023-11-13T18:04:44","modified_gmt":"2023-11-13T17:04:44","slug":"feriti-ungheresi-intrappolati-nella-striscia-di-gaza","status":"publish","type":"post","link":"https:\/\/dailynewshungary.com\/it\/feriti-ungheresi-intrappolati-nella-striscia-di-gaza\/","title":{"rendered":"Feriti ungheresi intrappolati nella Striscia di Gaza"},"content":{"rendered":"<div class=\"titleNews\">\n<p><strong>Il governo ungherese si schierer\u00e0 per una questione specificatamente ungherese, in tutte le sedi discutendo della situazione in Israele, perch\u00e9 liberare gli ostaggi ungheresi e portare in salvo quelli di Gaza \u00e8 di primaria importanza, ha detto luned\u00ec il ministro degli Esteri a Bruxelles.<\/strong><\/p>\n<p>Intervenendo a margine di una riunione dei ministri degli Esteri dell&#8217;Unione Europea, P\u00e9ter Szijj\u00e1rt\u00f3 ha dichiarato in una conferenza stampa che le radici del conflitto \u201cnon dovrebbero essere dimenticate o relativizzate\u201d, nonostante le variegate opinioni degli Stati membri sulla situazione.<\/p>\n<p>\u201cIn un brutale attacco terroristico, un&#8217;organizzazione terroristica ha attaccato Israele con migliaia di missili, provocando migliaia di morti e feriti. Ci\u00f2 che sta accadendo ora \u00e8 un&#8217;operazione antiterrorismo, una lotta al terrorismo, ha detto\u201d.<\/p>\n<p>Il successo dell&#8217;operazione \u00e8 nell&#8217;interesse del mondo intero, ha detto.<\/p>\n<p>Sette cittadini ungheresi sono ancora bloccati a Gaza, e non possono partire per motivi di sicurezza, ha detto.<\/p>\n<blockquote>\n<p>\u201cSiamo in costante contatto con loro Il luogo in cui alloggiano \u00e8 stato colpito ieri, molti di loro sono rimasti leggermente feriti e portati in ospedale. Tutti hanno lasciato l&#8217;ospedale entro oggi e stanno organizzando il loro viaggio verso il valico di frontiera a Rafah,\u201d<\/p>\n<\/blockquote>\n<p>ha detto, riferendosi all&#8217;unico valico di frontiera nella Striscia di Gaza con l&#8217;Egitto.<\/p>\n<p>Szijj\u00e1rt\u00f3 ha detto di essere d&#8217;accordo con le sue controparti israeliane ed egiziane che i cittadini ungheresi e i loro due parenti palestinesi possano lasciare la Striscia di Gaza quando arriveranno l\u00ec.<\/p>\n<blockquote>\n<p>\u201cPer quanto riguarda il conflitto in Medio Oriente e la lotta al terrorismo, l&#8217;Ungheria sosterr\u00e0 solo soluzioni che consentano a tutti i cittadini con doppia cittadinanza e ai loro familiari di lasciare la Striscia di Gaza se lo desiderano, ha affermato.<\/p>\n<\/blockquote>\n<p>Hamas tiene in ostaggio anche cinque ungheresi, ha detto, e ha ringraziato il Qatar per la sua mediazione nei negoziati.<\/p>\n<p>\u201cPossiamo sostenere risoluzioni e proposte di qualsiasi organizzazione internazionale solo se invita Hamas a lasciare andare immediatamente gli ostaggi, senza condizioni,\u201d, ha detto.<\/p>\n<p>La comunit\u00e0 internazionale ha anche il compito di prevenire un&#8217;escalation, poich\u00e9 una guerra tra stati del Medio Oriente avrebbe conseguenze imprevedibili\u201d, ha affermato.<\/p>\n<p>Szijj\u00e1rt\u00f3 ha anche sottolineato l&#8217;importanza del sostegno all&#8217;Egitto, affermando che l&#8217;instabilit\u00e0 avrebbe un effetto drammatico sulla sicurezza europea. Il Cairo ha un ruolo importante nel frenare la migrazione verso il continente, ha affermato.<\/p>\n<blockquote>\n<p>\u201cSe l&#8217;Egitto perdesse la sua stabilit\u00e0 e non fosse in grado di fungere da barriera, il continente potrebbe affrontare pressioni migratorie e sfide alla sicurezza a cui non sembra essere preparato, ha affermato.<\/p>\n<\/blockquote>\n<p>L&#8217;Ungheria sostiene l&#8217;assistenza sanitaria dei rifugiati di Gaza in Egitto con 40 milioni di fiorini (105.900 euro) <a href=\"https:\/\/dailynewshungary.com\/it\/lungheria-aiuta-i-rifugiati-di-gaza-con-un-sacco-di-soldi\/\">ecco i dettagli<\/a>.<\/p>\n<p>Come abbiamo scritto prima, la polizia di Budapest (BRFK) ha vietato una manifestazione riguardante il conflitto armato tra l&#8217;organizzazione terroristica Hamas e Israele <a href=\"https:\/\/dailynewshungary.com\/it\/manifestazione-per-il-divieto-della-polizia-di-budapest-che-cita-la-sicurezza-pubblica\/\">dettagli QUI<\/a>.<\/p>\n<\/div>\n","protected":false},"excerpt":{"rendered":"<p>Il governo ungherese si schierer\u00e0 per una questione specificatamente ungherese, in tutte le sedi discutendo della situazione in Israele, perch\u00e9 liberare gli ostaggi ungheresi e portare in salvo quelli di Gaza \u00e8 di primaria importanza, ha detto luned\u00ec il ministro degli Esteri a Bruxelles. Intervenendo a margine di una riunione dei ministri degli Esteri dell&#8217;Unione [&hellip;]<\/p>\n","protected":false},"author":2,"featured_media":665313,"comment_status":"open","ping_status":"open","sticky":false,"template":"","format":"standard","meta":{"_display_image":"","footnotes":""},"categories":[1185],"tags":[1392,1360,1153,1069],"class_list":["post-665312","post","type-post","status-publish","format-standard","has-post-thumbnail","hentry","category-politica-in-ungheria","tag-conflitto-palestinese-israeliano","tag-ministero-degli-affari-esteri-di-ungheria","tag-palestina","tag-ungheria"],"blocksy_meta":[],"author_username":"alk","telegram_post":"","public_post_metadata":{"breaking_news":"","important":"","csempe":"","center_tile":"","disable_thumbnail":"","target_lang":"","_featured_image_style":"","telegram_post":"","_xlat_group_id":""},"public_rank_math_data":{"title":"%titolo% %sep% %nomesito%","description":"Il governo ungherese difender\u00e0 \"considerazioni specificamente ungheresi\" in tutti i forum discutendo della situazione in Israele...","focus_keyword":"Striscia di Gaza","canonical_url":"","robots":"","primary_category":"1185","breadcrumb_title":"","facebook_title":"","facebook_description":"","facebook_image":"","facebook_image_id":"","twitter_title":"","twitter_description":"","twitter_image":"","twitter_image_id":"","twitter_card_type":"","twitter_use_facebook":"","advanced_robots":"","pillar_content":"","seo_score":"61","contentai_score":"","rich_snippet":""},"_links":{"self":[{"href":"https:\/\/dailynewshungary.com\/it\/wp-json\/wp\/v2\/posts\/665312","targetHints":{"allow":["GET"]}}],"collection":[{"href":"https:\/\/dailynewshungary.com\/it\/wp-json\/wp\/v2\/posts"}],"about":[{"href":"https:\/\/dailynewshungary.com\/it\/wp-json\/wp\/v2\/types\/post"}],"author":[{"embeddable":true,"href":"https:\/\/dailynewshungary.com\/it\/wp-json\/wp\/v2\/users\/2"}],"replies":[{"embeddable":true,"href":"https:\/\/dailynewshungary.com\/it\/wp-json\/wp\/v2\/comments?post=665312"}],"version-history":[{"count":0,"href":"https:\/\/dailynewshungary.com\/it\/wp-json\/wp\/v2\/posts\/665312\/revisions"}],"wp:featuredmedia":[{"embeddable":true,"href":"https:\/\/dailynewshungary.com\/it\/wp-json\/wp\/v2\/media\/665313"}],"wp:attachment":[{"href":"https:\/\/dailynewshungary.com\/it\/wp-json\/wp\/v2\/media?parent=665312"}],"wp:term":[{"taxonomy":"category","embeddable":true,"href":"https:\/\/dailynewshungary.com\/it\/wp-json\/wp\/v2\/categories?post=665312"},{"taxonomy":"post_tag","embeddable":true,"href":"https:\/\/dailynewshungary.com\/it\/wp-json\/wp\/v2\/tags?post=665312"}],"curies":[{"name":"wp","href":"https:\/\/api.w.org\/{rel}","templated":true}]}}