{"id":667634,"date":"2023-09-10T07:14:02","date_gmt":"2023-09-10T05:14:02","guid":{"rendered":"https:\/\/dailynewshungary.com\/it\/disastro-di-massa-presidente-il-presidente-ha-espresso-le-sue-condoglianze\/"},"modified":"2023-09-10T07:14:02","modified_gmt":"2023-09-10T05:14:02","slug":"disastro-di-massa-presidente-il-presidente-ha-espresso-le-sue-condoglianze","status":"publish","type":"post","link":"https:\/\/dailynewshungary.com\/it\/disastro-di-massa-presidente-il-presidente-ha-espresso-le-sue-condoglianze\/","title":{"rendered":"Disastro di massa: Presidente, il Presidente ha espresso le sue condoglianze"},"content":{"rendered":"<p><strong>La presidente Katalin Nov\u00e1k ha inviato le sue condoglianze al re Mohammed VI del Marocco, alla sua famiglia e al popolo marocchino per il terremoto che ha colpito il paese venerd\u00ec scorso.<\/strong><\/p>\n<p>\u201cProfondamente scioccato dalle devastanti notizie provenienti dal Marocco dove un terremoto ha ucciso centinaia di persone e lasciato molti altri senza casa,\u201d <a href=\"https:\/\/www.facebook.com\/novak.katalin.official\" target=\"_blank\" rel=\"noopener\"><strong>Nov\u00e1k<\/strong><\/a> detto sulla piattaforma di social media X, gi\u00e0 Twitter. \u201cLe mie pi\u00f9 sentite condoglianze alla famiglia reale e al popolo del Marocco; i miei pensieri e le mie preghiere sono con le famiglie e gli amici delle vittime durante questo tragico momento. Vi auguro forza per le operazioni di salvataggio, noi ungheresi diamo una mano ogni volta che serve,\u201d ha aggiunto.<\/p>\n<p>L\u00e1szl\u00f3 K\u00f6v\u00e9r, il <a href=\"https:\/\/dailynewshungary.com\/it\/la-grande-rapina-al-treno-britannico-come-una-banda-di-15-uomini-rubo-26-milioni-di-sterline-nel-1963\/\"><strong>Relatore<\/strong> <\/a>del Parlamento, ha anche espresso le sue condoglianze a Rachid Talbi Alami, capo della Camera dei rappresentanti marocchina. \u201cLasciami esprimere le mie condoglianze a lei e ad ogni cittadino marocchino, specialmente a coloro che hanno perso familiari e case durante questo tragico evento,\u201d ha scritto K\u00f6v\u00e9r ha inviato un analogo messaggio di cordoglio a Naam Miyara, capo del Consiglio dei consiglieri del Regno del Marocco.<\/p>\n<p><strong>Leggi anche:<\/strong><\/p>\n<ul>\n<li><a href=\"https:\/\/dailynewshungary.com\/it\/marocco-da-una-prospettiva-ungherese-i\/\">Marocco da una prospettiva ungherese I.<\/a><\/li>\n<li>La Giornata Nazionale del Marocco <a href=\"https:\/\/dailynewshungary.com\/it\/la-giornata-nazionale-del-marocco-celebrata-a-budapest-con-un-evento-speciale-2\/\"><strong>celebrato<\/strong> <\/a>a Budapest con un evento speciale<\/li>\n<\/ul>\n<p>Il portavoce del ministero degli Esteri M\u00e1t\u00e9 Paczolay ha detto sabato a MTI che, sulla base delle informazioni attualmente disponibili, non ci sono vittime o feriti ungheresi in relazione al terremoto notturno. L&#8217;ambasciata ungherese in Marocco sta contattando i cittadini ungheresi che vivono o soggiornano nel paese a scopo di viaggio, fornendo loro tutto l&#8217;aiuto e le informazioni possibili, ha detto.<\/p>\n","protected":false},"excerpt":{"rendered":"<p>La presidente Katalin Nov\u00e1k ha inviato le sue condoglianze al re Mohammed VI del Marocco, alla sua famiglia e al popolo marocchino per il terremoto che ha colpito il paese venerd\u00ec scorso. \u201cProfondamente scioccato dalle devastanti notizie provenienti dal Marocco dove un terremoto ha ucciso centinaia di persone e lasciato molti altri senza casa,\u201d Nov\u00e1k [&hellip;]<\/p>\n","protected":false},"author":50,"featured_media":667635,"comment_status":"open","ping_status":"open","sticky":false,"template":"","format":"standard","meta":{"_display_image":"","footnotes":""},"categories":[1185],"tags":[1338,1270,1369,1341],"class_list":["post-667634","post","type-post","status-publish","format-standard","has-post-thumbnail","hentry","category-politica-in-ungheria","tag-africa","tag-natura","tag-oratore","tag-presidente-dellungheria"],"blocksy_meta":[],"author_username":"dnh","telegram_post":"","public_post_metadata":{"breaking_news":"","important":"","csempe":"","center_tile":"","disable_thumbnail":"","target_lang":"","_featured_image_style":"","telegram_post":"","_xlat_group_id":""},"public_rank_math_data":{"title":"%titolo% %sep% %nomesito%","description":"La presidente Katalin Nov\u00e1k ha inviato le sue condoglianze al re Mohammed VI del Marocco per il terremoto che ha colpito il paese venerd\u00ec scorso","focus_keyword":"Presidente","canonical_url":"","robots":"","primary_category":"1185","breadcrumb_title":"","facebook_title":"","facebook_description":"","facebook_image":"","facebook_image_id":"","twitter_title":"","twitter_description":"","twitter_image":"","twitter_image_id":"","twitter_card_type":"","twitter_use_facebook":"","advanced_robots":"","pillar_content":"","seo_score":"62","contentai_score":"","rich_snippet":""},"_links":{"self":[{"href":"https:\/\/dailynewshungary.com\/it\/wp-json\/wp\/v2\/posts\/667634","targetHints":{"allow":["GET"]}}],"collection":[{"href":"https:\/\/dailynewshungary.com\/it\/wp-json\/wp\/v2\/posts"}],"about":[{"href":"https:\/\/dailynewshungary.com\/it\/wp-json\/wp\/v2\/types\/post"}],"author":[{"embeddable":true,"href":"https:\/\/dailynewshungary.com\/it\/wp-json\/wp\/v2\/users\/50"}],"replies":[{"embeddable":true,"href":"https:\/\/dailynewshungary.com\/it\/wp-json\/wp\/v2\/comments?post=667634"}],"version-history":[{"count":0,"href":"https:\/\/dailynewshungary.com\/it\/wp-json\/wp\/v2\/posts\/667634\/revisions"}],"wp:featuredmedia":[{"embeddable":true,"href":"https:\/\/dailynewshungary.com\/it\/wp-json\/wp\/v2\/media\/667635"}],"wp:attachment":[{"href":"https:\/\/dailynewshungary.com\/it\/wp-json\/wp\/v2\/media?parent=667634"}],"wp:term":[{"taxonomy":"category","embeddable":true,"href":"https:\/\/dailynewshungary.com\/it\/wp-json\/wp\/v2\/categories?post=667634"},{"taxonomy":"post_tag","embeddable":true,"href":"https:\/\/dailynewshungary.com\/it\/wp-json\/wp\/v2\/tags?post=667634"}],"curies":[{"name":"wp","href":"https:\/\/api.w.org\/{rel}","templated":true}]}}