{"id":672619,"date":"2023-04-26T23:34:50","date_gmt":"2023-04-26T21:34:50","guid":{"rendered":"https:\/\/dailynewshungary.com\/it\/testa-di-think-tank-lungheria-e-una-storia-di-successo-dal-punto-di-vista-conservatore\/"},"modified":"2023-04-26T23:34:50","modified_gmt":"2023-04-26T21:34:50","slug":"testa-di-think-tank-lungheria-e-una-storia-di-successo-dal-punto-di-vista-conservatore","status":"publish","type":"post","link":"https:\/\/dailynewshungary.com\/it\/testa-di-think-tank-lungheria-e-una-storia-di-successo-dal-punto-di-vista-conservatore\/","title":{"rendered":"Testa di think-tank: l\u2019Ungheria \u00e8 una storia di successo dal punto di vista conservatore"},"content":{"rendered":"<p><strong>L\u2019Ungheria \u00e8 diventata una stella polare politica per i conservatori di tutto il mondo, ha detto mercoled\u00ec a Zolt\u00e1n Kov\u00e1cs Mikl\u00f3s Sz\u00e1nth\u00f3, capo del Centro per i diritti fondamentali.<\/strong><\/p>\n<p>Parlando con il segretario di Stato per le comunicazioni e le relazioni internazionali nel suo ultimo podcast \u201cThe Bold Truth about Hungary\u201d, <a href=\"https:\/\/www.facebook.com\/szanthomiklos\/\" target=\"_blank\" rel=\"noopener\">Sz\u00e1nth\u00f3<\/a> ha affermato che l\u2019imminente evento della Conservative Political Action Conference (CPAC) in Ungheria ha mostrato come il paese abbia superato il suo peso politico e geopolitico e ha fornito ai conservatori un luogo in cui incontrarsi e scambiare opinioni, nonch\u00e9 a \u201ccondividere ricette per il successo conservatore\u201d.<\/p>\n<p>Gli ultimi 12-13 anni hanno mostrato l&#8217;Ungheria come una storia di successo da un punto di vista conservatore\u201d.<\/p>\n<p>Eppure \u201cla trinit\u00e0 di Dio, patria e famiglia\u201d \u00e8 stata, ha detto, attaccata aggressivamente su base quotidiana Sempre pi\u00f9 persone hanno visto la necessit\u00e0 di agire \u201cper proteggere le nostre societ\u00e0, nazioni, famiglie e bambini\u201d, ha aggiunto.<\/p>\n<p>Chiam\u00f2 il liberalismo progressista \u201cil nuovo volto del comunismo\u201d poich\u00e9 i comunisti, come i progressisti di oggi, avevano voluto eliminare Dio, la patria e la famiglia.<\/p>\n<p>Nonostante tutti i loro discorsi sulla tolleranza, i progressisti, ha detto, hanno cercato di abolire l&#8217;\u201cpatrimonio culturale giudaico-cristiano, nonch\u00e9 i conservatori e i valori tradizionali\u201d.<\/p>\n<p>I conservatori, ha aggiunto, devono agire contro gli attacchi concertati dei progressisti su scala mondiale, da qui il motto del CPAC Ungheria che si terr\u00e0 il 4-5 maggio: \u201cUnited We Stand!\u201d<\/p>\n","protected":false},"excerpt":{"rendered":"<p>L\u2019Ungheria \u00e8 diventata una stella polare politica per i conservatori di tutto il mondo, ha detto mercoled\u00ec a Zolt\u00e1n Kov\u00e1cs Mikl\u00f3s Sz\u00e1nth\u00f3, capo del Centro per i diritti fondamentali. Parlando con il segretario di Stato per le comunicazioni e le relazioni internazionali nel suo ultimo podcast \u201cThe Bold Truth about Hungary\u201d, Sz\u00e1nth\u00f3 ha affermato che [&hellip;]<\/p>\n","protected":false},"author":33,"featured_media":672620,"comment_status":"open","ping_status":"open","sticky":false,"template":"","format":"standard","meta":{"_display_image":"no","footnotes":""},"categories":[1185],"tags":[1069],"class_list":["post-672619","post","type-post","status-publish","format-standard","has-post-thumbnail","hentry","category-politica-in-ungheria","tag-ungheria"],"blocksy_meta":[],"author_username":"ugyelet","telegram_post":"","public_post_metadata":{"breaking_news":"","important":"","csempe":"","center_tile":"","disable_thumbnail":"","target_lang":"","_featured_image_style":"hidden","telegram_post":"","_xlat_group_id":""},"public_rank_math_data":{"title":"%titolo% %sep% %nomesito%","description":"L'Ungheria \u00e8 diventata una stella polare politica per i conservatori di tutto il mondo, ha detto Mikl\u00f3s Sz\u00e1nth\u00f3, capo del Centro per i diritti fondamentali.","focus_keyword":"Ungheria","canonical_url":"","robots":"","primary_category":"1185","breadcrumb_title":"","facebook_title":"","facebook_description":"","facebook_image":"","facebook_image_id":"","twitter_title":"","twitter_description":"","twitter_image":"","twitter_image_id":"","twitter_card_type":"","twitter_use_facebook":"","advanced_robots":"","pillar_content":"","seo_score":"64","contentai_score":"","rich_snippet":""},"_links":{"self":[{"href":"https:\/\/dailynewshungary.com\/it\/wp-json\/wp\/v2\/posts\/672619","targetHints":{"allow":["GET"]}}],"collection":[{"href":"https:\/\/dailynewshungary.com\/it\/wp-json\/wp\/v2\/posts"}],"about":[{"href":"https:\/\/dailynewshungary.com\/it\/wp-json\/wp\/v2\/types\/post"}],"author":[{"embeddable":true,"href":"https:\/\/dailynewshungary.com\/it\/wp-json\/wp\/v2\/users\/33"}],"replies":[{"embeddable":true,"href":"https:\/\/dailynewshungary.com\/it\/wp-json\/wp\/v2\/comments?post=672619"}],"version-history":[{"count":0,"href":"https:\/\/dailynewshungary.com\/it\/wp-json\/wp\/v2\/posts\/672619\/revisions"}],"wp:featuredmedia":[{"embeddable":true,"href":"https:\/\/dailynewshungary.com\/it\/wp-json\/wp\/v2\/media\/672620"}],"wp:attachment":[{"href":"https:\/\/dailynewshungary.com\/it\/wp-json\/wp\/v2\/media?parent=672619"}],"wp:term":[{"taxonomy":"category","embeddable":true,"href":"https:\/\/dailynewshungary.com\/it\/wp-json\/wp\/v2\/categories?post=672619"},{"taxonomy":"post_tag","embeddable":true,"href":"https:\/\/dailynewshungary.com\/it\/wp-json\/wp\/v2\/tags?post=672619"}],"curies":[{"name":"wp","href":"https:\/\/api.w.org\/{rel}","templated":true}]}}