{"id":678748,"date":"2023-07-31T17:20:19","date_gmt":"2023-07-31T15:20:19","guid":{"rendered":"https:\/\/dailynewshungary.com\/it\/la-giornata-nazionale-del-marocco-celebrata-a-budapest-con-un-evento-speciale-2\/"},"modified":"2023-07-31T17:20:19","modified_gmt":"2023-07-31T15:20:19","slug":"la-giornata-nazionale-del-marocco-celebrata-a-budapest-con-un-evento-speciale-2","status":"publish","type":"post","link":"https:\/\/dailynewshungary.com\/it\/la-giornata-nazionale-del-marocco-celebrata-a-budapest-con-un-evento-speciale-2\/","title":{"rendered":"La Giornata Nazionale del Marocco celebrata a Budapest con un evento speciale"},"content":{"rendered":"<p><strong>Nel tardo pomeriggio del 30 luglio, in Ungheria \u00e8 stato celebrato il 24\u00b0 anniversario dell&#8217;ascesa al trono del re Mohammed VI del Marocco.<\/strong><\/p>\n<p>Il 30 luglio 1999 si \u00e8 svolta a Rabat l&#8217;incoronazione dell&#8217;attuale re del Marocco, Sua Maest\u00e0 Mohammed VI. Questa giornata si celebra ogni anno in Marocco e nel mondo L&#8217;evento speciale \u00e8 stato organizzato dall&#8217;Ambasciata del Marocco e si \u00e8 tenuto presso la residenza di S.E. l&#8217;Ambasciatrice Karima Kabbaj a Budapest.<\/p>\n<p>Nel suo discorso, l&#8217;Ambasciatrice Kabbaj ha dato il benvenuto agli ospiti e ha ringraziato la comunit\u00e0 diplomatica che lavora in Ungheria per aver partecipato all&#8217;evento in cos\u00ec gran numero L&#8217;Ambasciatrice ha detto che nei suoi 24 anni sul trono, il re Mohammed VI aveva apportato molti miglioramenti in Marocco, sia nella tecnologia, nell&#8217;istruzione, nelle infrastrutture o nella cultura.<\/p>\n<figure id=\"attachment_567332\" aria-describedby=\"caption-attachment-567332\" style=\"width: 600px\" class=\"wp-caption aligncenter\"><img loading=\"lazy\" decoding=\"async\" class=\" wp-image-567332\" src=\"https:\/\/contentf5.dailynewshungary.com\/wp-content\/uploads\/2023\/07\/Moroccos-National-Day-celebrated-in-Budapest-with-a-special-event-4.jpg\" alt=\"La Giornata Nazionale del Marocco celebrata a Budapest con un evento speciale\" width=\"600\" height=\"450\" srcset=\"https:\/\/contentf5.dailynewshungary.com\/wp-content\/uploads\/2023\/07\/Moroccos-National-Day-celebrated-in-Budapest-with-a-special-event-4.jpg 1067w, https:\/\/contentf5.dailynewshungary.com\/wp-content\/uploads\/2023\/07\/Moroccos-National-Day-celebrated-in-Budapest-with-a-special-event-4-768x576.jpg 768w, https:\/\/contentf5.dailynewshungary.com\/wp-content\/uploads\/2023\/07\/Moroccos-National-Day-celebrated-in-Budapest-with-a-special-event-4-296x222.jpg 296w, https:\/\/contentf5.dailynewshungary.com\/wp-content\/uploads\/2023\/07\/Moroccos-National-Day-celebrated-in-Budapest-with-a-special-event-4-1030x772.jpg 1030w, https:\/\/contentf5.dailynewshungary.com\/wp-content\/uploads\/2023\/07\/Moroccos-National-Day-celebrated-in-Budapest-with-a-special-event-4-100x75.jpg 100w, https:\/\/contentf5.dailynewshungary.com\/wp-content\/uploads\/2023\/07\/Moroccos-National-Day-celebrated-in-Budapest-with-a-special-event-4-960x720.jpg 960w, https:\/\/contentf5.dailynewshungary.com\/wp-content\/uploads\/2023\/07\/Moroccos-National-Day-celebrated-in-Budapest-with-a-special-event-4-480x360.jpg 480w\" sizes=\"auto, (max-width: 600px) 100vw, 600px\"><figcaption id=\"caption-attachment-567332\" class=\"wp-caption-text\">La Giornata Nazionale del Marocco si celebra a Budapest con un evento speciale, il 2023. S.E. Ambasciatrice Karima Kabbaj. Foto: Anna Popper<\/figcaption><\/figure>\n<p>Ha descritto le relazioni ungherese-marocchine come eccellenti e si \u00e8 detta lieta di vedere che c&#8217;\u00e8 una forte cooperazione tra i due paesi in campo economico, turismo e altri settori Ha sottolineato di essere molto grata per lo Stipendium Hungaricum, che d\u00e0 a molti giovani marocchini l&#8217;opportunit\u00e0 di studiare in universit\u00e0 ungheresi di alto livello e di mettere a frutto le loro conoscenze acquisite nel loro paese d&#8217;origine.<\/p>\n<ul>\n<li>Leggi anche: <a href=\"https:\/\/dailynewshungary.com\/it\/intervista-a-se-sig-ra-karima-kabbaj-ambasciatrice-del-marocco-in-ungheria-2\/\">Intervista a SE Sig.ra Karima Kabbaj, Ambasciatrice del Marocco in Ungheria<\/a><\/li>\n<\/ul>\n<p>Dopo il discorso di benvenuto dell&#8217;Ambasciatore, gli ospiti hanno avuto la possibilit\u00e0 di assaggiare una variet\u00e0 di autentici piatti marocchini accompagnati da musica marocchina Vedi la nostra galleria fotografica qui:<\/p>\n<div id=\"gallery-3\" class=\"gallery galleryid-567326 gallery-columns-3 gallery-size-thumbnail\">\n<figure class=\"gallery-item\">\n<div class=\"gallery-icon portrait\">\n\t\t\t\t<a href=\"https:\/\/dailynewshungary.com\/it\/la-giornata-nazionale-del-marocco-celebrata-a-budapest-con-un-evento-speciale-2\/\"><img loading=\"lazy\" decoding=\"async\" width=\"160\" height=\"200\" src=\"https:\/\/contentf5.dailynewshungary.com\/wp-content\/uploads\/2023\/07\/Moroccos-National-Day-celebrated-in-Budapest-with-a-special-event.jpg\" class=\"attachment-thumbnail size-thumbnail\" alt=\"Marocco\" aria-describedby=\"gallery-3-567343\" srcset=\"https:\/\/contentf5.dailynewshungary.com\/wp-content\/uploads\/2023\/07\/Moroccos-National-Day-celebrated-in-Budapest-with-a-special-event.jpg 800w, https:\/\/contentf5.dailynewshungary.com\/wp-content\/uploads\/2023\/07\/Moroccos-National-Day-celebrated-in-Budapest-with-a-special-event-768x960.jpg 768w, https:\/\/contentf5.dailynewshungary.com\/wp-content\/uploads\/2023\/07\/Moroccos-National-Day-celebrated-in-Budapest-with-a-special-event-178x222.jpg 178w, https:\/\/contentf5.dailynewshungary.com\/wp-content\/uploads\/2023\/07\/Moroccos-National-Day-celebrated-in-Budapest-with-a-special-event-60x75.jpg 60w, https:\/\/contentf5.dailynewshungary.com\/wp-content\/uploads\/2023\/07\/Moroccos-National-Day-celebrated-in-Budapest-with-a-special-event-480x600.jpg 480w\" sizes=\"auto, (max-width: 160px) 100vw, 160px\"><\/a>\n\t\t\t<\/div><figcaption class=\"wp-caption-text gallery-caption\" id=\"gallery-3-567343\">\n\t\t\t\tLa Giornata Nazionale del Marocco celebrata a Budapest con un evento speciale, 2023 Foto: Daily News Ungheria<br \/>\n\t\t\t\t<\/figcaption><\/figure>\n<figure class=\"gallery-item\">\n<div class=\"gallery-icon landscape\">\n\t\t\t\t<a href=\"https:\/\/dailynewshungary.com\/it\/la-giornata-nazionale-del-marocco-celebrata-a-budapest-con-un-evento-speciale-2\/\"><img loading=\"lazy\" decoding=\"async\" width=\"267\" height=\"200\" src=\"https:\/\/contentf5.dailynewshungary.com\/wp-content\/uploads\/2023\/07\/Moroccos-National-Day-celebrated-in-Budapest-with-a-special-event-11.jpg\" class=\"attachment-thumbnail size-thumbnail\" alt=\"La Giornata Nazionale del Marocco celebrata a Budapest con un evento speciale, 2023 Foto: Daily News Ungheria\" aria-describedby=\"gallery-3-567339\" srcset=\"https:\/\/contentf5.dailynewshungary.com\/wp-content\/uploads\/2023\/07\/Moroccos-National-Day-celebrated-in-Budapest-with-a-special-event-11.jpg 1067w, https:\/\/contentf5.dailynewshungary.com\/wp-content\/uploads\/2023\/07\/Moroccos-National-Day-celebrated-in-Budapest-with-a-special-event-11-768x576.jpg 768w, https:\/\/contentf5.dailynewshungary.com\/wp-content\/uploads\/2023\/07\/Moroccos-National-Day-celebrated-in-Budapest-with-a-special-event-11-296x222.jpg 296w, https:\/\/contentf5.dailynewshungary.com\/wp-content\/uploads\/2023\/07\/Moroccos-National-Day-celebrated-in-Budapest-with-a-special-event-11-1030x772.jpg 1030w, https:\/\/contentf5.dailynewshungary.com\/wp-content\/uploads\/2023\/07\/Moroccos-National-Day-celebrated-in-Budapest-with-a-special-event-11-100x75.jpg 100w, https:\/\/contentf5.dailynewshungary.com\/wp-content\/uploads\/2023\/07\/Moroccos-National-Day-celebrated-in-Budapest-with-a-special-event-11-960x720.jpg 960w, https:\/\/contentf5.dailynewshungary.com\/wp-content\/uploads\/2023\/07\/Moroccos-National-Day-celebrated-in-Budapest-with-a-special-event-11-480x360.jpg 480w\" sizes=\"auto, (max-width: 267px) 100vw, 267px\"><\/a>\n\t\t\t<\/div><figcaption class=\"wp-caption-text gallery-caption\" id=\"gallery-3-567339\">\n\t\t\t\tLa Giornata Nazionale del Marocco celebrata a Budapest con un evento speciale, 2023 Foto: Daily News Ungheria<br \/>\n\t\t\t\t<\/figcaption><\/figure>\n<figure class=\"gallery-item\">\n<div class=\"gallery-icon portrait\">\n\t\t\t\t<a href=\"https:\/\/dailynewshungary.com\/it\/la-giornata-nazionale-del-marocco-celebrata-a-budapest-con-un-evento-speciale-2\/\"><img loading=\"lazy\" decoding=\"async\" width=\"150\" height=\"200\" src=\"https:\/\/contentf5.dailynewshungary.com\/wp-content\/uploads\/2023\/07\/Moroccos-National-Day-celebrated-in-Budapest-with-a-special-event-12.jpg\" class=\"attachment-thumbnail size-thumbnail\" alt=\"marocco\" aria-describedby=\"gallery-3-567340\" srcset=\"https:\/\/contentf5.dailynewshungary.com\/wp-content\/uploads\/2023\/07\/Moroccos-National-Day-celebrated-in-Budapest-with-a-special-event-12.jpg 800w, https:\/\/contentf5.dailynewshungary.com\/wp-content\/uploads\/2023\/07\/Moroccos-National-Day-celebrated-in-Budapest-with-a-special-event-12-768x1024.jpg 768w, https:\/\/contentf5.dailynewshungary.com\/wp-content\/uploads\/2023\/07\/Moroccos-National-Day-celebrated-in-Budapest-with-a-special-event-12-166x222.jpg 166w, https:\/\/contentf5.dailynewshungary.com\/wp-content\/uploads\/2023\/07\/Moroccos-National-Day-celebrated-in-Budapest-with-a-special-event-12-56x75.jpg 56w, https:\/\/contentf5.dailynewshungary.com\/wp-content\/uploads\/2023\/07\/Moroccos-National-Day-celebrated-in-Budapest-with-a-special-event-12-480x640.jpg 480w\" sizes=\"auto, (max-width: 150px) 100vw, 150px\"><\/a>\n\t\t\t<\/div><figcaption class=\"wp-caption-text gallery-caption\" id=\"gallery-3-567340\">\n\t\t\t\tLa Giornata Nazionale del Marocco celebrata a Budapest con un evento speciale, il 2023. S.E. Ambasciatrice Karima Kabbaj. Foto: Anna Popper<br \/>\n\t\t\t\t<\/figcaption><\/figure>\n<figure class=\"gallery-item\">\n<div class=\"gallery-icon landscape\">\n\t\t\t\t<a href=\"https:\/\/dailynewshungary.com\/it\/la-giornata-nazionale-del-marocco-celebrata-a-budapest-con-un-evento-speciale-2\/\"><img loading=\"lazy\" decoding=\"async\" width=\"267\" height=\"200\" src=\"https:\/\/contentf5.dailynewshungary.com\/wp-content\/uploads\/2023\/07\/Moroccos-National-Day-celebrated-in-Budapest-with-a-special-event-2.jpg\" class=\"attachment-thumbnail size-thumbnail\" alt=\"La Giornata Nazionale del Marocco celebrata a Budapest con un evento speciale\" aria-describedby=\"gallery-3-567330\" srcset=\"https:\/\/contentf5.dailynewshungary.com\/wp-content\/uploads\/2023\/07\/Moroccos-National-Day-celebrated-in-Budapest-with-a-special-event-2.jpg 1067w, https:\/\/contentf5.dailynewshungary.com\/wp-content\/uploads\/2023\/07\/Moroccos-National-Day-celebrated-in-Budapest-with-a-special-event-2-768x576.jpg 768w, https:\/\/contentf5.dailynewshungary.com\/wp-content\/uploads\/2023\/07\/Moroccos-National-Day-celebrated-in-Budapest-with-a-special-event-2-296x222.jpg 296w, https:\/\/contentf5.dailynewshungary.com\/wp-content\/uploads\/2023\/07\/Moroccos-National-Day-celebrated-in-Budapest-with-a-special-event-2-1030x772.jpg 1030w, https:\/\/contentf5.dailynewshungary.com\/wp-content\/uploads\/2023\/07\/Moroccos-National-Day-celebrated-in-Budapest-with-a-special-event-2-100x75.jpg 100w, https:\/\/contentf5.dailynewshungary.com\/wp-content\/uploads\/2023\/07\/Moroccos-National-Day-celebrated-in-Budapest-with-a-special-event-2-960x720.jpg 960w, https:\/\/contentf5.dailynewshungary.com\/wp-content\/uploads\/2023\/07\/Moroccos-National-Day-celebrated-in-Budapest-with-a-special-event-2-480x360.jpg 480w\" sizes=\"auto, (max-width: 267px) 100vw, 267px\"><\/a>\n\t\t\t<\/div><figcaption class=\"wp-caption-text gallery-caption\" id=\"gallery-3-567330\">\n\t\t\t\tLa Giornata Nazionale del Marocco celebrata a Budapest con un evento speciale, 2023 Foto: Anna Popper<br \/>\n\t\t\t\t<\/figcaption><\/figure>\n<figure class=\"gallery-item\">\n<div class=\"gallery-icon portrait\">\n\t\t\t\t<a href=\"https:\/\/dailynewshungary.com\/it\/la-giornata-nazionale-del-marocco-celebrata-a-budapest-con-un-evento-speciale-2\/\"><img loading=\"lazy\" decoding=\"async\" width=\"150\" height=\"200\" src=\"https:\/\/contentf5.dailynewshungary.com\/wp-content\/uploads\/2023\/07\/Moroccos-National-Day-celebrated-in-Budapest-with-a-special-event-15.jpg\" class=\"attachment-thumbnail size-thumbnail\" alt=\"marocco\" aria-describedby=\"gallery-3-567349\" srcset=\"https:\/\/contentf5.dailynewshungary.com\/wp-content\/uploads\/2023\/07\/Moroccos-National-Day-celebrated-in-Budapest-with-a-special-event-15.jpg 800w, https:\/\/contentf5.dailynewshungary.com\/wp-content\/uploads\/2023\/07\/Moroccos-National-Day-celebrated-in-Budapest-with-a-special-event-15-768x1024.jpg 768w, https:\/\/contentf5.dailynewshungary.com\/wp-content\/uploads\/2023\/07\/Moroccos-National-Day-celebrated-in-Budapest-with-a-special-event-15-166x222.jpg 166w, https:\/\/contentf5.dailynewshungary.com\/wp-content\/uploads\/2023\/07\/Moroccos-National-Day-celebrated-in-Budapest-with-a-special-event-15-56x75.jpg 56w, https:\/\/contentf5.dailynewshungary.com\/wp-content\/uploads\/2023\/07\/Moroccos-National-Day-celebrated-in-Budapest-with-a-special-event-15-480x640.jpg 480w\" sizes=\"auto, (max-width: 150px) 100vw, 150px\"><\/a>\n\t\t\t<\/div><figcaption class=\"wp-caption-text gallery-caption\" id=\"gallery-3-567349\">\n\t\t\t\tLa Giornata Nazionale del Marocco celebrata a Budapest con un evento speciale, il 2023. S.E. Ambasciatrice Karima Kabbaj. Foto: Daily News Ungheria<br \/>\n\t\t\t\t<\/figcaption><\/figure>\n<figure class=\"gallery-item\">\n<div class=\"gallery-icon landscape\">\n\t\t\t\t<a href=\"https:\/\/dailynewshungary.com\/it\/la-giornata-nazionale-del-marocco-celebrata-a-budapest-con-un-evento-speciale-2\/\"><img loading=\"lazy\" decoding=\"async\" width=\"267\" height=\"200\" src=\"https:\/\/contentf5.dailynewshungary.com\/wp-content\/uploads\/2023\/07\/Moroccos-National-Day-celebrated-in-Budapest-with-a-special-event-5.jpg\" class=\"attachment-thumbnail size-thumbnail\" alt=\"La Giornata Nazionale del Marocco celebrata a Budapest con un evento speciale\" aria-describedby=\"gallery-3-567333\" srcset=\"https:\/\/contentf5.dailynewshungary.com\/wp-content\/uploads\/2023\/07\/Moroccos-National-Day-celebrated-in-Budapest-with-a-special-event-5.jpg 1067w, https:\/\/contentf5.dailynewshungary.com\/wp-content\/uploads\/2023\/07\/Moroccos-National-Day-celebrated-in-Budapest-with-a-special-event-5-768x576.jpg 768w, https:\/\/contentf5.dailynewshungary.com\/wp-content\/uploads\/2023\/07\/Moroccos-National-Day-celebrated-in-Budapest-with-a-special-event-5-296x222.jpg 296w, https:\/\/contentf5.dailynewshungary.com\/wp-content\/uploads\/2023\/07\/Moroccos-National-Day-celebrated-in-Budapest-with-a-special-event-5-1030x772.jpg 1030w, https:\/\/contentf5.dailynewshungary.com\/wp-content\/uploads\/2023\/07\/Moroccos-National-Day-celebrated-in-Budapest-with-a-special-event-5-100x75.jpg 100w, https:\/\/contentf5.dailynewshungary.com\/wp-content\/uploads\/2023\/07\/Moroccos-National-Day-celebrated-in-Budapest-with-a-special-event-5-960x720.jpg 960w, https:\/\/contentf5.dailynewshungary.com\/wp-content\/uploads\/2023\/07\/Moroccos-National-Day-celebrated-in-Budapest-with-a-special-event-5-480x360.jpg 480w\" sizes=\"auto, (max-width: 267px) 100vw, 267px\"><\/a>\n\t\t\t<\/div><figcaption class=\"wp-caption-text gallery-caption\" id=\"gallery-3-567333\">\n\t\t\t\tLa Giornata Nazionale del Marocco celebrata a Budapest con un evento speciale, 2023 Foto: Anna Popper<br \/>\n\t\t\t\t<\/figcaption><\/figure>\n<figure class=\"gallery-item\">\n<div class=\"gallery-icon landscape\">\n\t\t\t\t<a href=\"https:\/\/dailynewshungary.com\/it\/la-giornata-nazionale-del-marocco-celebrata-a-budapest-con-un-evento-speciale-2\/\"><img loading=\"lazy\" decoding=\"async\" width=\"267\" height=\"200\" src=\"https:\/\/contentf5.dailynewshungary.com\/wp-content\/uploads\/2023\/07\/Moroccos-National-Day-celebrated-in-Budapest-with-a-special-event-10.jpg\" class=\"attachment-thumbnail size-thumbnail\" alt=\"La Giornata Nazionale del Marocco celebrata a Budapest con un evento speciale, 2023 Foto: Daily News Ungheria\" aria-describedby=\"gallery-3-567338\" srcset=\"https:\/\/contentf5.dailynewshungary.com\/wp-content\/uploads\/2023\/07\/Moroccos-National-Day-celebrated-in-Budapest-with-a-special-event-10.jpg 1067w, https:\/\/contentf5.dailynewshungary.com\/wp-content\/uploads\/2023\/07\/Moroccos-National-Day-celebrated-in-Budapest-with-a-special-event-10-768x576.jpg 768w, https:\/\/contentf5.dailynewshungary.com\/wp-content\/uploads\/2023\/07\/Moroccos-National-Day-celebrated-in-Budapest-with-a-special-event-10-296x222.jpg 296w, https:\/\/contentf5.dailynewshungary.com\/wp-content\/uploads\/2023\/07\/Moroccos-National-Day-celebrated-in-Budapest-with-a-special-event-10-1030x772.jpg 1030w, https:\/\/contentf5.dailynewshungary.com\/wp-content\/uploads\/2023\/07\/Moroccos-National-Day-celebrated-in-Budapest-with-a-special-event-10-100x75.jpg 100w, https:\/\/contentf5.dailynewshungary.com\/wp-content\/uploads\/2023\/07\/Moroccos-National-Day-celebrated-in-Budapest-with-a-special-event-10-960x720.jpg 960w, https:\/\/contentf5.dailynewshungary.com\/wp-content\/uploads\/2023\/07\/Moroccos-National-Day-celebrated-in-Budapest-with-a-special-event-10-480x360.jpg 480w\" sizes=\"auto, (max-width: 267px) 100vw, 267px\"><\/a>\n\t\t\t<\/div><figcaption class=\"wp-caption-text gallery-caption\" id=\"gallery-3-567338\">\n\t\t\t\tLa Giornata Nazionale del Marocco celebrata a Budapest con un evento speciale, 2023 Foto: Daily News Ungheria<br \/>\n\t\t\t\t<\/figcaption><\/figure>\n<figure class=\"gallery-item\">\n<div class=\"gallery-icon landscape\">\n\t\t\t\t<a href=\"https:\/\/dailynewshungary.com\/it\/la-giornata-nazionale-del-marocco-celebrata-a-budapest-con-un-evento-speciale-2\/\"><img loading=\"lazy\" decoding=\"async\" width=\"267\" height=\"200\" src=\"https:\/\/contentf5.dailynewshungary.com\/wp-content\/uploads\/2023\/07\/Moroccos-National-Day-celebrated-in-Budapest-with-a-special-event-9.jpg\" class=\"attachment-thumbnail size-thumbnail\" alt=\"La Giornata Nazionale del Marocco celebrata a Budapest con un evento speciale\" aria-describedby=\"gallery-3-567337\" srcset=\"https:\/\/contentf5.dailynewshungary.com\/wp-content\/uploads\/2023\/07\/Moroccos-National-Day-celebrated-in-Budapest-with-a-special-event-9.jpg 1067w, https:\/\/contentf5.dailynewshungary.com\/wp-content\/uploads\/2023\/07\/Moroccos-National-Day-celebrated-in-Budapest-with-a-special-event-9-768x576.jpg 768w, https:\/\/contentf5.dailynewshungary.com\/wp-content\/uploads\/2023\/07\/Moroccos-National-Day-celebrated-in-Budapest-with-a-special-event-9-296x222.jpg 296w, https:\/\/contentf5.dailynewshungary.com\/wp-content\/uploads\/2023\/07\/Moroccos-National-Day-celebrated-in-Budapest-with-a-special-event-9-1030x772.jpg 1030w, https:\/\/contentf5.dailynewshungary.com\/wp-content\/uploads\/2023\/07\/Moroccos-National-Day-celebrated-in-Budapest-with-a-special-event-9-100x75.jpg 100w, https:\/\/contentf5.dailynewshungary.com\/wp-content\/uploads\/2023\/07\/Moroccos-National-Day-celebrated-in-Budapest-with-a-special-event-9-960x720.jpg 960w, https:\/\/contentf5.dailynewshungary.com\/wp-content\/uploads\/2023\/07\/Moroccos-National-Day-celebrated-in-Budapest-with-a-special-event-9-480x360.jpg 480w\" sizes=\"auto, (max-width: 267px) 100vw, 267px\"><\/a>\n\t\t\t<\/div><figcaption class=\"wp-caption-text gallery-caption\" id=\"gallery-3-567337\">\n\t\t\t\tLa Giornata Nazionale del Marocco celebrata a Budapest con un evento speciale, 2023 Foto: Anna Popper<br \/>\n\t\t\t\t<\/figcaption><\/figure>\n<figure class=\"gallery-item\">\n<div class=\"gallery-icon landscape\">\n\t\t\t\t<a href=\"https:\/\/dailynewshungary.com\/it\/la-giornata-nazionale-del-marocco-celebrata-a-budapest-con-un-evento-speciale-2\/\"><img loading=\"lazy\" decoding=\"async\" width=\"267\" height=\"200\" src=\"https:\/\/contentf5.dailynewshungary.com\/wp-content\/uploads\/2023\/07\/Moroccos-National-Day-celebrated-in-Budapest-with-a-special-event-6.jpg\" class=\"attachment-thumbnail size-thumbnail\" alt=\"La Giornata Nazionale del Marocco celebrata a Budapest con un evento speciale\" aria-describedby=\"gallery-3-567334\" srcset=\"https:\/\/contentf5.dailynewshungary.com\/wp-content\/uploads\/2023\/07\/Moroccos-National-Day-celebrated-in-Budapest-with-a-special-event-6.jpg 1067w, https:\/\/contentf5.dailynewshungary.com\/wp-content\/uploads\/2023\/07\/Moroccos-National-Day-celebrated-in-Budapest-with-a-special-event-6-768x576.jpg 768w, https:\/\/contentf5.dailynewshungary.com\/wp-content\/uploads\/2023\/07\/Moroccos-National-Day-celebrated-in-Budapest-with-a-special-event-6-296x222.jpg 296w, https:\/\/contentf5.dailynewshungary.com\/wp-content\/uploads\/2023\/07\/Moroccos-National-Day-celebrated-in-Budapest-with-a-special-event-6-1030x772.jpg 1030w, https:\/\/contentf5.dailynewshungary.com\/wp-content\/uploads\/2023\/07\/Moroccos-National-Day-celebrated-in-Budapest-with-a-special-event-6-100x75.jpg 100w, https:\/\/contentf5.dailynewshungary.com\/wp-content\/uploads\/2023\/07\/Moroccos-National-Day-celebrated-in-Budapest-with-a-special-event-6-960x720.jpg 960w, https:\/\/contentf5.dailynewshungary.com\/wp-content\/uploads\/2023\/07\/Moroccos-National-Day-celebrated-in-Budapest-with-a-special-event-6-480x360.jpg 480w\" sizes=\"auto, (max-width: 267px) 100vw, 267px\"><\/a>\n\t\t\t<\/div><figcaption class=\"wp-caption-text gallery-caption\" id=\"gallery-3-567334\">\n\t\t\t\tLa Giornata Nazionale del Marocco celebrata a Budapest con un evento speciale, 2023 Foto: Anna Popper<br \/>\n\t\t\t\t<\/figcaption><\/figure>\n<figure class=\"gallery-item\">\n<div class=\"gallery-icon landscape\">\n\t\t\t\t<a href=\"https:\/\/dailynewshungary.com\/it\/la-giornata-nazionale-del-marocco-celebrata-a-budapest-con-un-evento-speciale-2\/\"><img loading=\"lazy\" decoding=\"async\" width=\"267\" height=\"200\" src=\"https:\/\/contentf5.dailynewshungary.com\/wp-content\/uploads\/2023\/07\/Moroccos-National-Day-celebrated-in-Budapest-with-a-special-event-7.jpg\" class=\"attachment-thumbnail size-thumbnail\" alt=\"La Giornata Nazionale del Marocco celebrata a Budapest con un evento speciale\" aria-describedby=\"gallery-3-567335\" srcset=\"https:\/\/contentf5.dailynewshungary.com\/wp-content\/uploads\/2023\/07\/Moroccos-National-Day-celebrated-in-Budapest-with-a-special-event-7.jpg 1067w, https:\/\/contentf5.dailynewshungary.com\/wp-content\/uploads\/2023\/07\/Moroccos-National-Day-celebrated-in-Budapest-with-a-special-event-7-768x576.jpg 768w, https:\/\/contentf5.dailynewshungary.com\/wp-content\/uploads\/2023\/07\/Moroccos-National-Day-celebrated-in-Budapest-with-a-special-event-7-296x222.jpg 296w, https:\/\/contentf5.dailynewshungary.com\/wp-content\/uploads\/2023\/07\/Moroccos-National-Day-celebrated-in-Budapest-with-a-special-event-7-1030x772.jpg 1030w, https:\/\/contentf5.dailynewshungary.com\/wp-content\/uploads\/2023\/07\/Moroccos-National-Day-celebrated-in-Budapest-with-a-special-event-7-100x75.jpg 100w, https:\/\/contentf5.dailynewshungary.com\/wp-content\/uploads\/2023\/07\/Moroccos-National-Day-celebrated-in-Budapest-with-a-special-event-7-960x720.jpg 960w, https:\/\/contentf5.dailynewshungary.com\/wp-content\/uploads\/2023\/07\/Moroccos-National-Day-celebrated-in-Budapest-with-a-special-event-7-480x360.jpg 480w\" sizes=\"auto, (max-width: 267px) 100vw, 267px\"><\/a>\n\t\t\t<\/div><figcaption class=\"wp-caption-text gallery-caption\" id=\"gallery-3-567335\">\n\t\t\t\tLa Giornata Nazionale del Marocco celebrata a Budapest con un evento speciale, 2023 Foto: Anna Popper<br \/>\n\t\t\t\t<\/figcaption><\/figure>\n<figure class=\"gallery-item\">\n<div class=\"gallery-icon landscape\">\n\t\t\t\t<a href=\"https:\/\/dailynewshungary.com\/it\/la-giornata-nazionale-del-marocco-celebrata-a-budapest-con-un-evento-speciale-2\/\"><img loading=\"lazy\" decoding=\"async\" width=\"267\" height=\"200\" src=\"https:\/\/contentf5.dailynewshungary.com\/wp-content\/uploads\/2023\/07\/Moroccos-National-Day-celebrated-in-Budapest-with-a-special-event-8.jpg\" class=\"attachment-thumbnail size-thumbnail\" alt=\"La Giornata Nazionale del Marocco celebrata a Budapest con un evento speciale\" aria-describedby=\"gallery-3-567336\" srcset=\"https:\/\/contentf5.dailynewshungary.com\/wp-content\/uploads\/2023\/07\/Moroccos-National-Day-celebrated-in-Budapest-with-a-special-event-8.jpg 1067w, https:\/\/contentf5.dailynewshungary.com\/wp-content\/uploads\/2023\/07\/Moroccos-National-Day-celebrated-in-Budapest-with-a-special-event-8-768x576.jpg 768w, https:\/\/contentf5.dailynewshungary.com\/wp-content\/uploads\/2023\/07\/Moroccos-National-Day-celebrated-in-Budapest-with-a-special-event-8-296x222.jpg 296w, https:\/\/contentf5.dailynewshungary.com\/wp-content\/uploads\/2023\/07\/Moroccos-National-Day-celebrated-in-Budapest-with-a-special-event-8-1030x772.jpg 1030w, https:\/\/contentf5.dailynewshungary.com\/wp-content\/uploads\/2023\/07\/Moroccos-National-Day-celebrated-in-Budapest-with-a-special-event-8-100x75.jpg 100w, https:\/\/contentf5.dailynewshungary.com\/wp-content\/uploads\/2023\/07\/Moroccos-National-Day-celebrated-in-Budapest-with-a-special-event-8-960x720.jpg 960w, https:\/\/contentf5.dailynewshungary.com\/wp-content\/uploads\/2023\/07\/Moroccos-National-Day-celebrated-in-Budapest-with-a-special-event-8-480x360.jpg 480w\" sizes=\"auto, (max-width: 267px) 100vw, 267px\"><\/a>\n\t\t\t<\/div><figcaption class=\"wp-caption-text gallery-caption\" id=\"gallery-3-567336\">\n\t\t\t\tLa Giornata Nazionale del Marocco celebrata a Budapest con un evento speciale, 2023 Foto: Anna Popper<br \/>\n\t\t\t\t<\/figcaption><\/figure>\n<\/p><\/div>\n","protected":false},"excerpt":{"rendered":"<p>Nel tardo pomeriggio del 30 luglio, in Ungheria \u00e8 stato celebrato il 24\u00b0 anniversario dell&#8217;ascesa al trono del re Mohammed VI del Marocco. Il 30 luglio 1999 si \u00e8 svolta a Rabat l&#8217;incoronazione dell&#8217;attuale re del Marocco, Sua Maest\u00e0 Mohammed VI. Questa giornata si celebra ogni anno in Marocco e nel mondo L&#8217;evento speciale \u00e8 [&hellip;]<\/p>\n","protected":false},"author":2,"featured_media":678749,"comment_status":"open","ping_status":"open","sticky":false,"template":"","format":"standard","meta":{"_display_image":"","footnotes":""},"categories":[1185],"tags":[1338,1091,1127],"class_list":["post-678748","post","type-post","status-publish","format-standard","has-post-thumbnail","hentry","category-politica-in-ungheria","tag-africa","tag-diplomazia","tag-galleria-fotografica"],"blocksy_meta":[],"author_username":"alk","telegram_post":"","public_post_metadata":{"breaking_news":"","important":"","csempe":"","center_tile":"","disable_thumbnail":"","target_lang":"","_featured_image_style":"","telegram_post":"","_xlat_group_id":""},"public_rank_math_data":{"title":"%titolo% %sep% %nomesito%","description":"Nel tardo pomeriggio del 30 luglio, in Ungheria \u00e8 stato celebrato il 24\u00b0 anniversario dell'ascesa al trono del re Mohamed VI del Marocco.","focus_keyword":"Marocco","canonical_url":"","robots":"","primary_category":"1185","breadcrumb_title":"","facebook_title":"","facebook_description":"","facebook_image":"","facebook_image_id":"","twitter_title":"","twitter_description":"","twitter_image":"","twitter_image_id":"","twitter_card_type":"","twitter_use_facebook":"","advanced_robots":"","pillar_content":"","seo_score":"68","contentai_score":"","rich_snippet":""},"_links":{"self":[{"href":"https:\/\/dailynewshungary.com\/it\/wp-json\/wp\/v2\/posts\/678748","targetHints":{"allow":["GET"]}}],"collection":[{"href":"https:\/\/dailynewshungary.com\/it\/wp-json\/wp\/v2\/posts"}],"about":[{"href":"https:\/\/dailynewshungary.com\/it\/wp-json\/wp\/v2\/types\/post"}],"author":[{"embeddable":true,"href":"https:\/\/dailynewshungary.com\/it\/wp-json\/wp\/v2\/users\/2"}],"replies":[{"embeddable":true,"href":"https:\/\/dailynewshungary.com\/it\/wp-json\/wp\/v2\/comments?post=678748"}],"version-history":[{"count":0,"href":"https:\/\/dailynewshungary.com\/it\/wp-json\/wp\/v2\/posts\/678748\/revisions"}],"wp:featuredmedia":[{"embeddable":true,"href":"https:\/\/dailynewshungary.com\/it\/wp-json\/wp\/v2\/media\/678749"}],"wp:attachment":[{"href":"https:\/\/dailynewshungary.com\/it\/wp-json\/wp\/v2\/media?parent=678748"}],"wp:term":[{"taxonomy":"category","embeddable":true,"href":"https:\/\/dailynewshungary.com\/it\/wp-json\/wp\/v2\/categories?post=678748"},{"taxonomy":"post_tag","embeddable":true,"href":"https:\/\/dailynewshungary.com\/it\/wp-json\/wp\/v2\/tags?post=678748"}],"curies":[{"name":"wp","href":"https:\/\/api.w.org\/{rel}","templated":true}]}}