{"id":679009,"date":"2023-07-24T07:34:39","date_gmt":"2023-07-24T05:34:39","guid":{"rendered":"https:\/\/dailynewshungary.com\/it\/il-vice-primo-ministro-inaugura-la-casa-degli-affari-ungheresi-in-romania-2\/"},"modified":"2023-07-24T07:34:39","modified_gmt":"2023-07-24T05:34:39","slug":"il-vice-primo-ministro-inaugura-la-casa-degli-affari-ungheresi-in-romania-2","status":"publish","type":"post","link":"https:\/\/dailynewshungary.com\/it\/il-vice-primo-ministro-inaugura-la-casa-degli-affari-ungheresi-in-romania-2\/","title":{"rendered":"Il vice primo ministro inaugura la Casa degli affari ungheresi in Romania"},"content":{"rendered":"<p><strong>Il vice primo ministro Zsolt Semj\u00e9n ha inaugurato sabato la Casa degli affari ungheresi a Miercurea Ciuc (Cs\u00edkszereda), nella Romania centrale.<\/strong><\/p>\n<p>Rivolgendosi alla cerimonia, <a href=\"https:\/\/dailynewshungary.com\/it\/il-vice-di-orban-parla-di-una-riunificazione-speciale-della-nazione-ungherese-2\/\">Semj\u00e9n<\/a> detto che l&#8217;edificio, che \u00e8 stato acquistato e ristrutturato dalla Fondazione Scuola con il sostegno del governo ungherese, conteneva \u201ctutto ci\u00f2 che riguarda il mondo ungherese\u201d Ha chiesto la creazione di \u201cpiccoli mondi ungheresi simili\u201d in localit\u00e0 abitate da ungheresi.<\/p>\n<p>L&#8217;istituzione ospiter\u00e0 la Fondazione Pro Economica, l&#8217;Associazione delle organizzazioni degli agricoltori Szekler e la Fondazione Eurotrans che si occuper\u00e0 delle questioni relative alla cittadinanza ungherese Hunor Kelemen, leader dell&#8217;Alleanza Democratica degli Ungheresi in Romania (<a href=\"https:\/\/dailynewshungary.com\/it\/la-grande-rapina-al-treno-britannico-come-una-banda-di-15-uomini-rubo-26-milioni-di-sterline-nel-1963\/\">RMDSZ<\/a>), ha sottolineato l&#8217;importanza della partnership con il governo ungherese, affermando che \u201cogni affare a Miercurea Ciuc \u00e8 un affare ungherese\u201d.<\/p>\n<p>Zoltan Levente Nagy, responsabile della Fondazione Scuola, ha dichiarato che l&#8217;acquisto e la ristrutturazione dell&#8217;edificio sono costati 793 milioni di fiorini (2,1 milioni di euro).<\/p>\n","protected":false},"excerpt":{"rendered":"<p>Il vice primo ministro Zsolt Semj\u00e9n ha inaugurato sabato la Casa degli affari ungheresi a Miercurea Ciuc (Cs\u00edkszereda), nella Romania centrale. Rivolgendosi alla cerimonia, Semj\u00e9n detto che l&#8217;edificio, che \u00e8 stato acquistato e ristrutturato dalla Fondazione Scuola con il sostegno del governo ungherese, conteneva \u201ctutto ci\u00f2 che riguarda il mondo ungherese\u201d Ha chiesto la creazione [&hellip;]<\/p>\n","protected":false},"author":50,"featured_media":679010,"comment_status":"open","ping_status":"open","sticky":false,"template":"","format":"standard","meta":{"_display_image":"","footnotes":""},"categories":[1185],"tags":[1079,1171,1224,1173],"class_list":["post-679009","post","type-post","status-publish","format-standard","has-post-thumbnail","hentry","category-politica-in-ungheria","tag-governo-ungherese","tag-romania","tag-szeklerland","tag-transilvania"],"blocksy_meta":[],"author_username":"dnh","telegram_post":"","public_post_metadata":{"breaking_news":"","important":"","csempe":"","center_tile":"","disable_thumbnail":"","target_lang":"","_featured_image_style":"","telegram_post":"","_xlat_group_id":""},"public_rank_math_data":{"title":"%titolo% %sep% %nomesito%","description":"Il vice primo ministro Zsolt Semj\u00e9n ha inaugurato la Casa degli affari ungheresi a Miercurea Ciuc (Cs\u00edkszereda), nella Romania centrale","focus_keyword":"Casa degli Affari Ungheresi","canonical_url":"","robots":"","primary_category":"1185","breadcrumb_title":"","facebook_title":"","facebook_description":"","facebook_image":"","facebook_image_id":"","twitter_title":"","twitter_description":"","twitter_image":"","twitter_image_id":"","twitter_card_type":"","twitter_use_facebook":"","advanced_robots":"","pillar_content":"","seo_score":"59","contentai_score":"","rich_snippet":""},"_links":{"self":[{"href":"https:\/\/dailynewshungary.com\/it\/wp-json\/wp\/v2\/posts\/679009","targetHints":{"allow":["GET"]}}],"collection":[{"href":"https:\/\/dailynewshungary.com\/it\/wp-json\/wp\/v2\/posts"}],"about":[{"href":"https:\/\/dailynewshungary.com\/it\/wp-json\/wp\/v2\/types\/post"}],"author":[{"embeddable":true,"href":"https:\/\/dailynewshungary.com\/it\/wp-json\/wp\/v2\/users\/50"}],"replies":[{"embeddable":true,"href":"https:\/\/dailynewshungary.com\/it\/wp-json\/wp\/v2\/comments?post=679009"}],"version-history":[{"count":0,"href":"https:\/\/dailynewshungary.com\/it\/wp-json\/wp\/v2\/posts\/679009\/revisions"}],"wp:featuredmedia":[{"embeddable":true,"href":"https:\/\/dailynewshungary.com\/it\/wp-json\/wp\/v2\/media\/679010"}],"wp:attachment":[{"href":"https:\/\/dailynewshungary.com\/it\/wp-json\/wp\/v2\/media?parent=679009"}],"wp:term":[{"taxonomy":"category","embeddable":true,"href":"https:\/\/dailynewshungary.com\/it\/wp-json\/wp\/v2\/categories?post=679009"},{"taxonomy":"post_tag","embeddable":true,"href":"https:\/\/dailynewshungary.com\/it\/wp-json\/wp\/v2\/tags?post=679009"}],"curies":[{"name":"wp","href":"https:\/\/api.w.org\/{rel}","templated":true}]}}