{"id":679736,"date":"2023-07-04T16:34:28","date_gmt":"2023-07-04T14:34:28","guid":{"rendered":"https:\/\/dailynewshungary.com\/it\/prospettive-cupe-i-treni-delle-ferrovie-dello-stato-ungheresi-potrebbero-non-sopravvivere-questestate-2\/"},"modified":"2023-07-04T16:34:28","modified_gmt":"2023-07-04T14:34:28","slug":"prospettive-cupe-i-treni-delle-ferrovie-dello-stato-ungheresi-potrebbero-non-sopravvivere-questestate-2","status":"publish","type":"post","link":"https:\/\/dailynewshungary.com\/it\/prospettive-cupe-i-treni-delle-ferrovie-dello-stato-ungheresi-potrebbero-non-sopravvivere-questestate-2\/","title":{"rendered":"Prospettive cupe: i treni delle Ferrovie dello Stato ungheresi potrebbero non sopravvivere quest\u2019estate"},"content":{"rendered":"<p><strong>Le Ferrovie dello Stato Ungheresi, gli autobus Intercity di M\u00c1V potrebbero non sopravvivere quest&#8217;estate Oltre ai servizi regionali, i treni Intercity presentano gravi carenze Nel frattempo, il governo ha interrotto l&#8217;acquisto della nuova flotta Intercity per ragioni di bilancio.<\/strong><\/p>\n<h2>Nuovi treni IC nella flotta di M\u00c1V, la situazione \u00e8 ancora drammatica<\/h2>\n<p>Anche se <a href=\"https:\/\/dailynewshungary.com\/it\/la-grande-rapina-al-treno-britannico-come-una-banda-di-15-uomini-rubo-26-milioni-di-sterline-nel-1963\/\">MAV<\/a> ha aggiunto 120 treni elettrici alla sua flotta negli ultimi 10 anni, l&#8217;ex segretario di stato per i trasporti dice che la situazione della flotta ferroviaria ungherese \u00e8 drammatica In un&#8217;intervista con <a href=\"https:\/\/novekedes.hu\/interju\/vitezy-david-adhatjuk-olcson-a-vonatjegyet-ha-a-jarmupark-romokban-van-nem-tudunk-uj-utasokat-bevonzani\" target=\"_blank\" rel=\"noopener\">noveked\u00e9s.hu<\/a>, D\u00e1vid Vit\u00e9zy ha sottolineato che oltre ai servizi regionali, i treni Intercity si trovano ad affrontare gravi carenze.<\/p>\n<p>\u201cAccade ogni giorno che un treno InterCity si rompa, e M\u00c1V sostituisce gli autobus InterCity con pullman ad alta velocit\u00e0 obsoleti senza aria condizionata, causando lunghi ritardi e interruzioni Questo pu\u00f2 diventare un limite alla crescita dei passeggeri, ha detto la\u201d Vit\u00e9zy Secondo lui, \u00e8 impossibile attirare passeggeri con veicoli in una tale condizione.<\/p>\n<h2>Gli appalti sono stati interrotti, discutibile come la flotta sopravviver\u00e0 quest&#8217;estate<\/h2>\n<p>Ha fatto notare che il <a href=\"https:\/\/dailynewshungary.com\/it\/la-grande-rapina-al-treno-britannico-come-una-banda-di-15-uomini-rubo-26-milioni-di-sterline-nel-1963\/\">governo<\/a> ha interrotto l&#8217;approvvigionamento della nuova flotta Intercity per motivi di bilancio Nel frattempo, la domanda di nuovi veicoli ferroviari in Europa \u00e8 ora cos\u00ec elevata che i produttori stanno lavorando con una lista d&#8217;attesa di 4-5 anni.<\/p>\n<p>Inoltre, come ha lasciato intendere, \u00e8 discutibile per lui come la flotta a lunga distanza di M\u00c1V sopravviver\u00e0 questa stagione estiva, per non parlare dei prossimi 3-4 o addirittura 5 anni.<\/p>\n<h2>Niente condizionatore, finestre chiuse<\/h2>\n<p>Per illustrare la cupa situazione, questa mattina, \u00e8 stato pubblicato un articolo da <a href=\"https:\/\/index.hu\/belfold\/2023\/07\/04\/nyiregyhaza-budapest-ic-legkondi-rossz-ablak-vonat\/\" target=\"_blank\" rel=\"noopener\">Indice<\/a> sullo stato deplorevole di una carrozza M\u00c1V I passeggeri del treno InterCity da Ny\u00edregyh\u00e1za a Budapest hanno avuto un&#8217;esperienza di \u201cre\u201d mozzafiato domenica sera Diversi passeggeri si sono lamentati di viaggiare con un caldo insopportabile su uno dei treni di M\u00c1V, con persone sul punto di sentirsi male Il sindacato dei ferrovieri (Vasutasok Szakszervezete) ha affermato che in futuro dovrebbero essere previsti ulteriori guasti. M\u00c1V ha risposto che pianificano costantemente miglioramenti, ma spesso affrontano ostacoli finanziari.<\/p>\n<blockquote>\n<p>L&#8217;aria condizionata della carrozza non funzionava e i finestrini venivano aperti solo dopo un&#8217;ora e mezza di viaggio.<\/p>\n<\/blockquote>\n<p>Secondo un passeggero, un controllore della biglietteria non ha aperto un finestrino finch\u00e9 diverse persone non hanno gi\u00e0 chiamato il servizio clienti di M\u00c1V per lamentarsi.<\/p>\n<p>\u201cFaceva un caldo terribile, vedevo gente che si gonfiava, c&#8217;erano diversi bambini che si sventolavano e tutti cercavano di prendere qualcosa da bere, ha detto il re\u201d, un passeggero del treno <a href=\"https:\/\/rtl.hu\/hirado\/2023\/07\/03\/vonatok-hoseg-mac-ic-legkondi-nyiregyhaza-budapest\" target=\"_blank\" rel=\"noopener\">RTL<\/a>. Il passeggero ha aggiunto che, sebbene fosse possibile acquistare acqua sul treno, non veniva offerta gratuitamente nonostante le pessime condizioni.<\/p>\n","protected":false},"excerpt":{"rendered":"<p>Le Ferrovie dello Stato Ungheresi, gli autobus Intercity di M\u00c1V potrebbero non sopravvivere quest&#8217;estate Oltre ai servizi regionali, i treni Intercity presentano gravi carenze Nel frattempo, il governo ha interrotto l&#8217;acquisto della nuova flotta Intercity per ragioni di bilancio. Nuovi treni IC nella flotta di M\u00c1V, la situazione \u00e8 ancora drammatica Anche se MAV ha [&hellip;]<\/p>\n","protected":false},"author":62,"featured_media":679737,"comment_status":"open","ping_status":"open","sticky":false,"template":"","format":"standard","meta":{"_display_image":"yes","footnotes":""},"categories":[1207],"tags":[1079,1494,1329,1072,1073],"class_list":["post-679736","post","type-post","status-publish","format-standard","has-post-thumbnail","hentry","category-societa-in-ungheria","tag-governo-ungherese","tag-mav","tag-trasporti-pubblici","tag-turismo","tag-viaggi"],"blocksy_meta":[],"author_username":"hmercedesz","telegram_post":"","public_post_metadata":{"breaking_news":"","important":"","csempe":"","center_tile":"","disable_thumbnail":"","target_lang":"","_featured_image_style":"hidden","telegram_post":"","_xlat_group_id":""},"public_rank_math_data":{"title":"%titolo% %sep% %nomesito%","description":"Gli autobus Intercity di M\u00c1V potrebbero non sopravvivere quest'estate Oltre ai servizi regionali, i treni Intercity presentano gravi carenze.","focus_keyword":"treni","canonical_url":"","robots":"","primary_category":"1207","breadcrumb_title":"","facebook_title":"","facebook_description":"","facebook_image":"","facebook_image_id":"","twitter_title":"","twitter_description":"","twitter_image":"","twitter_image_id":"","twitter_card_type":"","twitter_use_facebook":"","advanced_robots":"","pillar_content":"","seo_score":"73","contentai_score":"","rich_snippet":""},"_links":{"self":[{"href":"https:\/\/dailynewshungary.com\/it\/wp-json\/wp\/v2\/posts\/679736","targetHints":{"allow":["GET"]}}],"collection":[{"href":"https:\/\/dailynewshungary.com\/it\/wp-json\/wp\/v2\/posts"}],"about":[{"href":"https:\/\/dailynewshungary.com\/it\/wp-json\/wp\/v2\/types\/post"}],"author":[{"embeddable":true,"href":"https:\/\/dailynewshungary.com\/it\/wp-json\/wp\/v2\/users\/62"}],"replies":[{"embeddable":true,"href":"https:\/\/dailynewshungary.com\/it\/wp-json\/wp\/v2\/comments?post=679736"}],"version-history":[{"count":0,"href":"https:\/\/dailynewshungary.com\/it\/wp-json\/wp\/v2\/posts\/679736\/revisions"}],"wp:featuredmedia":[{"embeddable":true,"href":"https:\/\/dailynewshungary.com\/it\/wp-json\/wp\/v2\/media\/679737"}],"wp:attachment":[{"href":"https:\/\/dailynewshungary.com\/it\/wp-json\/wp\/v2\/media?parent=679736"}],"wp:term":[{"taxonomy":"category","embeddable":true,"href":"https:\/\/dailynewshungary.com\/it\/wp-json\/wp\/v2\/categories?post=679736"},{"taxonomy":"post_tag","embeddable":true,"href":"https:\/\/dailynewshungary.com\/it\/wp-json\/wp\/v2\/tags?post=679736"}],"curies":[{"name":"wp","href":"https:\/\/api.w.org\/{rel}","templated":true}]}}