{"id":680381,"date":"2023-06-17T21:40:23","date_gmt":"2023-06-17T19:40:23","guid":{"rendered":"https:\/\/dailynewshungary.com\/it\/puskas-vino-tokaji-porcellana-herend-marchi-con-cui-gli-stranieri-identificano-lungheria-2\/"},"modified":"2023-06-17T21:40:23","modified_gmt":"2023-06-17T19:40:23","slug":"puskas-vino-tokaji-porcellana-herend-marchi-con-cui-gli-stranieri-identificano-lungheria-2","status":"publish","type":"post","link":"https:\/\/dailynewshungary.com\/it\/puskas-vino-tokaji-porcellana-herend-marchi-con-cui-gli-stranieri-identificano-lungheria-2\/","title":{"rendered":"Pusk\u00e1s, vino Tokaji, porcellana Herend: marchi con cui gli stranieri identificano l\u2019Ungheria"},"content":{"rendered":"<p><strong>Tibor Navracsics, ministro dello sviluppo regionale, sabato ha chiesto lo sviluppo di regioni, attrazioni e marchi ungheresi iconici riconoscibili all&#8217;estero.<\/strong><\/p>\n<p>Rivolgendosi alla conferenza d&#8217;affari iCon a Tarcal, nell&#8217;Ungheria nord-orientale, <a href=\"https:\/\/dailynewshungary.com\/it\/ministro-ungherese-i-giovani-europei-diventano-radicali-2\/\">Navracsics<\/a> detto che il <a href=\"https:\/\/dailynewshungary.com\/it\/tokaj-ungherese-la-prima-regione-vinicola-ufficiale-in-europa\/\">Regione vinicola Tokaj<\/a> aveva il potenziale per essere una delle regioni pi\u00f9 importanti non solo in Ungheria ma anche in Europa centrale Circa 120-150 miliardi di fiorini (EUR 321-400m) di sviluppi sono stati o sono in corso di realizzazione nella regione di Tokaj e nei suoi dintorni come parte di vari programmi operativi, ha detto il ministro Ha aggiunto che il governo ha bisogno di sviluppare il marchio di Pusk\u00e1s, vino Tokaji e porcellana Herend perch\u00e9 questi sono i \u201cmarchi\u201d con cui gli stranieri collegano l&#8217;Ungheria<a href=\"https:\/\/hirado.hu\/belfold\/cikk\/2023\/06\/17\/navracsics-tibor-fejleszteni-kell-tokaj-herend-es-puskas-kultuszat\" target=\"_blank\" rel=\"noopener\"> ha scritto Hirado.hu<\/a>.<\/p>\n<figure id=\"attachment_473521\" aria-describedby=\"caption-attachment-473521\" style=\"width: 329px\" class=\"wp-caption aligncenter\"><img loading=\"lazy\" decoding=\"async\" class=\"wp-image-473521\" src=\"https:\/\/dailynewshungary.com\/wp-content\/uploads\/2022\/03\/rsz_ferenc_puskas.jpg\" alt=\"ferenc pusk\u00e1s\" width=\"329\" height=\"500\" srcset=\"https:\/\/contentf5.dailynewshungary.com\/wp-content\/uploads\/2022\/03\/rsz_ferenc_puskas.jpg 1280w, https:\/\/contentf5.dailynewshungary.com\/wp-content\/uploads\/2022\/03\/rsz_ferenc_puskas-768x1168.jpg 768w, https:\/\/contentf5.dailynewshungary.com\/wp-content\/uploads\/2022\/03\/rsz_ferenc_puskas-1010x1536.jpg 1010w, https:\/\/contentf5.dailynewshungary.com\/wp-content\/uploads\/2022\/03\/rsz_ferenc_puskas-350x532.jpg 350w, https:\/\/contentf5.dailynewshungary.com\/wp-content\/uploads\/2022\/03\/rsz_ferenc_puskas-248x377.jpg 248w, https:\/\/contentf5.dailynewshungary.com\/wp-content\/uploads\/2022\/03\/rsz_ferenc_puskas-1030x1567.jpg 1030w, https:\/\/contentf5.dailynewshungary.com\/wp-content\/uploads\/2022\/03\/rsz_ferenc_puskas-96x146.jpg 96w, https:\/\/contentf5.dailynewshungary.com\/wp-content\/uploads\/2022\/03\/rsz_ferenc_puskas-33x50.jpg 33w, https:\/\/contentf5.dailynewshungary.com\/wp-content\/uploads\/2022\/03\/rsz_ferenc_puskas-49x75.jpg 49w\" sizes=\"auto, (max-width: 329px) 100vw, 329px\"><figcaption id=\"caption-attachment-473521\" class=\"wp-caption-text\">Ferenc Pusk\u00e1s nel 1971. Fonte: Wikipedia.<\/figcaption><\/figure>\n<p>Fino a poco tempo fa, la regione di Tokaj-Hegyalja rappresentava una sorta di sfida di politica economica, poich\u00e9 pu\u00f2 anche beneficiare di finanziamenti per lo sviluppo regionale da parte del paese <a href=\"https:\/\/dailynewshungary.com\/it\/la-grande-rapina-al-treno-britannico-come-una-banda-di-15-uomini-rubo-26-milioni-di-sterline-nel-1963\/\">Unione europea<\/a>, ha detto. Il collegamento autostradale recentemente completato tra Miskolc e Kosice (Kassa) in Slovacchia pu\u00f2 aiutare a collegare Tokaj al flusso sanguigno dell&#8217;economia ungherese, ha detto Navracsics, aggiungendo che anche il cosiddetto programma Tokaj \u00e8 dedicato al finanziamento della regione.<\/p>\n<figure id=\"attachment_461117\" aria-describedby=\"caption-attachment-461117\" style=\"width: 500px\" class=\"wp-caption aligncenter\"><img loading=\"lazy\" decoding=\"async\" class=\"wp-image-461117\" src=\"https:\/\/dailynewshungary.com\/wp-content\/uploads\/2022\/01\/Herend-Porcelain-2.webp\" alt=\"Porcellana Herend 2\" width=\"500\" height=\"500\" srcset=\"https:\/\/contentf5.dailynewshungary.com\/wp-content\/uploads\/2022\/01\/Herend-Porcelain-2.webp 1080w, https:\/\/contentf5.dailynewshungary.com\/wp-content\/uploads\/2022\/01\/Herend-Porcelain-2-768x768.webp 768w, https:\/\/contentf5.dailynewshungary.com\/wp-content\/uploads\/2022\/01\/Herend-Porcelain-2-350x350.webp 350w, https:\/\/contentf5.dailynewshungary.com\/wp-content\/uploads\/2022\/01\/Herend-Porcelain-2-248x248.webp 248w, https:\/\/contentf5.dailynewshungary.com\/wp-content\/uploads\/2022\/01\/Herend-Porcelain-2-1030x1030.webp 1030w, https:\/\/contentf5.dailynewshungary.com\/wp-content\/uploads\/2022\/01\/Herend-Porcelain-2-146x146.webp 146w, https:\/\/contentf5.dailynewshungary.com\/wp-content\/uploads\/2022\/01\/Herend-Porcelain-2-50x50.webp 50w, https:\/\/contentf5.dailynewshungary.com\/wp-content\/uploads\/2022\/01\/Herend-Porcelain-2-75x75.webp 75w, https:\/\/contentf5.dailynewshungary.com\/wp-content\/uploads\/2022\/01\/Herend-Porcelain-2-85x85.webp 85w, https:\/\/contentf5.dailynewshungary.com\/wp-content\/uploads\/2022\/01\/Herend-Porcelain-2-80x80.webp 80w, https:\/\/contentf5.dailynewshungary.com\/wp-content\/uploads\/2022\/01\/Herend-Porcelain-2-1020x1020.webp 1020w\" sizes=\"auto, (max-width: 500px) 100vw, 500px\"><figcaption id=\"caption-attachment-461117\" class=\"wp-caption-text\">Foto: facebook.com\/Herendporcelan<\/figcaption><\/figure>\n<p>Alla domanda su un arresto del sostegno interno, Navracsics ha affermato che la situazione dell&#8217;economia e del bilancio ungheresi \u00e8 stata modificata da una serie di circostanze dal febbraio 2022. l&#8217;aumento dei prezzi dell&#8217;energia dovuto alla guerra \u00e8 costato al bilancio statale circa 4.000 miliardi di fiorini solo lo scorso anno, ha detto Poich\u00e9 l&#8217;Ungheria \u00e8 destinata a ricevere meno di 10.000 miliardi di fiorini in finanziamenti UE nel ciclo finanziario 2021-2027, il governo \u00e8 stato costretto a sospendere e riesaminare i suoi progetti di sviluppo regionale, ha detto Navracsics.<\/p>\n<figure id=\"attachment_235940\" aria-describedby=\"caption-attachment-235940\" style=\"width: 500px\" class=\"wp-caption aligncenter\"><img loading=\"lazy\" decoding=\"async\" class=\"wp-image-235940\" src=\"https:\/\/dailynewshungary.com\/wp-content\/uploads\/2019\/03\/Tokaj-wine-best-region-Hungary-1024x683.jpg\" alt=\"Tokaj, vino, migliore, regione, Ungheria\" width=\"500\" height=\"333\" srcset=\"https:\/\/contentf5.dailynewshungary.com\/wp-content\/uploads\/2019\/03\/Tokaj-wine-best-region-Hungary-1024x683.jpg 1024w, https:\/\/contentf5.dailynewshungary.com\/wp-content\/uploads\/2019\/03\/Tokaj-wine-best-region-Hungary-300x200.jpg 300w, https:\/\/contentf5.dailynewshungary.com\/wp-content\/uploads\/2019\/03\/Tokaj-wine-best-region-Hungary-768x512.jpg 768w, https:\/\/contentf5.dailynewshungary.com\/wp-content\/uploads\/2019\/03\/Tokaj-wine-best-region-Hungary-220x147.jpg 220w, https:\/\/contentf5.dailynewshungary.com\/wp-content\/uploads\/2019\/03\/Tokaj-wine-best-region-Hungary-600x400.jpg 600w, https:\/\/contentf5.dailynewshungary.com\/wp-content\/uploads\/2019\/03\/Tokaj-wine-best-region-Hungary-200x133.jpg 200w, https:\/\/contentf5.dailynewshungary.com\/wp-content\/uploads\/2019\/03\/Tokaj-wine-best-region-Hungary-1080x720.jpg 1080w, https:\/\/contentf5.dailynewshungary.com\/wp-content\/uploads\/2019\/03\/Tokaj-wine-best-region-Hungary.jpg 1920w\" sizes=\"auto, (max-width: 500px) 100vw, 500px\"><figcaption id=\"caption-attachment-235940\" class=\"wp-caption-text\">Vino Tokaj. Foto: facebook.com\/winelovers.hu<\/figcaption><\/figure>\n","protected":false},"excerpt":{"rendered":"<p>Tibor Navracsics, ministro dello sviluppo regionale, sabato ha chiesto lo sviluppo di regioni, attrazioni e marchi ungheresi iconici riconoscibili all&#8217;estero. Rivolgendosi alla conferenza d&#8217;affari iCon a Tarcal, nell&#8217;Ungheria nord-orientale, Navracsics detto che il Regione vinicola Tokaj aveva il potenziale per essere una delle regioni pi\u00f9 importanti non solo in Ungheria ma anche in Europa centrale [&hellip;]<\/p>\n","protected":false},"author":50,"featured_media":680382,"comment_status":"open","ping_status":"open","sticky":false,"template":"","format":"standard","meta":{"_display_image":"yes","footnotes":""},"categories":[1185],"tags":[1520,1079,1075,1354],"class_list":["post-680381","post","type-post","status-publish","format-standard","has-post-thumbnail","hentry","category-politica-in-ungheria","tag-governo","tag-governo-ungherese","tag-unione-europea","tag-vino-ungherese"],"blocksy_meta":[],"author_username":"dnh","telegram_post":"","public_post_metadata":{"breaking_news":"","important":"","csempe":"","center_tile":"","disable_thumbnail":"","target_lang":"","_featured_image_style":"hidden","telegram_post":"","_xlat_group_id":""},"public_rank_math_data":{"title":"%titolo% %sep% %nomesito%","description":"Il ministro dello sviluppo regionale ha affermato che Pusk\u00e1s, la porcellana Herend e i vini Tokaji sono i tre marchi che l'Ungheria dovrebbe sviluppare","focus_keyword":"Pusk\u00e1s","canonical_url":"","robots":"","primary_category":"1185","breadcrumb_title":"","facebook_title":"","facebook_description":"","facebook_image":"","facebook_image_id":"","twitter_title":"","twitter_description":"","twitter_image":"","twitter_image_id":"","twitter_card_type":"","twitter_use_facebook":"","advanced_robots":"","pillar_content":"","seo_score":"70","contentai_score":"","rich_snippet":""},"_links":{"self":[{"href":"https:\/\/dailynewshungary.com\/it\/wp-json\/wp\/v2\/posts\/680381","targetHints":{"allow":["GET"]}}],"collection":[{"href":"https:\/\/dailynewshungary.com\/it\/wp-json\/wp\/v2\/posts"}],"about":[{"href":"https:\/\/dailynewshungary.com\/it\/wp-json\/wp\/v2\/types\/post"}],"author":[{"embeddable":true,"href":"https:\/\/dailynewshungary.com\/it\/wp-json\/wp\/v2\/users\/50"}],"replies":[{"embeddable":true,"href":"https:\/\/dailynewshungary.com\/it\/wp-json\/wp\/v2\/comments?post=680381"}],"version-history":[{"count":0,"href":"https:\/\/dailynewshungary.com\/it\/wp-json\/wp\/v2\/posts\/680381\/revisions"}],"wp:featuredmedia":[{"embeddable":true,"href":"https:\/\/dailynewshungary.com\/it\/wp-json\/wp\/v2\/media\/680382"}],"wp:attachment":[{"href":"https:\/\/dailynewshungary.com\/it\/wp-json\/wp\/v2\/media?parent=680381"}],"wp:term":[{"taxonomy":"category","embeddable":true,"href":"https:\/\/dailynewshungary.com\/it\/wp-json\/wp\/v2\/categories?post=680381"},{"taxonomy":"post_tag","embeddable":true,"href":"https:\/\/dailynewshungary.com\/it\/wp-json\/wp\/v2\/tags?post=680381"}],"curies":[{"name":"wp","href":"https:\/\/api.w.org\/{rel}","templated":true}]}}