{"id":680798,"date":"2023-06-06T21:04:47","date_gmt":"2023-06-06T19:04:47","guid":{"rendered":"https:\/\/dailynewshungary.com\/it\/budapest-per-portare-il-governo-in-tribunale-2\/"},"modified":"2023-06-06T21:04:47","modified_gmt":"2023-06-06T19:04:47","slug":"budapest-per-portare-il-governo-in-tribunale-2","status":"publish","type":"post","link":"https:\/\/dailynewshungary.com\/it\/budapest-per-portare-il-governo-in-tribunale-2\/","title":{"rendered":"Budapest per portare il governo in tribunale"},"content":{"rendered":"<p><strong>Il consiglio municipale di Budapest intenter\u00e0 una causa presso il tribunale municipale di Budapest per l&#8217;importo dovuto al governo centrale in tassa di solidariet\u00e0, ha detto Gergely Kar\u00e1csony, sindaco della citt\u00e0.<\/strong><\/p>\n<p>Il <a href=\"https:\/\/dailynewshungary.com\/it\/la-grande-rapina-al-treno-britannico-come-una-banda-di-15-uomini-rubo-26-milioni-di-sterline-nel-1963\/\">causa legale<\/a> ha lo scopo di far rispettare i diritti di <a href=\"https:\/\/dailynewshungary.com\/it\/la-grande-rapina-al-treno-britannico-come-una-banda-di-15-uomini-rubo-26-milioni-di-sterline-nel-1963\/\">Budapest<\/a> residenti, Kar\u00e1csony ha dichiarato in una conferenza stampa, sostenendo che i 58 miliardi di fiorini (156,9 milioni di euro) di tassa di solidariet\u00e0 dovuti al governo erano \u201cillegittima perch\u00e9 erano 25 miliardi di fiorini in pi\u00f9 rispetto al finanziamento ricevuto dal consiglio comunale.<\/p>\n<p>Il consiglio comunale sta cercando una protezione legale immediata per garantire che il tesoro statale non possa addebitare il proprio conto fino a quando non verr\u00e0 emessa una sentenza vincolante sul caso, ha detto il sindaco.<\/p>\n<p><iframe loading=\"lazy\" style=\"border: none; overflow: hidden;\" src=\"https:\/\/www.facebook.com\/plugins\/post.php?href=https%3A%2F%2Fwww.facebook.com%2Fkaracsonygergely%2Fposts%2Fpfbid0CqmVTXF3awc7H9Cq9LFPXEwKmfma8thusHpPCq8gmQ2eaz4xqSCj4CdMFyqv6axEl&amp;show_text=true&amp;width=500\" width=\"500\" height=\"750\" frameborder=\"0\" scrolling=\"no\" allowfullscreen=\"allowfullscreen\"><span data-mce-type=\"bookmark\" style=\"display: inline-block; larghezza: 0px; overflow: hidden; line-height: 0;\" class=\"mce_SELRES_start\"> <\/span><span data-mce-type=\"bookmark\" style=\"display: inline-block; width: 0px; overflow: hidden; line-height: 0;\" class=\"mce_SELRES_start\"> <\/span><\/iframe><\/p>\n<p>Citando i trattati internazionali, la costituzione e la legge sui consigli locali, Kar\u00e1csony ha affermato che i consigli locali possono beneficiare di finanziamenti statali per adempiere alle loro funzioni.<\/p>\n<p>\u201cIl governo sta scavando nelle tasche del consiglio comunale quando toglie 25 miliardi di fiorini al bilancio centrale, ha detto il sindaco.<\/p>\n<p>Ha detto di non credere che la tassa di solidariet\u00e0 venga utilizzata per finanziare localit\u00e0 pi\u00f9 piccole, sostenendo che il denaro confluisce nel bilancio centrale \u201c, che pu\u00f2 essere utilizzato per finanziare ogni sorta di cose\u201d.<\/p>\n<p>Kar\u00e1csony ha detto che la questione non riguarda il fatto che Budapest non mostri alcuna solidariet\u00e0. \u201cSappiamo benissimo che essere la capitale della nazione \u00e8 una responsabilit\u00e0 enorme, ha detto il\u201d Kar\u00e1csony.<\/p>\n<p>\u201c\u00c8 la stessa responsabilit\u00e0 che sentiamo quando non permettiamo un calo della qualit\u00e0 dei servizi di Budapest, poich\u00e9 Budapest rappresenta il 38% della produzione economica dell&#8217;Ungheria.\u201d<\/p>\n<p>La capitale della nazione lotta per le sue entrate nell&#8217;interesse proprio e del paese, ha detto il sindaco.<\/p>\n<p>In risposta ad una domanda, Kar\u00e1csony ha detto che se la corte si pronunciasse a favore del consiglio comunale, la questione del finanziamento del consiglio locale andrebbe in pezzi come un castello di carte, e poi il governo dovr\u00e0 ripensare il sistema\u201d.<\/p>\n<p>Ha detto che volevano che la corte stabilisse che il governo non aveva il diritto di privare i consigli locali delle proprie entrate. Ha aggiunto che la vittoria di Budapest nella causa sarebbe stata un passo molto importante verso la protezione del sistema dei consigli locali\u201d, aggiungendo che si trattava anche di un test per vedere se rimangono ancora tracce dello stato di diritto in Ungheria\u201d.<\/p>\n<p>Ha detto che il consiglio comunale spera che una sentenza vincolante venga emessa nel caso entro la fine dell&#8217;anno.<\/p>\n","protected":false},"excerpt":{"rendered":"<p>Il consiglio municipale di Budapest intenter\u00e0 una causa presso il tribunale municipale di Budapest per l&#8217;importo dovuto al governo centrale in tassa di solidariet\u00e0, ha detto Gergely Kar\u00e1csony, sindaco della citt\u00e0. Il causa legale ha lo scopo di far rispettare i diritti di Budapest residenti, Kar\u00e1csony ha dichiarato in una conferenza stampa, sostenendo che i [&hellip;]<\/p>\n","protected":false},"author":33,"featured_media":680799,"comment_status":"open","ping_status":"open","sticky":false,"template":"","format":"standard","meta":{"_display_image":"yes","footnotes":""},"categories":[1185],"tags":[1158,1473,1468],"class_list":["post-680798","post","type-post","status-publish","format-standard","has-post-thumbnail","hentry","category-politica-in-ungheria","tag-budapest","tag-legge","tag-tribunale"],"blocksy_meta":[],"author_username":"ugyelet","telegram_post":"","public_post_metadata":{"breaking_news":"","important":"","csempe":"","center_tile":"","disable_thumbnail":"","target_lang":"","_featured_image_style":"hidden","telegram_post":"","_xlat_group_id":""},"public_rank_math_data":{"title":"%titolo% %sep% %nomesito%","description":"Il consiglio municipale di Budapest intenter\u00e0 una causa presso il tribunale municipale di Budapest per l'importo dovuto al governo centrale in...","focus_keyword":"Budapest","canonical_url":"","robots":"","primary_category":"1185","breadcrumb_title":"","facebook_title":"","facebook_description":"","facebook_image":"","facebook_image_id":"","twitter_title":"","twitter_description":"","twitter_image":"","twitter_image_id":"","twitter_card_type":"","twitter_use_facebook":"","advanced_robots":"","pillar_content":"","seo_score":"66","contentai_score":"","rich_snippet":""},"_links":{"self":[{"href":"https:\/\/dailynewshungary.com\/it\/wp-json\/wp\/v2\/posts\/680798","targetHints":{"allow":["GET"]}}],"collection":[{"href":"https:\/\/dailynewshungary.com\/it\/wp-json\/wp\/v2\/posts"}],"about":[{"href":"https:\/\/dailynewshungary.com\/it\/wp-json\/wp\/v2\/types\/post"}],"author":[{"embeddable":true,"href":"https:\/\/dailynewshungary.com\/it\/wp-json\/wp\/v2\/users\/33"}],"replies":[{"embeddable":true,"href":"https:\/\/dailynewshungary.com\/it\/wp-json\/wp\/v2\/comments?post=680798"}],"version-history":[{"count":0,"href":"https:\/\/dailynewshungary.com\/it\/wp-json\/wp\/v2\/posts\/680798\/revisions"}],"wp:featuredmedia":[{"embeddable":true,"href":"https:\/\/dailynewshungary.com\/it\/wp-json\/wp\/v2\/media\/680799"}],"wp:attachment":[{"href":"https:\/\/dailynewshungary.com\/it\/wp-json\/wp\/v2\/media?parent=680798"}],"wp:term":[{"taxonomy":"category","embeddable":true,"href":"https:\/\/dailynewshungary.com\/it\/wp-json\/wp\/v2\/categories?post=680798"},{"taxonomy":"post_tag","embeddable":true,"href":"https:\/\/dailynewshungary.com\/it\/wp-json\/wp\/v2\/tags?post=680798"}],"curies":[{"name":"wp","href":"https:\/\/api.w.org\/{rel}","templated":true}]}}