{"id":681290,"date":"2023-05-24T11:34:55","date_gmt":"2023-05-24T09:34:55","guid":{"rendered":"https:\/\/dailynewshungary.com\/it\/ministro-ungherese-i-giovani-europei-diventano-radicali-2\/"},"modified":"2023-05-24T11:34:55","modified_gmt":"2023-05-24T09:34:55","slug":"ministro-ungherese-i-giovani-europei-diventano-radicali-2","status":"publish","type":"post","link":"https:\/\/dailynewshungary.com\/it\/ministro-ungherese-i-giovani-europei-diventano-radicali-2\/","title":{"rendered":"Ministro ungherese: i giovani europei diventano radicali"},"content":{"rendered":"<p><strong>In un discorso all&#8217;Accademia ungherese delle scienze, il ministro dello sviluppo regionale Tibor Navracsics ha affermato che \u00e8 in atto un cambiamento generazionale con i giovani che utilizzano l&#8217;Europa come piattaforma \u201conline\u201d per comunicare i loro messaggi politici in meme e raccogliere messaggi semplificati e mirati.<\/strong><\/p>\n<p>Questo cambiamento generazionale sta guidando l\u2019Europa verso la polarizzazione e la radicalizzazione <a href=\"https:\/\/www.facebook.com\/DrNavracsicsTibor\/?locale=hu_HU\" target=\"_blank\" rel=\"noopener\">Navracsics<\/a> lo ha riferito MTI nel suo discorso prima della riunione dell&#8217;assemblea generale del Consiglio Atlantico ungherese.<\/p>\n<p>Il <a href=\"https:\/\/dailynewshungary.com\/it\/la-grande-rapina-al-treno-britannico-come-una-banda-di-15-uomini-rubo-26-milioni-di-sterline-nel-1963\/\">giovent\u00f9<\/a> oggi sono cresciuti integrati interamente in un&#8217;Europa democratica e uniforme e fanno parte di una rivoluzione online, ha affermato. \u201cVedono il mondo e i problemi in modo diverso, che \u00e8 il primo fattore importante, ha affermato il ministro.<\/p>\n<p>Stanno arrivando partiti radicali <a href=\"https:\/\/dailynewshungary.com\/it\/la-grande-rapina-al-treno-britannico-come-una-banda-di-15-uomini-rubo-26-milioni-di-sterline-nel-1963\/\">Europa<\/a> mentre i conservatori moderati o stanno diventando radicali o stanno diventando pi\u00f9 deboli, ha detto. \u201cI messaggi dei partiti liberali diventano sempre pi\u00f9 radicali mentre il democristiano \u00e8 diventato sinonimo di forza di opposizione, ha detto\u201d Navracsics, aggiungendo che la situazione dei socialdemocratici \u201c non \u00e8 molto migliore, nemmeno\u201d. \u201cPer questo motivo le controversie si fanno pi\u00f9 aspre, ha detto\u201d.<\/p>\n<p>Navracsics ha affermato che la guerra russo-ucraina ha sollevato interrogativi sulla sicurezza dell&#8217;Europa. Il messaggio della guerra, ha detto, \u00e8 che il mito dell&#8217;invulnerabilit\u00e0 dell&#8217;Europa \u00e8 crollato permanentemente,\u201d aggiunge che si \u00e8 scoperto che l&#8217;umanit\u00e0 non ha imparato alcuna lezione dalla storia.<\/p>\n<p>Navracsics ha definito un cessate il fuoco fondamentale per fermare la guerra e lasciare il posto a colloqui da avviare il prima possibile nell\u2019interesse di mediare una pace giusta ed equa.<\/p>\n<p>\u201cSe questa guerra si intensificher\u00e0, minaccer\u00e0 il futuro dell&#8217;Europa, ha detto il ministro.<\/p>\n<p>Il futuro dell\u2019Europa dipende anche dal successo degli sforzi volti a trasformarla in una comunit\u00e0 culturale. \u201c\u00c8 una promessa ancora insoddisfatta e spiega i conflitti interni alla comunit\u00e0; se comprendessimo la cultura reciproca, aiuterebbe a risparmiare la maggior parte delle nostre controversie politiche, ha detto\u201d Navracsics.<\/p>\n","protected":false},"excerpt":{"rendered":"<p>In un discorso all&#8217;Accademia ungherese delle scienze, il ministro dello sviluppo regionale Tibor Navracsics ha affermato che \u00e8 in atto un cambiamento generazionale con i giovani che utilizzano l&#8217;Europa come piattaforma \u201conline\u201d per comunicare i loro messaggi politici in meme e raccogliere messaggi semplificati e mirati. Questo cambiamento generazionale sta guidando l\u2019Europa verso la polarizzazione [&hellip;]<\/p>\n","protected":false},"author":33,"featured_media":681291,"comment_status":"open","ping_status":"open","sticky":false,"template":"","format":"standard","meta":{"_display_image":"yes","footnotes":""},"categories":[1185],"tags":[1222,1365,1379],"class_list":["post-681290","post","type-post","status-publish","format-standard","has-post-thumbnail","hentry","category-politica-in-ungheria","tag-europa","tag-gioventu","tag-social-media"],"blocksy_meta":[],"author_username":"ugyelet","telegram_post":"","public_post_metadata":{"breaking_news":"","important":"","csempe":"","center_tile":"","disable_thumbnail":"","target_lang":"","_featured_image_style":"hidden","telegram_post":"","_xlat_group_id":""},"public_rank_math_data":{"title":"%titolo% %sep% %nomesito%","description":"\"\u00c8 in atto un cambiamento generazionale in cui i giovani utilizzano l\u2019Europa come \"piattaforma online\" per comunicare i loro messaggi politici nei meme\"","focus_keyword":"Europa","canonical_url":"","robots":"","primary_category":"1185","breadcrumb_title":"","facebook_title":"","facebook_description":"","facebook_image":"","facebook_image_id":"","twitter_title":"","twitter_description":"","twitter_image":"","twitter_image_id":"","twitter_card_type":"","twitter_use_facebook":"","advanced_robots":"","pillar_content":"","seo_score":"62","contentai_score":"","rich_snippet":""},"_links":{"self":[{"href":"https:\/\/dailynewshungary.com\/it\/wp-json\/wp\/v2\/posts\/681290","targetHints":{"allow":["GET"]}}],"collection":[{"href":"https:\/\/dailynewshungary.com\/it\/wp-json\/wp\/v2\/posts"}],"about":[{"href":"https:\/\/dailynewshungary.com\/it\/wp-json\/wp\/v2\/types\/post"}],"author":[{"embeddable":true,"href":"https:\/\/dailynewshungary.com\/it\/wp-json\/wp\/v2\/users\/33"}],"replies":[{"embeddable":true,"href":"https:\/\/dailynewshungary.com\/it\/wp-json\/wp\/v2\/comments?post=681290"}],"version-history":[{"count":0,"href":"https:\/\/dailynewshungary.com\/it\/wp-json\/wp\/v2\/posts\/681290\/revisions"}],"wp:featuredmedia":[{"embeddable":true,"href":"https:\/\/dailynewshungary.com\/it\/wp-json\/wp\/v2\/media\/681291"}],"wp:attachment":[{"href":"https:\/\/dailynewshungary.com\/it\/wp-json\/wp\/v2\/media?parent=681290"}],"wp:term":[{"taxonomy":"category","embeddable":true,"href":"https:\/\/dailynewshungary.com\/it\/wp-json\/wp\/v2\/categories?post=681290"},{"taxonomy":"post_tag","embeddable":true,"href":"https:\/\/dailynewshungary.com\/it\/wp-json\/wp\/v2\/tags?post=681290"}],"curies":[{"name":"wp","href":"https:\/\/api.w.org\/{rel}","templated":true}]}}