{"id":681339,"date":"2023-05-23T07:20:53","date_gmt":"2023-05-23T05:20:53","guid":{"rendered":"https:\/\/dailynewshungary.com\/it\/il-ministro-degli-esteri-ha-fortemente-criticato-lue-su-diverse-questioni-a-bruxelles-2\/"},"modified":"2023-05-23T07:20:53","modified_gmt":"2023-05-23T05:20:53","slug":"il-ministro-degli-esteri-ha-fortemente-criticato-lue-su-diverse-questioni-a-bruxelles-2","status":"publish","type":"post","link":"https:\/\/dailynewshungary.com\/it\/il-ministro-degli-esteri-ha-fortemente-criticato-lue-su-diverse-questioni-a-bruxelles-2\/","title":{"rendered":"Il ministro degli Esteri ha fortemente criticato l\u2019UE su diverse questioni a Bruxelles"},"content":{"rendered":"<p><strong>Il governo ungherese non rinuncer\u00e0 al suo impegno per la pace o ai suoi interessi nazionali nonostante le enormi pressioni sulle consegne di armi all&#8217;Ucraina e ulteriori sanzioni, ha detto luned\u00ec a Bruxelles il ministro degli Esteri P\u00e9ter Szijj\u00e1rt\u00f3.<\/strong><\/p>\n<p>L&#8217;atmosfera nell&#8217;UE rimane combattiva, ha detto Szijj\u00e1rt\u00f3 in una conferenza stampa a margine di una riunione del Consiglio Affari Esteri, secondo una dichiarazione del ministero, aggiungendo che a differenza del governo ungherese, la maggior parte degli Stati membri ritiene che una soluzione militare alla guerra in Ucraina fosse possibile.<\/p>\n<p>Szijj\u00e1rt\u00f3 ha affermato che ci\u00f2 comporta il rischio di un conflitto prolungato, ma diversi Stati membri ritengono che l\u2019Ucraina stia combattendo per l\u2019Europa o \u201cin nome di Europe\u201d.<\/p>\n<p>\u201cCrediamo che questa non sia la nostra guerra; non siamo in alcun modo responsabili del suo scoppio, ma ne stiamo anche pagando il prezzo. Continuiamo a sollecitare la fine della guerra e l&#8217;inizio dei colloqui di pace, ha detto il ministro.<\/p>\n<p>Szijj\u00e1rt\u00f3 ha affermato che ci sono state enormi pressioni per approvare un altro pacchetto da 500 milioni di euro per lo strumento europeo per la pace (EPF) e un undicesimo pacchetto di sanzioni contro la Russia.<\/p>\n<p>\u201cMa nonostante le pressioni, non rinunceremo al nostro impegno per la pace, ha detto\u201d Szijj\u00e1rt\u00f3.<\/p>\n<blockquote>\n<p>\u201cNon rinunceremo a proteggere la comunit\u00e0 ungherese transcarpatica e nonostante le pressioni, non rinunceremo alla rappresentanza dei nostri interessi nazionali\u201d.<\/p>\n<\/blockquote>\n<p>Szijj\u00e1rt\u00f3 ha affermato che finora sono stati spesi 5,7 miliardi di euro dall&#8217;EPF per finanziare le consegne di armi all&#8217;Ucraina e, sebbene l&#8217;Ungheria ritenga che ci\u00f2 rischi un&#8217;escalation, il governo non ha bloccato i pagamenti. Ma questa volta, ha aggiunto, il governo ha chiarito che si opporr\u00e0 a ulteriori pagamenti finch\u00e9 l&#8217;Ucraina non rimuover\u00e0 la OTP Bank ungherese dalla sua lista di \u201csponsor internazionali di war\u201d.<\/p>\n<blockquote>\n<p>\u201cLe accuse contro l&#8217;OTP sono false e non si basano su alcun tipo di fatto, quindi chiediamo che gli ucraini rimuovano l&#8217;OTP dalla lista degli sponsor internazionali della guerra, ha detto\u201d Szijj\u00e1rt\u00f3.<\/p>\n<\/blockquote>\n<p>Come abbiamo scritto prima, la OTP Bank ungherese si \u00e8 indignata per il fatto che l&#8217;Ucraina l&#8217;abbia indicata come sponsor internazionale della guerra <a href=\"https:\/\/dailynewshungary.com\/it\/la-otp-bank-ungherese-si-e-indignata-per-il-fatto-che-lucraina-labbia-indicata-come-sponsor-internazionale-della-guerra-2\/\">dettagli QUI<\/a>.<\/p>\n<p>Per quanto riguarda i piani per il prossimo pacchetto di sanzioni, Szijj\u00e1rt\u00f3 ha affermato che l\u2019UE dovrebbe imparare dalla mancata revoca delle sanzioni imposta finora, sostenendo che esse danneggiano l\u2019Europa pi\u00f9 di quanto abbiano fatto con la Russia\u201d, e che le sanzioni pi\u00f9 recenti causerebbero problemi ancora maggiori.<\/p>\n<p>Szijj\u00e1rt\u00f3 ha affermato che le nuove sanzioni renderebbero pi\u00f9 difficili le attivit\u00e0 di esportazione delle imprese europee al di fuori della Russia, danneggiando la loro competitivit\u00e0. Ha affermato che \u00e8 anche pericoloso e irrazionale che l&#8217;UE voglia sanzionare otto aziende cinesi come parte dell&#8217;ultimo pacchetto.<\/p>\n<p>Le sanzioni contro le aziende cinesi avrebbero un grave effetto sulle relazioni UE-Cina, ha affermato, aggiungendo che rovinare la cooperazione economica con la Cina comporterebbe una grave perdita per il blocco.<\/p>\n<p>Ha affermato che invece del conflitto, l\u2019UE dovrebbe lottare per una cooperazione con la Cina basata sul rispetto e sui benefici reciproci.<\/p>\n<p>Nel frattempo, Szijj\u00e1rt\u00f3 ha affermato che diversi Stati membri hanno nuovamente sollecitato l&#8217;imposizione di sanzioni all&#8217;industria nucleare, ma il governo si \u00e8 opposto a tale mossa nell&#8217;interesse di garantire la sicurezza energetica.<\/p>\n<p>Per quanto riguarda la situazione di <a href=\"https:\/\/dailynewshungary.com\/it\/la-grande-rapina-al-treno-britannico-come-una-banda-di-15-uomini-rubo-26-milioni-di-sterline-nel-1963\/\">Ungheresi della Transcarpazia,<\/a> Szijj\u00e1rt\u00f3 ha affermato che l&#8217;Ungheria approver\u00e0 l&#8217;avanzamento dei colloqui di adesione dell&#8217;Ucraina all&#8217;UE solo se Kiev ripristiner\u00e0 i diritti della comunit\u00e0 etnica ungherese.<\/p>\n<p>Ha detto di aver sentito da un partecipante alla riunione che l&#8217;Ucraina sostiene che la Commissione di Venezia ha gi\u00e0 approvato la legge sulle minoranze del paese, ma ha aggiunto che l&#8217;organismo deve ancora adottare un parere in merito.<\/p>\n<blockquote>\n<p>\u201cLa propaganda ucraina funziona quando si tratta della legge sulle minoranze,\u201d<\/p>\n<\/blockquote>\n<p>Szijj\u00e1rt\u00f3 ha detto, aggiungendo che la realt\u00e0 diventer\u00e0 chiara tra pochi mesi, quando le scuole di etnia ungherese non saranno pi\u00f9 in grado di operare nella loro forma attuale dal 1\u00b0 settembre.<\/p>\n","protected":false},"excerpt":{"rendered":"<p>Il governo ungherese non rinuncer\u00e0 al suo impegno per la pace o ai suoi interessi nazionali nonostante le enormi pressioni sulle consegne di armi all&#8217;Ucraina e ulteriori sanzioni, ha detto luned\u00ec a Bruxelles il ministro degli Esteri P\u00e9ter Szijj\u00e1rt\u00f3. L&#8217;atmosfera nell&#8217;UE rimane combattiva, ha detto Szijj\u00e1rt\u00f3 in una conferenza stampa a margine di una riunione [&hellip;]<\/p>\n","protected":false},"author":2,"featured_media":681340,"comment_status":"open","ping_status":"open","sticky":false,"template":"","format":"standard","meta":{"_display_image":"no","footnotes":""},"categories":[1185],"tags":[1388,1089,1079,1092,1332,1081,1069,1075],"class_list":["post-681339","post","type-post","status-publish","format-standard","has-post-thumbnail","hentry","category-politica-in-ungheria","tag-banca-otp","tag-cina","tag-governo-ungherese","tag-ministero-degli-affari-esteri-dellungheria","tag-transcarpazia","tag-ucraina","tag-ungheria","tag-unione-europea"],"blocksy_meta":[],"author_username":"alk","telegram_post":"","public_post_metadata":{"breaking_news":"","important":"","csempe":"","center_tile":"","disable_thumbnail":"","target_lang":"","_featured_image_style":"hidden","telegram_post":"","_xlat_group_id":""},"public_rank_math_data":{"title":"%titolo% %sep% %nomesito%","description":"Il governo ungherese non rinuncer\u00e0 al suo impegno per la pace o ai suoi interessi nazionali nonostante la \"enorme pressione\" sulle armi...","focus_keyword":"UE","canonical_url":"","robots":"","primary_category":"1185","breadcrumb_title":"","facebook_title":"","facebook_description":"","facebook_image":"","facebook_image_id":"","twitter_title":"","twitter_description":"","twitter_image":"","twitter_image_id":"","twitter_card_type":"","twitter_use_facebook":"","advanced_robots":"","pillar_content":"","seo_score":"62","contentai_score":"","rich_snippet":""},"_links":{"self":[{"href":"https:\/\/dailynewshungary.com\/it\/wp-json\/wp\/v2\/posts\/681339","targetHints":{"allow":["GET"]}}],"collection":[{"href":"https:\/\/dailynewshungary.com\/it\/wp-json\/wp\/v2\/posts"}],"about":[{"href":"https:\/\/dailynewshungary.com\/it\/wp-json\/wp\/v2\/types\/post"}],"author":[{"embeddable":true,"href":"https:\/\/dailynewshungary.com\/it\/wp-json\/wp\/v2\/users\/2"}],"replies":[{"embeddable":true,"href":"https:\/\/dailynewshungary.com\/it\/wp-json\/wp\/v2\/comments?post=681339"}],"version-history":[{"count":0,"href":"https:\/\/dailynewshungary.com\/it\/wp-json\/wp\/v2\/posts\/681339\/revisions"}],"wp:featuredmedia":[{"embeddable":true,"href":"https:\/\/dailynewshungary.com\/it\/wp-json\/wp\/v2\/media\/681340"}],"wp:attachment":[{"href":"https:\/\/dailynewshungary.com\/it\/wp-json\/wp\/v2\/media?parent=681339"}],"wp:term":[{"taxonomy":"category","embeddable":true,"href":"https:\/\/dailynewshungary.com\/it\/wp-json\/wp\/v2\/categories?post=681339"},{"taxonomy":"post_tag","embeddable":true,"href":"https:\/\/dailynewshungary.com\/it\/wp-json\/wp\/v2\/tags?post=681339"}],"curies":[{"name":"wp","href":"https:\/\/api.w.org\/{rel}","templated":true}]}}