{"id":682075,"date":"2023-04-30T20:24:14","date_gmt":"2023-04-30T18:24:14","guid":{"rendered":"https:\/\/dailynewshungary.com\/it\/governo-ungheria-aiuta-i-rifugiati-2\/"},"modified":"2023-04-30T20:24:14","modified_gmt":"2023-04-30T18:24:14","slug":"governo-ungheria-aiuta-i-rifugiati-2","status":"publish","type":"post","link":"https:\/\/dailynewshungary.com\/it\/governo-ungheria-aiuta-i-rifugiati-2\/","title":{"rendered":"Governo: Ungheria aiuta i rifugiati"},"content":{"rendered":"<p><strong>L&#8217;Ungheria sta aiutando tutti i veri rifugiati, ha detto sabato in un&#8217;intervista al premier britannico Christian Radio Bal\u00e1zs Hidv\u00e9ghi, eurodeputato del governo Fidesz, in occasione della visita di Papa Francesco in Ungheria.<\/strong><\/p>\n<p>\u201cLa tragica guerra nella <a href=\"https:\/\/dailynewshungary.com\/it\/la-grande-rapina-al-treno-britannico-come-una-banda-di-15-uomini-rubo-26-milioni-di-sterline-nel-1963\/\">Ucraina<\/a> in realt\u00e0 ci ha dato la possibilit\u00e0 di dimostrare che tutte le accuse contro l&#8217;Ungheria che in precedenza diceva che non aiutiamo i rifugiati e rifiutiamo le persone e non siamo umanitari erano sbagliate, ha detto\u201d Hidv\u00e9ghi. \u201cErano vere e proprie bugie, ha aggiunto\u201d. \u201cL&#8217;Ungheria \u00e8 impegnata nel pi\u00f9 grande programma di aiuti umanitari dallo scoppio della guerra, ha detto\u201d. \u201cAbbiamo contribuito a quasi 1,5 milioni <a href=\"https:\/\/dailynewshungary.com\/it\/la-grande-rapina-al-treno-britannico-come-una-banda-di-15-uomini-rubo-26-milioni-di-sterline-nel-1963\/\">Rifugiati ucraini<\/a> che sono venuti in Ungheria e hanno chiesto aiuto Abbiamo aiutato ognuno di loro,\u201d ha aggiunto.<\/p>\n<p>Commentando il <a href=\"https:\/\/dailynewshungary.com\/it\/la-grande-rapina-al-treno-britannico-come-una-banda-di-15-uomini-rubo-26-milioni-di-sterline-nel-1963\/\">guerra in Ucraina<\/a>, ha detto Hidv\u00e9ghi \u201ccome cattolico \u00e8 necessario pensare sempre ad aiutare le persone che sono nei guai e a lavorare per la pace e la riconciliazione\u201d, ha detto MTI. \u201cNel mezzo di una guerra brutale, cos\u00ec com&#8217;\u00e8, \u00e8 ovviamente difficile immaginare che bisogna sempre sottolineare che la prima cosa da fare \u00e8 chiedere un cessate il fuoco e fare tutto ci\u00f2 che \u00e8 in tuo potere per aiutare un cessate il fuoco\u201d. \u201cUna volta avviati i negoziati, avrai la possibilit\u00e0 di trovare un accordo accettabile per entrambe le parti, ha detto\u201d.<\/p>\n<p>\u201cSe la tua posizione \u00e8 solo quella di inviare armi e pi\u00f9 armi, e se inizi a parlare di portare l&#8217;Ucraina <a href=\"https:\/\/dailynewshungary.com\/it\/la-grande-rapina-al-treno-britannico-come-una-banda-di-15-uomini-rubo-26-milioni-di-sterline-nel-1963\/\">NATO<\/a> questa \u00e8 una chiara direzione di un&#8217;escalation della guerra, ha aggiunto\u201d Hidv\u00e9ghi, Commentando le critiche al governo di Bruxelles, l&#8217;eurodeputato ha affermato che l&#8217;Ungheria le ha sempre prese sul serio ed \u00e8 aperta al dialogo. Allo stesso tempo, negli ultimi anni il governo \u00e8 stato soggetto ad attacchi politici ideologicamente motivati perch\u00e9 non aveva paura di difendere i valori tradizionali e difendere le competenze nazionali, ha aggiunto.<\/p>\n<p>L&#8217;attuale \u201ceopra di Bruxelles, politiche troppo centralizzate e ideologicamente di parte, fa male all&#8217;Europa, ha detto, aggiungendo che la loro direzione ha reso la cooperazione pi\u00f9 difficile e ha danneggiato la fiducia reciproca tra gli Stati membri, Ha chiesto un nuovo approccio che tenga conto della diversit\u00e0 dell&#8217;Europa Hidv\u00e9ghi ha detto che la visita del papa \u00e8 stata un segno di solidariet\u00e0, aggiungendo che questa \u00e8 stata la sua seconda visita in Ungheria dopo aver incontrato ungheresi etnici in Transilvania negli ultimi anni.<\/p>\n","protected":false},"excerpt":{"rendered":"<p>L&#8217;Ungheria sta aiutando tutti i veri rifugiati, ha detto sabato in un&#8217;intervista al premier britannico Christian Radio Bal\u00e1zs Hidv\u00e9ghi, eurodeputato del governo Fidesz, in occasione della visita di Papa Francesco in Ungheria. \u201cLa tragica guerra nella Ucraina in realt\u00e0 ci ha dato la possibilit\u00e0 di dimostrare che tutte le accuse contro l&#8217;Ungheria che in precedenza [&hellip;]<\/p>\n","protected":false},"author":50,"featured_media":682076,"comment_status":"open","ping_status":"open","sticky":false,"template":"","format":"standard","meta":{"_display_image":"yes","footnotes":""},"categories":[1185],"tags":[1079,1644,1081],"class_list":["post-682075","post","type-post","status-publish","format-standard","has-post-thumbnail","hentry","category-politica-in-ungheria","tag-governo-ungherese","tag-rifugiati-dallucraina","tag-ucraina"],"blocksy_meta":[],"author_username":"dnh","telegram_post":"","public_post_metadata":{"breaking_news":"","important":"","csempe":"","center_tile":"","disable_thumbnail":"","target_lang":"","_featured_image_style":"hidden","telegram_post":"","_xlat_group_id":""},"public_rank_math_data":{"title":"%titolo% %sep% %nomesito%","description":"L'Ungheria sta aiutando tutti i veri rifugiati, ha detto al premier britannico Christian Radio Bal\u00e1zs Hidv\u00e9ghi, eurodeputato del governo Fidesz","focus_keyword":"rifugiati","canonical_url":"","robots":"","primary_category":"1185","breadcrumb_title":"","facebook_title":"","facebook_description":"","facebook_image":"","facebook_image_id":"","twitter_title":"","twitter_description":"","twitter_image":"","twitter_image_id":"","twitter_card_type":"","twitter_use_facebook":"","advanced_robots":"","pillar_content":"","seo_score":"","contentai_score":"","rich_snippet":""},"_links":{"self":[{"href":"https:\/\/dailynewshungary.com\/it\/wp-json\/wp\/v2\/posts\/682075","targetHints":{"allow":["GET"]}}],"collection":[{"href":"https:\/\/dailynewshungary.com\/it\/wp-json\/wp\/v2\/posts"}],"about":[{"href":"https:\/\/dailynewshungary.com\/it\/wp-json\/wp\/v2\/types\/post"}],"author":[{"embeddable":true,"href":"https:\/\/dailynewshungary.com\/it\/wp-json\/wp\/v2\/users\/50"}],"replies":[{"embeddable":true,"href":"https:\/\/dailynewshungary.com\/it\/wp-json\/wp\/v2\/comments?post=682075"}],"version-history":[{"count":0,"href":"https:\/\/dailynewshungary.com\/it\/wp-json\/wp\/v2\/posts\/682075\/revisions"}],"wp:featuredmedia":[{"embeddable":true,"href":"https:\/\/dailynewshungary.com\/it\/wp-json\/wp\/v2\/media\/682076"}],"wp:attachment":[{"href":"https:\/\/dailynewshungary.com\/it\/wp-json\/wp\/v2\/media?parent=682075"}],"wp:term":[{"taxonomy":"category","embeddable":true,"href":"https:\/\/dailynewshungary.com\/it\/wp-json\/wp\/v2\/categories?post=682075"},{"taxonomy":"post_tag","embeddable":true,"href":"https:\/\/dailynewshungary.com\/it\/wp-json\/wp\/v2\/tags?post=682075"}],"curies":[{"name":"wp","href":"https:\/\/api.w.org\/{rel}","templated":true}]}}