{"id":683208,"date":"2023-03-30T20:05:53","date_gmt":"2023-03-30T18:05:53","guid":{"rendered":"https:\/\/dailynewshungary.com\/it\/essca-budapest-commemora-il-suo-30-anniversario-in-ungheria-2\/"},"modified":"2023-03-30T20:05:53","modified_gmt":"2023-03-30T18:05:53","slug":"essca-budapest-commemora-il-suo-30-anniversario-in-ungheria-2","status":"publish","type":"post","link":"https:\/\/dailynewshungary.com\/it\/essca-budapest-commemora-il-suo-30-anniversario-in-ungheria-2\/","title":{"rendered":"ESSCA Budapest commemora il suo 30\u00b0 anniversario in Ungheria"},"content":{"rendered":"<p><strong>ESSCA, considerata come una delle migliori business school del mondo, ha lanciato una serie di celebrazioni per commemorare il suo 30\u00b0 anniversario a Budapest con un esclusivo evento di due giorni L&#8217;istituto di istruzione superiore, che \u00e8 stato classificato nella lista del Financial Times tra i migliori corsi di gestione a livello mondiale, ha ospitato una prestigiosa serata internazionale per ambasciatori accreditati in Ungheria, e poi ha organizzato una giornata di lifestyle nel suo campus in cooperazione con l&#8217;International Women&#8217;s Club (IWC) La serie di eventi in linea con i valori rappresentati dall&#8217;universit\u00e0: diversit\u00e0 culturale, una vita studentesca vibrante, sostenibilit\u00e0 e uno stile di vita sano.<\/strong><\/p>\n<p><strong>La qualifica \u201cTriple Crown\u201d viene assegnata solo ai migliori della professione<\/strong><\/p>\n<p>L&#8217;eccellenza dell&#8217;istituzione e la qualit\u00e0 dell&#8217;istruzione di ESSCA sono state accreditate dalle tre organizzazioni di accreditamento pi\u00f9 prestigiose al mondo, l&#8217;americana AACSB, la britannica AMBA e l&#8217;europea EQUIS In tutto il mondo, ci sono poco pi\u00f9 di 110 business school che hanno ricevuto riconoscimenti da tutti e tre gli enti, cio\u00e8 che hanno ottenuto la designazione di &#8216;Tripla Corona&#8217;.<\/p>\n<p>ESSCA, con una storia di 114 anni, ha lanciato la sua serie di eventi che celebrano il 30\u00b0 anniversario del campus di Budapest con due importanti eventi.<\/p>\n<p><strong>Leggi anche:<\/strong><\/p>\n<ul>\n<li><a href=\"https:\/\/dailynewshungary.com\/news_to_go\/frances-essca-school-of-management-to-launch-bachelor-course-in-hungary\/\" target=\"_blank\" rel=\"noopener\">La scuola di management ESSCA francese lancer\u00e0 un corso di laurea in Ungheria<\/a><\/li>\n<\/ul>\n<p><strong>Gli ambasciatori di 40 paesi hanno celebrato insieme l&#8217;anniversario di ESSCA Budapest<\/strong><\/p>\n<p>Peter Kraft, ex ambasciatore peruviano e professore dell&#8217;ESSCA, insieme alla dottoressa Zsuzsa Deli-Gray, direttrice del campus ungherese dell&#8217;ESSCA, hanno accolto gli ospiti nella sua galleria situata in viale Andr\u00e1ssy.<\/p>\n<p><img loading=\"lazy\" decoding=\"async\" class=\"size-full wp-image-553313 aligncenter\" src=\"https:\/\/contentf5.dailynewshungary.com\/wp-content\/uploads\/2023\/03\/DeliGray.jpg\" alt=\"DeliGray\" width=\"581\" height=\"405\" srcset=\"https:\/\/contentf5.dailynewshungary.com\/wp-content\/uploads\/2023\/03\/DeliGray.jpg 581w, https:\/\/contentf5.dailynewshungary.com\/wp-content\/uploads\/2023\/03\/DeliGray-318x222.jpg 318w, https:\/\/contentf5.dailynewshungary.com\/wp-content\/uploads\/2023\/03\/DeliGray-248x173.jpg 248w, https:\/\/contentf5.dailynewshungary.com\/wp-content\/uploads\/2023\/03\/DeliGray-209x146.jpg 209w, https:\/\/contentf5.dailynewshungary.com\/wp-content\/uploads\/2023\/03\/DeliGray-50x35.jpg 50w, https:\/\/contentf5.dailynewshungary.com\/wp-content\/uploads\/2023\/03\/DeliGray-108x75.jpg 108w\" sizes=\"auto, (max-width: 581px) 100vw, 581px\"><\/p>\n<p>\u201c\u00c8 un onore che potremmo lanciare la nostra serie di celebrazioni per commemorare il 30\u00b0 anniversario della nostra scuola con gli ambasciatori accreditati in Ungheria\u201d ha detto <strong>Dott.ssa Zsuzsa Deli-Gray, Direttore dell&#8217;ESSCA Budapest. <\/strong>\u201cPoich\u00e9 i nostri studenti provengono da molte parti del mondo, all&#8217;incirca da quaranta paesi diversi, penso che sia importante che gli ambasciatori dei paesi da cui provengono i nostri studenti conoscano anche meglio la nostra scuola e le attivit\u00e0 legate alla sua istruzione, ricerca e vita studentesca.\u201d<\/p>\n<p><img loading=\"lazy\" decoding=\"async\" class=\"size-full wp-image-553314 aligncenter\" src=\"https:\/\/contentf5.dailynewshungary.com\/wp-content\/uploads\/2023\/03\/exhibition.jpg\" alt=\"Exhibition\" width=\"677\" height=\"452\" srcset=\"https:\/\/contentf5.dailynewshungary.com\/wp-content\/uploads\/2023\/03\/exhibition.jpg 677w, https:\/\/contentf5.dailynewshungary.com\/wp-content\/uploads\/2023\/03\/exhibition-333x222.jpg 333w, https:\/\/contentf5.dailynewshungary.com\/wp-content\/uploads\/2023\/03\/exhibition-248x166.jpg 248w, https:\/\/contentf5.dailynewshungary.com\/wp-content\/uploads\/2023\/03\/exhibition-219x146.jpg 219w, https:\/\/contentf5.dailynewshungary.com\/wp-content\/uploads\/2023\/03\/exhibition-50x33.jpg 50w, https:\/\/contentf5.dailynewshungary.com\/wp-content\/uploads\/2023\/03\/exhibition-112x75.jpg 112w\" sizes=\"auto, (max-width: 677px) 100vw, 677px\"><\/p>\n<p>Con la mostra Kraft Gallery, gli ambasciatori accreditati in Ungheria<br \/>\nha ricevuto uno sguardo sul mondo degli artisti della Scuola Impressionista di Nagyb\u00e1nya, cos\u00ec come attraverso il commento di K\u00e1 Bug\u00e1r Bug\u00e1rz\u00e1ros-M\u00e1ros la storia dell&#8217;architettura del viale Andr\u00e1ssy.<\/p>\n<p><img loading=\"lazy\" decoding=\"async\" class=\"size-full wp-image-553315 aligncenter\" src=\"https:\/\/contentf5.dailynewshungary.com\/wp-content\/uploads\/2023\/03\/KraftPeter.jpg\" alt=\"KraftPeter\" width=\"334\" height=\"453\" srcset=\"https:\/\/contentf5.dailynewshungary.com\/wp-content\/uploads\/2023\/03\/KraftPeter.jpg 334w, https:\/\/contentf5.dailynewshungary.com\/wp-content\/uploads\/2023\/03\/KraftPeter-164x222.jpg 164w, https:\/\/contentf5.dailynewshungary.com\/wp-content\/uploads\/2023\/03\/KraftPeter-248x336.jpg 248w, https:\/\/contentf5.dailynewshungary.com\/wp-content\/uploads\/2023\/03\/KraftPeter-108x146.jpg 108w, https:\/\/contentf5.dailynewshungary.com\/wp-content\/uploads\/2023\/03\/KraftPeter-37x50.jpg 37w, https:\/\/contentf5.dailynewshungary.com\/wp-content\/uploads\/2023\/03\/KraftPeter-55x75.jpg 55w\" sizes=\"auto, (max-width: 334px) 100vw, 334px\"><\/p>\n<p>\u201eQuest&#8217;anno festeggio 50 anni di esperienza lavorativa Per me il massimo<br \/>\nimportante \u00e8 condividere la mia esperienza professionale e di vita con i brillanti studenti di ESSCA, in modo che non lo facciano&amp;#39; t commettere gli stessi errori che ho fatto, e si spera di beneficiare delle mie decisioni positive \u00c8 un grande piacere insegnare a ESSCA come abbiamo una comunit\u00e0 eccezionale di leader, professori e studenti.\u201d-ha dichiarato <strong>Peter Kraft ex ambasciatore peruviano e professore di ESSCA.<\/strong><\/p>\n<p><img loading=\"lazy\" decoding=\"async\" class=\"size-full wp-image-553316 aligncenter\" src=\"https:\/\/contentf5.dailynewshungary.com\/wp-content\/uploads\/2023\/03\/ESSCA.jpg\" alt=\"ESSCA\" width=\"794\" height=\"529\" srcset=\"https:\/\/contentf5.dailynewshungary.com\/wp-content\/uploads\/2023\/03\/ESSCA.jpg 794w, https:\/\/contentf5.dailynewshungary.com\/wp-content\/uploads\/2023\/03\/ESSCA-768x512.jpg 768w, https:\/\/contentf5.dailynewshungary.com\/wp-content\/uploads\/2023\/03\/ESSCA-333x222.jpg 333w, https:\/\/contentf5.dailynewshungary.com\/wp-content\/uploads\/2023\/03\/ESSCA-248x165.jpg 248w, https:\/\/contentf5.dailynewshungary.com\/wp-content\/uploads\/2023\/03\/ESSCA-219x146.jpg 219w, https:\/\/contentf5.dailynewshungary.com\/wp-content\/uploads\/2023\/03\/ESSCA-50x33.jpg 50w, https:\/\/contentf5.dailynewshungary.com\/wp-content\/uploads\/2023\/03\/ESSCA-113x75.jpg 113w\" sizes=\"auto, (max-width: 794px) 100vw, 794px\"><\/p>\n<p>Durante il prosieguo diurno della serie di eventi, l&#8217;attenzione \u00e8 stata posta su uno stile di vita sano e orientato al valore Nel catalogo del programma sono stati inclusi anche una rilassante sessione di yoga, una dimostrazione professionale di trucco e prodotto da parte di Marionnaud, e un&#8217;esclusiva mostra di gioielli e sfilata di moda presentata da ZEMA, la Casa ungherese di porcellana e gioielli di eccezionale valore nazionale, oltre agli studenti dell&#8217;ESSCA e ai rappresentanti della stampa, hanno preso parte all&#8217;evento anche i membri dell&#8217;International Women&#8217;s Club, che si \u00e8 tenuto anche in ungherese e inglese.<\/p>\n<p><img loading=\"lazy\" decoding=\"async\" class=\"size-full wp-image-553317 aligncenter\" src=\"https:\/\/contentf5.dailynewshungary.com\/wp-content\/uploads\/2023\/03\/Snezena-Jerinkic.jpg\" alt=\"Snezena Jerinkic\" width=\"648\" height=\"1005\" srcset=\"https:\/\/contentf5.dailynewshungary.com\/wp-content\/uploads\/2023\/03\/Snezena-Jerinkic.jpg 648w, https:\/\/contentf5.dailynewshungary.com\/wp-content\/uploads\/2023\/03\/Snezena-Jerinkic-143x222.jpg 143w, https:\/\/contentf5.dailynewshungary.com\/wp-content\/uploads\/2023\/03\/Snezena-Jerinkic-248x385.jpg 248w, https:\/\/contentf5.dailynewshungary.com\/wp-content\/uploads\/2023\/03\/Snezena-Jerinkic-94x146.jpg 94w, https:\/\/contentf5.dailynewshungary.com\/wp-content\/uploads\/2023\/03\/Snezena-Jerinkic-32x50.jpg 32w, https:\/\/contentf5.dailynewshungary.com\/wp-content\/uploads\/2023\/03\/Snezena-Jerinkic-48x75.jpg 48w\" sizes=\"auto, (max-width: 648px) 100vw, 648px\"><\/p>\n<p>\u201cCome unico Club Internazionale delle Donne legalmente registrato a Budapest, istituito nel 1981, l&#8217;IWC svolge un ruolo cruciale nel promuovere la comprensione culturale, le attivit\u00e0 sociali e il lavoro di beneficenza in citt\u00e0 Questo evento \u00e8 un&#8217;opportunit\u00e0 per i membri dell&#8217;IWC di saperne di pi\u00f9 sui programmi e sulla storia dell&#8217;ESSCA e di costruire relazioni con altri individui e organizzazioni che la pensano allo stesso modo. Essere parte della celebrazione del 30\u00b0 anniversario dell&#8217;ESSCA \u00e8 un grande onore per il Club e pu\u00f2 aiutare i membri dell&#8217;IWC a fare rete con la scuola e i suoi ex studenti\u201d <strong>ha detto Snezena Jerinkic, presidente dell&#8217;IWC.<\/strong><\/p>\n","protected":false},"excerpt":{"rendered":"<p>ESSCA, considerata come una delle migliori business school del mondo, ha lanciato una serie di celebrazioni per commemorare il suo 30\u00b0 anniversario a Budapest con un esclusivo evento di due giorni L&#8217;istituto di istruzione superiore, che \u00e8 stato classificato nella lista del Financial Times tra i migliori corsi di gestione a livello mondiale, ha ospitato [&hellip;]<\/p>\n","protected":false},"author":33,"featured_media":683209,"comment_status":"open","ping_status":"open","sticky":false,"template":"","format":"standard","meta":{"_display_image":"yes","footnotes":""},"categories":[1207],"tags":[1158,1069],"class_list":["post-683208","post","type-post","status-publish","format-standard","has-post-thumbnail","hentry","category-societa-in-ungheria","tag-budapest","tag-ungheria"],"blocksy_meta":[],"author_username":"ugyelet","telegram_post":"","public_post_metadata":{"breaking_news":"","important":"","csempe":"","center_tile":"","disable_thumbnail":"","target_lang":"","_featured_image_style":"hidden","telegram_post":"","_xlat_group_id":""},"public_rank_math_data":{"title":"%titolo% %sep% %nomesito%","description":"La qualifica di \"Tripla Corona\" viene assegnata solo ai migliori della professione","focus_keyword":"ESSCA","canonical_url":"","robots":"","primary_category":"1207","breadcrumb_title":"","facebook_title":"","facebook_description":"","facebook_image":"","facebook_image_id":"","twitter_title":"","twitter_description":"","twitter_image":"","twitter_image_id":"","twitter_card_type":"","twitter_use_facebook":"","advanced_robots":"","pillar_content":"","seo_score":"","contentai_score":"","rich_snippet":""},"_links":{"self":[{"href":"https:\/\/dailynewshungary.com\/it\/wp-json\/wp\/v2\/posts\/683208","targetHints":{"allow":["GET"]}}],"collection":[{"href":"https:\/\/dailynewshungary.com\/it\/wp-json\/wp\/v2\/posts"}],"about":[{"href":"https:\/\/dailynewshungary.com\/it\/wp-json\/wp\/v2\/types\/post"}],"author":[{"embeddable":true,"href":"https:\/\/dailynewshungary.com\/it\/wp-json\/wp\/v2\/users\/33"}],"replies":[{"embeddable":true,"href":"https:\/\/dailynewshungary.com\/it\/wp-json\/wp\/v2\/comments?post=683208"}],"version-history":[{"count":0,"href":"https:\/\/dailynewshungary.com\/it\/wp-json\/wp\/v2\/posts\/683208\/revisions"}],"wp:featuredmedia":[{"embeddable":true,"href":"https:\/\/dailynewshungary.com\/it\/wp-json\/wp\/v2\/media\/683209"}],"wp:attachment":[{"href":"https:\/\/dailynewshungary.com\/it\/wp-json\/wp\/v2\/media?parent=683208"}],"wp:term":[{"taxonomy":"category","embeddable":true,"href":"https:\/\/dailynewshungary.com\/it\/wp-json\/wp\/v2\/categories?post=683208"},{"taxonomy":"post_tag","embeddable":true,"href":"https:\/\/dailynewshungary.com\/it\/wp-json\/wp\/v2\/tags?post=683208"}],"curies":[{"name":"wp","href":"https:\/\/api.w.org\/{rel}","templated":true}]}}