{"id":683721,"date":"2023-03-17T07:35:36","date_gmt":"2023-03-17T06:35:36","guid":{"rendered":"https:\/\/dailynewshungary.com\/it\/e-necessaria-la-cooperazione-internazionale-per-combattere-il-traffico-di-esseri-umani-2\/"},"modified":"2023-03-17T07:35:36","modified_gmt":"2023-03-17T06:35:36","slug":"e-necessaria-la-cooperazione-internazionale-per-combattere-il-traffico-di-esseri-umani-2","status":"publish","type":"post","link":"https:\/\/dailynewshungary.com\/it\/e-necessaria-la-cooperazione-internazionale-per-combattere-il-traffico-di-esseri-umani-2\/","title":{"rendered":"\u00c8 necessaria la cooperazione internazionale per combattere il traffico di esseri umani"},"content":{"rendered":"<p><strong>La cooperazione internazionale \u00e8 l&#8217;unico modo in cui le forze dell&#8217;ordine europee possono intraprendere azioni efficaci contro i trafficanti di esseri umani, ha detto gioved\u00ec il principale consigliere per la sicurezza interna del primo ministro.<\/strong><\/p>\n<p>Poich\u00e9 i trafficanti di esseri umani operano all&#8217;interno di una rete internazionale, gli organismi di contrasto dell&#8217;UE come l&#8217;agenzia di frontiera Frontex svolgerebbero un ruolo chiave nel coordinare lo scambio di informazioni e condurre operazioni internazionali volte a eliminare le reti di trafficanti di esseri umani, ha detto Gy\u00f6rgy Bakondi al canale di notizie pubbliche M1.<\/p>\n<p>Ma finch\u00e9 la politica migratoria dell\u2019UE considerer\u00e0 la migrazione come un fenomeno positivo o qualcosa da sostenere, il blocco continuer\u00e0 ad attrarre reti di traffico di esseri umani, ha affermato.<\/p>\n<p>Le autorit\u00e0 ungheresi hanno impedito a pi\u00f9 di 20.000 persone di attraversare illegalmente il confine quest&#8217;anno, e hanno avviato procedimenti contro pi\u00f9 di 200 trafficanti di persone, ha detto Bakondi.<\/p>\n<p><a class=\"dnh-embed-link\" href=\"https:\/\/dailynewshungary.com\/it\/arrestati-gli-aggressori-tedeschi-della-vipera-antifa-2\/\"><\/a><\/p>\n<p><a class=\"dnh-embed-link\" href=\"https:\/\/dailynewshungary.com\/it\/arrestati-gli-aggressori-tedeschi-della-vipera-antifa-2\/\"><\/p>\n<div class=\"dnh-embed\">\n<div class=\"dnh-embed-thumb\"><img loading=\"lazy\" decoding=\"async\" width=\"332\" height=\"222\" src=\"https:\/\/contentf5.dailynewshungary.com\/wp-content\/uploads\/2023\/03\/Crime-332x222.jpg\" class=\"attachment-embed_thumbnail size-embed_thumbnail wp-post-image\" alt=\"Criminalit\u00e0\" srcset=\"https:\/\/contentf5.dailynewshungary.com\/wp-content\/uploads\/2023\/03\/Crime-332x222.jpg 332w, https:\/\/contentf5.dailynewshungary.com\/wp-content\/uploads\/2023\/03\/Crime-768x513.jpg 768w, https:\/\/contentf5.dailynewshungary.com\/wp-content\/uploads\/2023\/03\/Crime-248x166.jpg 248w, https:\/\/contentf5.dailynewshungary.com\/wp-content\/uploads\/2023\/03\/Crime-1030x688.jpg 1030w, https:\/\/contentf5.dailynewshungary.com\/wp-content\/uploads\/2023\/03\/Crime-218x146.jpg 218w, https:\/\/contentf5.dailynewshungary.com\/wp-content\/uploads\/2023\/03\/Crime-50x33.jpg 50w, https:\/\/contentf5.dailynewshungary.com\/wp-content\/uploads\/2023\/03\/Crime-112x75.jpg 112w, https:\/\/contentf5.dailynewshungary.com\/wp-content\/uploads\/2023\/03\/Crime.jpg 1366w\" sizes=\"auto, (max-width: 332px) 100vw, 332px\"><\/div>\n<h5 class=\"dnh-embed-title\"><span>Leggi anche<\/span>Arrestati gli aggressori tedeschi della vipera Antifa<\/h5>\n<\/div>\n<p><\/a><\/p>\n<p><a class=\"dnh-embed-link\" href=\"https:\/\/dailynewshungary.com\/it\/arrestati-gli-aggressori-tedeschi-della-vipera-antifa-2\/\"><\/a><\/p>\n","protected":false},"excerpt":{"rendered":"<p>La cooperazione internazionale \u00e8 l&#8217;unico modo in cui le forze dell&#8217;ordine europee possono intraprendere azioni efficaci contro i trafficanti di esseri umani, ha detto gioved\u00ec il principale consigliere per la sicurezza interna del primo ministro. Poich\u00e9 i trafficanti di esseri umani operano all&#8217;interno di una rete internazionale, gli organismi di contrasto dell&#8217;UE come l&#8217;agenzia di [&hellip;]<\/p>\n","protected":false},"author":33,"featured_media":683722,"comment_status":"open","ping_status":"open","sticky":false,"template":"","format":"standard","meta":{"_display_image":"yes","footnotes":""},"categories":[1190],"tags":[1361,1473,1291,1115,1069],"class_list":["post-683721","post","type-post","status-publish","format-standard","has-post-thumbnail","hentry","category-notizie-flash","tag-controllo-delle-frontiere-dellungheria","tag-legge","tag-migrazione","tag-polizia","tag-ungheria"],"blocksy_meta":[],"author_username":"ugyelet","telegram_post":"","public_post_metadata":{"breaking_news":"","important":"","csempe":"","center_tile":"","disable_thumbnail":"","target_lang":"","_featured_image_style":"hidden","telegram_post":"","_xlat_group_id":""},"public_rank_math_data":{"title":"%titolo% %sep% %nomesito%","description":"La cooperazione internazionale \u00e8 l\u2019unico modo in cui le forze dell\u2019ordine europee possono intraprendere azioni efficaci contro i trafficanti di esseri umani","focus_keyword":"contrabbando","canonical_url":"","robots":"","primary_category":"1190","breadcrumb_title":"","facebook_title":"","facebook_description":"","facebook_image":"","facebook_image_id":"","twitter_title":"","twitter_description":"","twitter_image":"","twitter_image_id":"","twitter_card_type":"","twitter_use_facebook":"","advanced_robots":"","pillar_content":"","seo_score":"52","contentai_score":"","rich_snippet":""},"_links":{"self":[{"href":"https:\/\/dailynewshungary.com\/it\/wp-json\/wp\/v2\/posts\/683721","targetHints":{"allow":["GET"]}}],"collection":[{"href":"https:\/\/dailynewshungary.com\/it\/wp-json\/wp\/v2\/posts"}],"about":[{"href":"https:\/\/dailynewshungary.com\/it\/wp-json\/wp\/v2\/types\/post"}],"author":[{"embeddable":true,"href":"https:\/\/dailynewshungary.com\/it\/wp-json\/wp\/v2\/users\/33"}],"replies":[{"embeddable":true,"href":"https:\/\/dailynewshungary.com\/it\/wp-json\/wp\/v2\/comments?post=683721"}],"version-history":[{"count":0,"href":"https:\/\/dailynewshungary.com\/it\/wp-json\/wp\/v2\/posts\/683721\/revisions"}],"wp:featuredmedia":[{"embeddable":true,"href":"https:\/\/dailynewshungary.com\/it\/wp-json\/wp\/v2\/media\/683722"}],"wp:attachment":[{"href":"https:\/\/dailynewshungary.com\/it\/wp-json\/wp\/v2\/media?parent=683721"}],"wp:term":[{"taxonomy":"category","embeddable":true,"href":"https:\/\/dailynewshungary.com\/it\/wp-json\/wp\/v2\/categories?post=683721"},{"taxonomy":"post_tag","embeddable":true,"href":"https:\/\/dailynewshungary.com\/it\/wp-json\/wp\/v2\/tags?post=683721"}],"curies":[{"name":"wp","href":"https:\/\/api.w.org\/{rel}","templated":true}]}}